{"id":31339,"date":"2023-08-25T11:55:31","date_gmt":"2023-08-25T14:55:31","guid":{"rendered":"https:\/\/www.infomoney.com.br\/?p=2225871"},"modified":"2023-08-25T11:55:31","modified_gmt":"2023-08-25T14:55:31","slug":"exercito-repudia-desvios-de-conduta-afirma-comandante","status":"publish","type":"post","link":"https:\/\/sindaopcpb.org.br\/index.php\/2023\/08\/25\/exercito-repudia-desvios-de-conduta-afirma-comandante\/","title":{"rendered":"Ex\u00e9rcito repudia desvios de conduta, afirma comandante"},"content":{"rendered":"<p><img loading=\"lazy\" width=\"300\" height=\"225\" src=\"https:\/\/www.infomoney.com.br\/wp-content\/uploads\/2023\/08\/dia-do-exercito_mcamgo_abr_190420231818-15.jpg?fit=300%2C225&amp;quality=70&amp;strip=all\" class=\"attachment-medium size-medium wp-post-image\" alt=\"\" decoding=\"async\" style=\"float:right; margin:0 0 10px 10px;\" srcset=\"https:\/\/www.infomoney.com.br\/wp-content\/uploads\/2023\/08\/dia-do-exercito_mcamgo_abr_190420231818-15.jpg?w=1024&amp;quality=70&amp;strip=all 1024w, https:\/\/www.infomoney.com.br\/wp-content\/uploads\/2023\/08\/dia-do-exercito_mcamgo_abr_190420231818-15.jpg?w=300&amp;quality=70&amp;strip=all 300w, https:\/\/www.infomoney.com.br\/wp-content\/uploads\/2023\/08\/dia-do-exercito_mcamgo_abr_190420231818-15.jpg?w=768&amp;quality=70&amp;strip=all 768w, https:\/\/www.infomoney.com.br\/wp-content\/uploads\/2023\/08\/dia-do-exercito_mcamgo_abr_190420231818-15.jpg?w=150&amp;quality=70&amp;strip=all 150w\" sizes=\"auto, (max-width: 300px) 100vw, 300px\" data-attachment-id=\"2221666\" data-permalink=\"https:\/\/www.infomoney.com.br\/politica\/comandante-do-exercito-diz-que-forca-deve-se-pautar-por-legalidade-e-manter-coesao\/attachment\/dia-do-exercito_mcamgo_abr_190420231818-15\/\" data-orig-file=\"https:\/\/www.infomoney.com.br\/wp-content\/uploads\/2023\/08\/dia-do-exercito_mcamgo_abr_190420231818-15.jpg?fit=1024%2C768&amp;quality=70&amp;strip=all\" data-orig-size=\"1024,768\" data-comments-opened=\"0\" data-image-meta=\"{&quot;aperture&quot;:&quot;4&quot;,&quot;credit&quot;:&quot;Marcelo Camargo\\\/Ag\\u00eancia Brasil&quot;,&quot;camera&quot;:&quot;NIKON D4&quot;,&quot;caption&quot;:&quot;Bras\\u00edlia (DF), 19\\\/04\\\/2023 - O comandante do Ex\\u00e9rcito, General Tom\\u00e1s Paiva, durante cerim\\u00f4nia comemorativa do Dia do Ex\\u00e9rcito, no Quartel-General do Ex\\u00e9rcito, em Bras\\u00edlia. Foto: Marcelo Camargo\\\/Ag\\u00eancia Brasil&quot;,&quot;created_timestamp&quot;:&quot;1681901076&quot;,&quot;copyright&quot;:&quot;Ag\\u00eancia Brasil\\\/EBC&quot;,&quot;focal_length&quot;:&quot;600&quot;,&quot;iso&quot;:&quot;320&quot;,&quot;shutter_speed&quot;:&quot;0.00125&quot;,&quot;title&quot;:&quot;&quot;,&quot;orientation&quot;:&quot;0&quot;}\" data-image-title=\"dia-do-exercito_mcamgo_abr_190420231818-15\" data-image-description=\"\" data-image-caption=\"&lt;p&gt;Bras\u00edlia (DF), 19\/04\/2023 &#8211; O comandante do Ex\u00e9rcito, General Tom\u00e1s Paiva, durante cerim\u00f4nia comemorativa do Dia do Ex\u00e9rcito, no Quartel-General do Ex\u00e9rcito, em Bras\u00edlia. Foto: Marcelo Camargo\/Ag\u00eancia Brasil&lt;\/p&gt;\n\" data-medium-file=\"https:\/\/www.infomoney.com.br\/wp-content\/uploads\/2023\/08\/dia-do-exercito_mcamgo_abr_190420231818-15.jpg?fit=300%2C225&amp;quality=70&amp;strip=all\" data-large-file=\"https:\/\/www.infomoney.com.br\/wp-content\/uploads\/2023\/08\/dia-do-exercito_mcamgo_abr_190420231818-15.jpg?fit=1024%2C768&amp;quality=70&amp;strip=all\" title=\"\"><\/p>\n<p>O comandante do Ex&eacute;rcito, general Tom&aacute;s Ribeiro Paiva, afirmou, nesta sexta-feira (25), que a For&ccedil;a repudia e corrige &ldquo;eventuais desvios de conduta&rdquo;. Segundo o comandante, tais &ldquo;desvios&rdquo; n&atilde;o combinam com a miss&atilde;o constitucional da tropa.<\/p>\n<p>&ldquo;Meus comandados, guiados pelo esp&iacute;rito de servir &agrave; p&aacute;tria, voc&ecirc;s s&atilde;o os fi&eacute;is deposit&aacute;rios da confian&ccedil;a dos brasileiros. [Confian&ccedil;a] que s&oacute; foi obtida pela dedica&ccedil;&atilde;o extrema ao cumprimento da miss&atilde;o constitucional e pelo absoluto respeito a princ&iacute;pios &eacute;ticos e valores morais&rdquo;, discursou o comandante, durante a cerim&ocirc;nia alusiva ao Dia do Soldado, que acontece esta manh&atilde;, no Quartel General do Ex&eacute;rcito, em Bras&iacute;lia.<\/p>\n<p>&ldquo;Este comportamento coletivo n&atilde;o se coaduna com eventuais desvios de conduta que s&atilde;o repudiados e corrigidos a exemplo do que sempre fez Caxias, forjador do car&aacute;ter militar brasileiro [&hellip;] Formamos uma institui&ccedil;&atilde;o que se orgulha, ao lado da Marinha e da For&ccedil;a A&eacute;rea, de ter a grande responsabilidade de defender a nossa p&aacute;tria&rdquo;, acrescentou Paiva ao invocar a figura do patrono do Ex&eacute;rcito, Lu&iacute;s Alves de Lima e Silva, o Duque de Caxias.<\/p>\n<p>&ldquo;Caxias sempre advogou que a verdadeira bravura do soldado &eacute; nobre, generosa e respeitadora do princ&iacute;pio da humanidade. Desta forma, estendeu em todas as contendas internas o manto da reconcilia&ccedil;&atilde;o e do perd&atilde;o aos irm&atilde;os brasileiros vencidos. Reconhecendo o perigo que rondava o Imp&eacute;rio na consolida&ccedil;&atilde;o de nossas fronteiras, exortou os revoltosos farroupilhas: &ldquo;Abracemo-nos e unamo-nos para marchar n&atilde;o peito a peito, mas ombro a ombro em defesa da p&aacute;tria, que &eacute; nossa m&atilde;e comum&rdquo;, comentou o comandante, destacando que o Ex&eacute;rcito tem &ldquo;novos desafios&rdquo; a superar e que compete aos militares atuar de forma &ldquo;intransigente&rdquo; em defesa da legalidade, da democracia e da p&aacute;tria.<\/p>\n<p>Participam da cerim&ocirc;nia do Dia do Soldado o presidente da Rep&uacute;blica em exerc&iacute;cio, Geraldo Alckmin, al&eacute;m de outras autoridades, como o ministro da Defesa, Jos&eacute; M&uacute;cio Monteiro; o presidente do Tribunal Superior Eleitoral (TSE), Alexandre de Moraes, e parlamentares.<\/p>\n<\/p>\n<div class=\"cta-end\">\n<div class=\"im-cta\" >\n<div class=\"im-shortcode-forms bg-light bg-opacity-25 border rounded-4 p-3 p-sm-4 p-md-3 p-lg-4 px-xxl-5 my-5\" data-configuration='{\"form_name\":false,\"form_hat\":\"Newsletter\",\"form_email\":true,\"form_icon\":\"newsletter\",\"form_phone\":false,\"form_campaign\":\"NIM\",\"form_thankyou\":\"\",\"form_journey\":\"APIEvent-26a5198d-8e09-06ef-5f80-cd9127757ad1\",\"form_button\":\"Quero receber\",\"form_context\":\"newsletter\",\"form_origin\":\"https:\\\/\\\/www.infomoney.com.br\\\/politica\\\/feed\\\/?utm_medium=materia&#038;utm_source=infomoney&#038;utm_campaign=NIM&#038;utm_term=politica&#038;utm_content=newsletter\",\"form_position\":\"final\",\"form_category\":\"cta_form\"}'>\n<div class=\"d-flex flex-column align-items-center align-items-lg-start mb-4 flex-lg-row\">\n<div class=\"rounded-circle mb-2 mb-lg-0 mr-lg-4 me-lg-4 p-3 p-lg-4 bg-blue-400\"><svg width=\"40\" height=\"40\" viewBox=\"0 0 40 40\" fill=\"none\" xmlns=\"http:\/\/www.w3.org\/2000\/svg\"><path d=\"M20 20.25 6.042 11.042v19.041c0 .167.048.299.146.396a.535.535 0 0 0 .395.146h15.792V32.5H6.583a2.328 2.328 0 0 1-1.708-.708 2.328 2.328 0 0 1-.708-1.709V9.917c0-.667.236-1.236.708-1.709A2.328 2.328 0 0 1 6.583 7.5h26.834c.666 0 1.236.236 1.708.708a2.33 2.33 0 0 1 .708 1.709v12.458h-1.875V11.042L20 20.25Zm0-2 13.667-8.875H6.333L20 18.25Zm11.75 18.958-1.292-1.333 3.334-3.375h-9v-1.875h9l-3.375-3.417 1.333-1.291 5.667 5.625-5.667 5.666ZM6.042 11.042v20.791-9.458.25-13.25 1.667Z\" fill=\"#fff\"\/><\/svg><\/div>\n<div class=\"flex-fill text-center text-lg-left\">\n<div class=\"h6 small text-orange-700 lh-base mb-1\">Newsletter<\/div>\n<div class=\"text-body h4 m-0\">Infomorning<\/div>\n<div class=\"text-body small lh-base mt-2\">Receba no seu e-mail logo pela manh&atilde; as not&iacute;cias que v&atilde;o mexer com os mercados, com os seus investimentos e o seu bolso durante o dia<\/div>\n<\/div>\n<\/div>\n<\/div>\n<\/div>\n<\/div>\n<p>The post <a rel=\"nofollow noopener\" href=\"https:\/\/www.infomoney.com.br\/politica\/exercito-repudia-desvios-de-conduta-afirma-comandante\/\" target=\"_blank\">Ex\u00e9rcito repudia desvios de conduta, afirma comandante<\/a> appeared first on <a rel=\"nofollow noopener\" href=\"https:\/\/www.infomoney.com.br\/\" target=\"_blank\">InfoMoney<\/a>.<\/p>\n","protected":false},"excerpt":{"rendered":"<p><img loading=\"lazy\" decoding=\"async\" width=\"300\" height=\"225\" src=\"https:\/\/www.infomoney.com.br\/wp-content\/uploads\/2023\/08\/dia-do-exercito_mcamgo_abr_190420231818-15.jpg?fit=300%2C225&amp;quality=70&amp;strip=all\" class=\"attachment-medium size-medium wp-post-image\" alt=\"\" data-attachment-id=\"2221666\" data-permalink=\"https:\/\/www.infomoney.com.br\/politica\/comandante-do-exercito-diz-que-forca-deve-se-pautar-por-legalidade-e-manter-coesao\/attachment\/dia-do-exercito_mcamgo_abr_190420231818-15\/\" data-orig-file=\"https:\/\/www.infomoney.com.br\/wp-content\/uploads\/2023\/08\/dia-do-exercito_mcamgo_abr_190420231818-15.jpg?fit=1024%2C768&amp;quality=70&amp;strip=all\" data-orig-size=\"1024,768\" data-comments-opened=\"0\" data-image-meta='{\"aperture\":\"4\",\"credit\":\"Marcelo Camargo\\\/Ag\\u00eancia Brasil\",\"camera\":\"NIKON D4\",\"caption\":\"Bras\\u00edlia (DF), 19\\\/04\\\/2023 - O comandante do Ex\\u00e9rcito, General Tom\\u00e1s Paiva, durante cerim\\u00f4nia comemorativa do Dia do Ex\\u00e9rcito, no Quartel-General do Ex\\u00e9rcito, em Bras\\u00edlia. Foto: Marcelo Camargo\\\/Ag\\u00eancia Brasil\",\"created_timestamp\":\"1681901076\",\"copyright\":\"Ag\\u00eancia Brasil\\\/EBC\",\"focal_length\":\"600\",\"iso\":\"320\",\"shutter_speed\":\"0.00125\",\"title\":\"\",\"orientation\":\"0\"}' data-image-title=\"dia-do-exercito_mcamgo_abr_190420231818-15\" data-image-description=\"\" data-image-caption=\"&lt;p&gt;Bras\u00edlia (DF), 19\/04\/2023 \u2013 O comandante do Ex\u00e9rcito, General Tom\u00e1s Paiva, durante cerim\u00f4nia comemorativa do Dia do Ex\u00e9rcito, no Quartel-General do Ex\u00e9rcito, em Bras\u00edlia. Foto: Marcelo Camargo\/Ag\u00eancia Brasil&lt;\/p&gt;\n\" data-medium-file=\"https:\/\/www.infomoney.com.br\/wp-content\/uploads\/2023\/08\/dia-do-exercito_mcamgo_abr_190420231818-15.jpg?fit=300%2C225&amp;quality=70&amp;strip=all\" data-large-file=\"https:\/\/www.infomoney.com.br\/wp-content\/uploads\/2023\/08\/dia-do-exercito_mcamgo_abr_190420231818-15.jpg?fit=1024%2C768&amp;quality=70&amp;strip=all\">Declara\u00e7\u00e3o \u00e9 feita hoje em homenagem ao Dia do Soldado<\/p>\n<p>The post <a rel=\"nofollow\" href=\"https:\/\/www.infomoney.com.br\/politica\/exercito-repudia-desvios-de-conduta-afirma-comandante\/\">Ex\u00e9rcito repudia desvios de conduta, afirma comandante<\/a> appeared first on <a rel=\"nofollow\" href=\"https:\/\/www.infomoney.com.br\/\">InfoMoney<\/a>.<\/p>\n","protected":false},"author":44,"featured_media":0,"comment_status":"closed","ping_status":"closed","sticky":false,"template":"","format":"standard","meta":{"advgb_blocks_editor_width":"","advgb_blocks_columns_visual_guide":"","footnotes":""},"categories":[1145,6240,34,488,47],"tags":[35],"class_list":["post-31339","post","type-post","status-publish","format-standard","hentry","category-exercito","category-forcas-armadas","category-g1","category-ministerio-da-defesa","category-politica","tag-g1"],"author_meta":{"display_name":"Ag\u00eancia Brasil","author_link":"https:\/\/sindaopcpb.org.br\/author\/agencia-brasil\/"},"featured_img":null,"coauthors":[],"tax_additional":{"categories":{"linked":["<a href=\"https:\/\/sindaopcpb.org.br\/exercito\/\" class=\"advgb-post-tax-term\">Ex\u00e9rcito<\/a>","<a href=\"https:\/\/sindaopcpb.org.br\/forcas-armadas\/\" class=\"advgb-post-tax-term\">For\u00e7as Armadas<\/a>","<a href=\"https:\/\/sindaopcpb.org.br\/g1\/\" class=\"advgb-post-tax-term\">G1<\/a>","<a href=\"https:\/\/sindaopcpb.org.br\/ministerio-da-defesa\/\" class=\"advgb-post-tax-term\">Minist\u00e9rio da Defesa<\/a>","<a href=\"https:\/\/sindaopcpb.org.br\/politica\/\" class=\"advgb-post-tax-term\">POLITICA<\/a>"],"unlinked":["<span class=\"advgb-post-tax-term\">Ex\u00e9rcito<\/span>","<span class=\"advgb-post-tax-term\">For\u00e7as Armadas<\/span>","<span class=\"advgb-post-tax-term\">G1<\/span>","<span class=\"advgb-post-tax-term\">Minist\u00e9rio da Defesa<\/span>","<span class=\"advgb-post-tax-term\">POLITICA<\/span>"]},"tags":{"linked":["<a href=\"https:\/\/sindaopcpb.org.br\/politica\/\" class=\"advgb-post-tax-term\">g1<\/a>"],"unlinked":["<span class=\"advgb-post-tax-term\">g1<\/span>"]}},"comment_count":"0","relative_dates":{"created":"Publicado 3 anos atr\u00e1s","modified":"Atualizado 3 anos atr\u00e1s"},"absolute_dates":{"created":"Publicado em 25 de agosto de 2023","modified":"Atualizado em 25 de agosto de 2023"},"absolute_dates_time":{"created":"Publicado em 25 de agosto de 2023 11:55","modified":"Atualizado em 25 de agosto de 2023 11:55"},"featured_img_caption":"","series_order":"","_links":{"self":[{"href":"https:\/\/sindaopcpb.org.br\/index.php\/wp-json\/wp\/v2\/posts\/31339","targetHints":{"allow":["GET"]}}],"collection":[{"href":"https:\/\/sindaopcpb.org.br\/index.php\/wp-json\/wp\/v2\/posts"}],"about":[{"href":"https:\/\/sindaopcpb.org.br\/index.php\/wp-json\/wp\/v2\/types\/post"}],"author":[{"embeddable":true,"href":"https:\/\/sindaopcpb.org.br\/index.php\/wp-json\/wp\/v2\/users\/44"}],"replies":[{"embeddable":true,"href":"https:\/\/sindaopcpb.org.br\/index.php\/wp-json\/wp\/v2\/comments?post=31339"}],"version-history":[{"count":1,"href":"https:\/\/sindaopcpb.org.br\/index.php\/wp-json\/wp\/v2\/posts\/31339\/revisions"}],"predecessor-version":[{"id":31340,"href":"https:\/\/sindaopcpb.org.br\/index.php\/wp-json\/wp\/v2\/posts\/31339\/revisions\/31340"}],"wp:attachment":[{"href":"https:\/\/sindaopcpb.org.br\/index.php\/wp-json\/wp\/v2\/media?parent=31339"}],"wp:term":[{"taxonomy":"category","embeddable":true,"href":"https:\/\/sindaopcpb.org.br\/index.php\/wp-json\/wp\/v2\/categories?post=31339"},{"taxonomy":"post_tag","embeddable":true,"href":"https:\/\/sindaopcpb.org.br\/index.php\/wp-json\/wp\/v2\/tags?post=31339"}],"curies":[{"name":"wp","href":"https:\/\/api.w.org\/{rel}","templated":true}]}}