{"id":31327,"date":"2023-08-25T11:26:45","date_gmt":"2023-08-25T14:26:45","guid":{"rendered":"https:\/\/g1.globo.com\/pb\/paraiba\/la-vem-o-enem\/2023\/noticia\/2023\/08\/25\/la-vem-o-enem-questoes-testam-conhecimentos-sobre-funcoes-de-linguagem.ghtml"},"modified":"2023-08-25T11:26:45","modified_gmt":"2023-08-25T14:26:45","slug":"la-vem-o-enem-questoes-testam-conhecimentos-sobre-funcoes-de-linguagem","status":"publish","type":"post","link":"https:\/\/sindaopcpb.org.br\/index.php\/2023\/08\/25\/la-vem-o-enem-questoes-testam-conhecimentos-sobre-funcoes-de-linguagem\/","title":{"rendered":"L\u00e1 Vem o Enem: quest\u00f5es testam conhecimentos sobre fun\u00e7\u00f5es de linguagem"},"content":{"rendered":"   <img src=\"https:\/\/s2.glbimg.com\/mPVmnW-vOn8uT88BcsfE5g9rFLA=\/i.s3.glbimg.com\/v1\/AUTH_59edd422c0c84a879bd37670ae4f538a\/internal_photos\/bs\/2021\/s\/A\/cWVnLWQXiHiMonOaTnNg\/cref.png\" \/><br \/>     Teste foi elaborado com a sele\u00e7\u00e3o de quest\u00f5es feitas pelo professor Rodrigo Sales. Quest\u00f5es testam conhecimentos sobre fun\u00e7\u00f5es de linguagem\nDivulga\u00e7\u00e3o\/CREF10\nO professor Rodrigo Sales selecionou quest\u00f5es para os estudantes que est\u00e3o na expectativa para o Exame Nacional do Ensino M\u00e9dio (Enem) 2023. As perguntas s\u00e3o relacionadas \u00e0s fun\u00e7\u00f5es de linguagem. Este assunto pode ser cobrado no primeiro dia de aplica\u00e7\u00e3o das provas do Enem, em 5 de novembro.\nAcompanhe tudo sobre o Enem 2023\n\ud83d\udcf1 Compartilhe pelo Whatsapp\nEm uma videoaula, a professora \u00c9rika Leal explicou que o candidato precisa estar atento \u00e0 intencionalidade dos textos da prova. Para isso, \u00e9 necess\u00e1rio conhecer as fun\u00e7\u00f5es de linguagem, que s\u00e3o seis:\nEmotiva ou expressiva\nConativa ou apelativa\nF\u00e1tica\nReferencial\nMetalingu\u00edstica\nPo\u00e9tica\nConfira o v\u00eddeo, no site L\u00e1 Vem o Enem, para se preparar melhor e testar seus conhecimentos sobre o tema.\nFa\u00e7a o teste:\nL\u00e1 Vem o Enem: quest\u00f5es testam conhecimentos sobre fun\u00e7\u00f5es de linguagem \nV\u00cdDEOS: L\u00e1 Vem o Enem 2023  ","protected":false},"excerpt":{"rendered":"<p>        Teste foi elaborado com a sele\u00e7\u00e3o de quest\u00f5es feitas pelo professor Rodrigo Sales. Quest\u00f5es testam conhecimentos sobre fun\u00e7\u00f5es de linguagem<br \/>\nDivulga\u00e7\u00e3o\/CREF10<br \/>\nO professor Rodrigo Sales selecionou quest\u00f5es para os estudantes que est\u00e3o na expectat&#8230;<\/p>\n","protected":false},"author":2,"featured_media":0,"comment_status":"closed","ping_status":"closed","sticky":false,"template":"","format":"standard","meta":{"advgb_blocks_editor_width":"","advgb_blocks_columns_visual_guide":"","footnotes":""},"categories":[34],"tags":[35],"class_list":["post-31327","post","type-post","status-publish","format-standard","hentry","category-g1","tag-g1"],"author_meta":{"display_name":"g1 &gt; Para\u00edba","author_link":"https:\/\/sindaopcpb.org.br\/author\/g1-paraiba\/"},"featured_img":null,"coauthors":[],"tax_additional":{"categories":{"linked":["<a href=\"https:\/\/sindaopcpb.org.br\/g1\/\" class=\"advgb-post-tax-term\">G1<\/a>"],"unlinked":["<span class=\"advgb-post-tax-term\">G1<\/span>"]},"tags":{"linked":["<a href=\"https:\/\/sindaopcpb.org.br\/g1\/\" class=\"advgb-post-tax-term\">g1<\/a>"],"unlinked":["<span class=\"advgb-post-tax-term\">g1<\/span>"]}},"comment_count":"0","relative_dates":{"created":"Publicado 3 anos atr\u00e1s","modified":"Atualizado 3 anos atr\u00e1s"},"absolute_dates":{"created":"Publicado em 25 de agosto de 2023","modified":"Atualizado em 25 de agosto de 2023"},"absolute_dates_time":{"created":"Publicado em 25 de agosto de 2023 11:26","modified":"Atualizado em 25 de agosto de 2023 11:26"},"featured_img_caption":"","series_order":"","_links":{"self":[{"href":"https:\/\/sindaopcpb.org.br\/index.php\/wp-json\/wp\/v2\/posts\/31327","targetHints":{"allow":["GET"]}}],"collection":[{"href":"https:\/\/sindaopcpb.org.br\/index.php\/wp-json\/wp\/v2\/posts"}],"about":[{"href":"https:\/\/sindaopcpb.org.br\/index.php\/wp-json\/wp\/v2\/types\/post"}],"author":[{"embeddable":true,"href":"https:\/\/sindaopcpb.org.br\/index.php\/wp-json\/wp\/v2\/users\/2"}],"replies":[{"embeddable":true,"href":"https:\/\/sindaopcpb.org.br\/index.php\/wp-json\/wp\/v2\/comments?post=31327"}],"version-history":[{"count":2,"href":"https:\/\/sindaopcpb.org.br\/index.php\/wp-json\/wp\/v2\/posts\/31327\/revisions"}],"predecessor-version":[{"id":31358,"href":"https:\/\/sindaopcpb.org.br\/index.php\/wp-json\/wp\/v2\/posts\/31327\/revisions\/31358"}],"wp:attachment":[{"href":"https:\/\/sindaopcpb.org.br\/index.php\/wp-json\/wp\/v2\/media?parent=31327"}],"wp:term":[{"taxonomy":"category","embeddable":true,"href":"https:\/\/sindaopcpb.org.br\/index.php\/wp-json\/wp\/v2\/categories?post=31327"},{"taxonomy":"post_tag","embeddable":true,"href":"https:\/\/sindaopcpb.org.br\/index.php\/wp-json\/wp\/v2\/tags?post=31327"}],"curies":[{"name":"wp","href":"https:\/\/api.w.org\/{rel}","templated":true}]}}