{"id":31292,"date":"2023-08-25T07:44:28","date_gmt":"2023-08-25T10:44:28","guid":{"rendered":"https:\/\/wpa.wscom.com.br\/?p=919683"},"modified":"2023-08-25T07:44:28","modified_gmt":"2023-08-25T10:44:28","slug":"carreta-tomba-no-viaduto-de-oitizeiro-e-causa-congestionamento-na-br-230","status":"publish","type":"post","link":"https:\/\/sindaopcpb.org.br\/index.php\/2023\/08\/25\/carreta-tomba-no-viaduto-de-oitizeiro-e-causa-congestionamento-na-br-230\/","title":{"rendered":"Carreta tomba no viaduto de Oitizeiro e causa congestionamento na BR-230"},"content":{"rendered":"<p>&nbsp;<\/p>\n<p>&nbsp;<\/p>\n<p>Um acidente envolvendo o tombamento de uma carreta ocorreu na manh\u00e3 desta sexta-feira (25) no viaduto de Oitizeiro, na BR-230, em Jo\u00e3o Pessoa. O incidente aconteceu no sentido Jo\u00e3o Pessoa para Campina Grande, em uma das al\u00e7as do viaduto, resultando em congestionamento na rodovia.<\/p>\n<p>De acordo com informa\u00e7\u00f5es da Pol\u00edcia Rodovi\u00e1ria Federal (PRF), o motorista da carreta, identificado como Marcos Andr\u00e9 da Silva, relatou que n\u00e3o estava em alta velocidade e saiu da curva, o que levou ao tombamento do ve\u00edculo devido ao peso do cont\u00eainer de madeira que transportava. O motorista sofreu apenas escoria\u00e7\u00f5es leves no corpo.<\/p>\n<p>A PRF est\u00e1 investigando as poss\u00edveis causas do acidente, incluindo falhas mec\u00e2nicas ou humanas. N\u00e3o h\u00e1 registros de outras pessoas feridas no acidente. O tr\u00e1fego no local foi afetado, com uma das faixas interditadas devido \u00e0 presen\u00e7a da carreta no viaduto. O congestionamento se formou devido \u00e0 interdi\u00e7\u00e3o parcial da rodovia, afetando o fluxo de ve\u00edculos no acesso ao viaduto.<\/p>\n<p>A carreta, que pertence a uma empresa de log\u00edstica de Pernambuco e estava carregada com artefatos de madeira (portas e janelas), saiu do porto de Suape com destino a Esperan\u00e7a. Os servi\u00e7os m\u00e9dicos do Samu prestaram os primeiros socorros ao motorista no local do acidente.<\/p>\n<p>A remo\u00e7\u00e3o da carreta e a normaliza\u00e7\u00e3o do tr\u00e1fego s\u00e3o esperadas at\u00e9 as 12h, de acordo com a pol\u00edcia.<\/p>\n<p>O post <a rel=\"nofollow noopener\" href=\"https:\/\/wscom.com.br\/carreta-tomba-em-viaduto-de-oitizeiro-e-causa-congestionamento-na-br-230\/\" target=\"_blank\">Carreta tomba no viaduto de Oitizeiro e causa congestionamento na BR-230<\/a> apareceu primeiro em <a rel=\"nofollow noopener\" href=\"https:\/\/wscom.com.br\/\" target=\"_blank\">WSCOM<\/a>.<\/p>\n","protected":false},"excerpt":{"rendered":"<p>\u00a0 \u00a0 Um acidente envolvendo o tombamento de uma carreta ocorreu na manh\u00e3 desta sexta-feira (25) no viaduto de Oitizeiro, na BR-230, em Jo\u00e3o Pessoa. O incidente aconteceu no sentido Jo\u00e3o Pessoa para Campina Grande, em uma das al\u00e7as do viaduto, resultando em congestionamento na rodovia. De acordo com informa\u00e7\u00f5es da Pol\u00edcia Rodovi\u00e1ria Federal (PRF), [\u2026]<\/p>\n<p>O post <a rel=\"nofollow\" href=\"https:\/\/wscom.com.br\/carreta-tomba-em-viaduto-de-oitizeiro-e-causa-congestionamento-na-br-230\/\">Carreta tomba no viaduto de Oitizeiro e causa congestionamento na BR-230<\/a> apareceu primeiro em <a rel=\"nofollow\" href=\"https:\/\/wscom.com.br\/\">WSCOM<\/a>.<\/p>\n","protected":false},"author":42,"featured_media":0,"comment_status":"closed","ping_status":"closed","sticky":false,"template":"","format":"standard","meta":{"advgb_blocks_editor_width":"","advgb_blocks_columns_visual_guide":"","footnotes":""},"categories":[6259,2870,34,8192,54,8193,794,3341],"tags":[35],"class_list":["post-31292","post","type-post","status-publish","format-standard","hentry","category-carreta","category-congestionamento","category-g1","category-oitizeiro","category-paraiba","category-tombamento","category-transito","category-viaduto","tag-g1"],"author_meta":{"display_name":"Rafael Andrade","author_link":"https:\/\/sindaopcpb.org.br\/author\/rafael-andrade\/"},"featured_img":null,"coauthors":[],"tax_additional":{"categories":{"linked":["<a href=\"https:\/\/sindaopcpb.org.br\/carreta\/\" class=\"advgb-post-tax-term\">Carreta<\/a>","<a href=\"https:\/\/sindaopcpb.org.br\/congestionamento\/\" class=\"advgb-post-tax-term\">Congestionamento<\/a>","<a href=\"https:\/\/sindaopcpb.org.br\/g1\/\" class=\"advgb-post-tax-term\">G1<\/a>","<a href=\"https:\/\/sindaopcpb.org.br\/oitizeiro\/\" class=\"advgb-post-tax-term\">oitizeiro<\/a>","<a href=\"https:\/\/sindaopcpb.org.br\/paraiba\/\" class=\"advgb-post-tax-term\">Para\u00edba<\/a>","<a href=\"https:\/\/sindaopcpb.org.br\/tombamento\/\" class=\"advgb-post-tax-term\">tombamento<\/a>","<a href=\"https:\/\/sindaopcpb.org.br\/transito\/\" class=\"advgb-post-tax-term\">tr\u00e2nsito<\/a>","<a href=\"https:\/\/sindaopcpb.org.br\/viaduto\/\" class=\"advgb-post-tax-term\">viaduto<\/a>"],"unlinked":["<span class=\"advgb-post-tax-term\">Carreta<\/span>","<span class=\"advgb-post-tax-term\">Congestionamento<\/span>","<span class=\"advgb-post-tax-term\">G1<\/span>","<span class=\"advgb-post-tax-term\">oitizeiro<\/span>","<span class=\"advgb-post-tax-term\">Para\u00edba<\/span>","<span class=\"advgb-post-tax-term\">tombamento<\/span>","<span class=\"advgb-post-tax-term\">tr\u00e2nsito<\/span>","<span class=\"advgb-post-tax-term\">viaduto<\/span>"]},"tags":{"linked":["<a href=\"https:\/\/sindaopcpb.org.br\/viaduto\/\" class=\"advgb-post-tax-term\">g1<\/a>"],"unlinked":["<span class=\"advgb-post-tax-term\">g1<\/span>"]}},"comment_count":"0","relative_dates":{"created":"Publicado 3 anos atr\u00e1s","modified":"Atualizado 3 anos atr\u00e1s"},"absolute_dates":{"created":"Publicado em 25 de agosto de 2023","modified":"Atualizado em 25 de agosto de 2023"},"absolute_dates_time":{"created":"Publicado em 25 de agosto de 2023 07:44","modified":"Atualizado em 25 de agosto de 2023 07:44"},"featured_img_caption":"","series_order":"","_links":{"self":[{"href":"https:\/\/sindaopcpb.org.br\/index.php\/wp-json\/wp\/v2\/posts\/31292","targetHints":{"allow":["GET"]}}],"collection":[{"href":"https:\/\/sindaopcpb.org.br\/index.php\/wp-json\/wp\/v2\/posts"}],"about":[{"href":"https:\/\/sindaopcpb.org.br\/index.php\/wp-json\/wp\/v2\/types\/post"}],"author":[{"embeddable":true,"href":"https:\/\/sindaopcpb.org.br\/index.php\/wp-json\/wp\/v2\/users\/42"}],"replies":[{"embeddable":true,"href":"https:\/\/sindaopcpb.org.br\/index.php\/wp-json\/wp\/v2\/comments?post=31292"}],"version-history":[{"count":1,"href":"https:\/\/sindaopcpb.org.br\/index.php\/wp-json\/wp\/v2\/posts\/31292\/revisions"}],"predecessor-version":[{"id":31293,"href":"https:\/\/sindaopcpb.org.br\/index.php\/wp-json\/wp\/v2\/posts\/31292\/revisions\/31293"}],"wp:attachment":[{"href":"https:\/\/sindaopcpb.org.br\/index.php\/wp-json\/wp\/v2\/media?parent=31292"}],"wp:term":[{"taxonomy":"category","embeddable":true,"href":"https:\/\/sindaopcpb.org.br\/index.php\/wp-json\/wp\/v2\/categories?post=31292"},{"taxonomy":"post_tag","embeddable":true,"href":"https:\/\/sindaopcpb.org.br\/index.php\/wp-json\/wp\/v2\/tags?post=31292"}],"curies":[{"name":"wp","href":"https:\/\/api.w.org\/{rel}","templated":true}]}}