{"id":31290,"date":"2023-08-25T08:03:45","date_gmt":"2023-08-25T11:03:45","guid":{"rendered":"https:\/\/wpa.wscom.com.br\/?p=919687"},"modified":"2023-08-25T08:03:45","modified_gmt":"2023-08-25T11:03:45","slug":"homem-e-preso-por-assassinar-morador-de-rua-a-pedradas-em-rio-tinto","status":"publish","type":"post","link":"https:\/\/sindaopcpb.org.br\/index.php\/2023\/08\/25\/homem-e-preso-por-assassinar-morador-de-rua-a-pedradas-em-rio-tinto\/","title":{"rendered":"Homem \u00e9 preso por assassinar morador de rua a pedradas em Rio Tinto"},"content":{"rendered":"<p>&nbsp;<\/p>\n<p>&nbsp;<\/p>\n<p>Um homem foi preso pela pol\u00edcia na manh\u00e3 de sexta-feira (25) acusado de assassinar um morador de rua no munic\u00edpio de Rio Tinto. O crime ocorreu em 22 de julho e a v\u00edtima foi morta a pedradas. O suspeito, conhecido como &#8216;Isneido&#8217;, foi detido ap\u00f3s confessar o crime durante um interrogat\u00f3rio conduzido pela Pol\u00edcia Civil.<\/p>\n<p>De acordo com a investiga\u00e7\u00e3o conduzida pela delegacia seccional de Mamanguape, o assassinato aconteceu enquanto a v\u00edtima, identificada como &#8216;Luis&#8217;, estava dormindo em um beco pr\u00f3ximo ao mercado p\u00fablico de Rio Tinto. O motivo do crime foi uma desaven\u00e7a entre o acusado e a v\u00edtima.<\/p>\n<p>O morador de rua foi agredido com pedradas durante a feira livre e chegou a ser socorrido pelo Servi\u00e7o de Atendimento M\u00f3vel de Urg\u00eancia (Samu). No entanto, devido \u00e0 gravidade dos ferimentos, ele n\u00e3o sobreviveu e faleceu no dia seguinte ao ataque.<\/p>\n<p>O suspeito foi encaminhado \u00e0 carceragem da delegacia de Mamanguape, onde aguardar\u00e1 audi\u00eancia de cust\u00f3dia.<\/p>\n<p>O post <a rel=\"nofollow noopener\" href=\"https:\/\/wscom.com.br\/homem-e-preso-por-assassinar-de-morador-de-rua-a-pedradas-em-rio-tinto\/\" target=\"_blank\">Homem \u00e9 preso por assassinar morador de rua a pedradas em Rio Tinto<\/a> apareceu primeiro em <a rel=\"nofollow noopener\" href=\"https:\/\/wscom.com.br\/\" target=\"_blank\">WSCOM<\/a>.<\/p>\n","protected":false},"excerpt":{"rendered":"<p>\u00a0 \u00a0 Um homem foi preso pela pol\u00edcia na manh\u00e3 de sexta-feira (25) acusado de assassinar um morador de rua no munic\u00edpio de Rio Tinto. O crime ocorreu em 22 de julho e a v\u00edtima foi morta a pedradas. O suspeito, conhecido como \u2018Isneido\u2019, foi detido ap\u00f3s confessar o crime durante um interrogat\u00f3rio conduzido pela [\u2026]<\/p>\n<p>O post <a rel=\"nofollow\" href=\"https:\/\/wscom.com.br\/homem-e-preso-por-assassinar-de-morador-de-rua-a-pedradas-em-rio-tinto\/\">Homem \u00e9 preso por assassinar morador de rua a pedradas em Rio Tinto<\/a> apareceu primeiro em <a rel=\"nofollow\" href=\"https:\/\/wscom.com.br\/\">WSCOM<\/a>.<\/p>\n","protected":false},"author":42,"featured_media":0,"comment_status":"closed","ping_status":"closed","sticky":false,"template":"","format":"standard","meta":{"advgb_blocks_editor_width":"","advgb_blocks_columns_visual_guide":"","footnotes":""},"categories":[685,34,8191,66,688,4158],"tags":[35],"class_list":["post-31290","post","type-post","status-publish","format-standard","hentry","category-assassinato","category-g1","category-morador-de-rua","category-policial","category-prisao","category-rio-tinto","tag-g1"],"author_meta":{"display_name":"Rafael Andrade","author_link":"https:\/\/sindaopcpb.org.br\/author\/rafael-andrade\/"},"featured_img":null,"coauthors":[],"tax_additional":{"categories":{"linked":["<a href=\"https:\/\/sindaopcpb.org.br\/assassinato\/\" class=\"advgb-post-tax-term\">assassinato<\/a>","<a href=\"https:\/\/sindaopcpb.org.br\/g1\/\" class=\"advgb-post-tax-term\">G1<\/a>","<a href=\"https:\/\/sindaopcpb.org.br\/morador-de-rua\/\" class=\"advgb-post-tax-term\">morador de rua<\/a>","<a href=\"https:\/\/sindaopcpb.org.br\/policial\/\" class=\"advgb-post-tax-term\">Policial<\/a>","<a href=\"https:\/\/sindaopcpb.org.br\/prisao\/\" class=\"advgb-post-tax-term\">pris\u00e3o<\/a>","<a href=\"https:\/\/sindaopcpb.org.br\/rio-tinto\/\" class=\"advgb-post-tax-term\">Rio Tinto<\/a>"],"unlinked":["<span class=\"advgb-post-tax-term\">assassinato<\/span>","<span class=\"advgb-post-tax-term\">G1<\/span>","<span class=\"advgb-post-tax-term\">morador de rua<\/span>","<span class=\"advgb-post-tax-term\">Policial<\/span>","<span class=\"advgb-post-tax-term\">pris\u00e3o<\/span>","<span class=\"advgb-post-tax-term\">Rio Tinto<\/span>"]},"tags":{"linked":["<a href=\"https:\/\/sindaopcpb.org.br\/rio-tinto\/\" class=\"advgb-post-tax-term\">g1<\/a>"],"unlinked":["<span class=\"advgb-post-tax-term\">g1<\/span>"]}},"comment_count":"0","relative_dates":{"created":"Publicado 3 anos atr\u00e1s","modified":"Atualizado 3 anos atr\u00e1s"},"absolute_dates":{"created":"Publicado em 25 de agosto de 2023","modified":"Atualizado em 25 de agosto de 2023"},"absolute_dates_time":{"created":"Publicado em 25 de agosto de 2023 08:03","modified":"Atualizado em 25 de agosto de 2023 08:03"},"featured_img_caption":"","series_order":"","_links":{"self":[{"href":"https:\/\/sindaopcpb.org.br\/index.php\/wp-json\/wp\/v2\/posts\/31290","targetHints":{"allow":["GET"]}}],"collection":[{"href":"https:\/\/sindaopcpb.org.br\/index.php\/wp-json\/wp\/v2\/posts"}],"about":[{"href":"https:\/\/sindaopcpb.org.br\/index.php\/wp-json\/wp\/v2\/types\/post"}],"author":[{"embeddable":true,"href":"https:\/\/sindaopcpb.org.br\/index.php\/wp-json\/wp\/v2\/users\/42"}],"replies":[{"embeddable":true,"href":"https:\/\/sindaopcpb.org.br\/index.php\/wp-json\/wp\/v2\/comments?post=31290"}],"version-history":[{"count":1,"href":"https:\/\/sindaopcpb.org.br\/index.php\/wp-json\/wp\/v2\/posts\/31290\/revisions"}],"predecessor-version":[{"id":31291,"href":"https:\/\/sindaopcpb.org.br\/index.php\/wp-json\/wp\/v2\/posts\/31290\/revisions\/31291"}],"wp:attachment":[{"href":"https:\/\/sindaopcpb.org.br\/index.php\/wp-json\/wp\/v2\/media?parent=31290"}],"wp:term":[{"taxonomy":"category","embeddable":true,"href":"https:\/\/sindaopcpb.org.br\/index.php\/wp-json\/wp\/v2\/categories?post=31290"},{"taxonomy":"post_tag","embeddable":true,"href":"https:\/\/sindaopcpb.org.br\/index.php\/wp-json\/wp\/v2\/tags?post=31290"}],"curies":[{"name":"wp","href":"https:\/\/api.w.org\/{rel}","templated":true}]}}