{"id":31286,"date":"2023-08-25T08:20:12","date_gmt":"2023-08-25T11:20:12","guid":{"rendered":"https:\/\/wpa.wscom.com.br\/?p=919693"},"modified":"2023-08-25T08:20:12","modified_gmt":"2023-08-25T11:20:12","slug":"donald-trump-e-preso-e-indiciado-apos-tentar-reverter-derrota-nas-eleicoes-nos-estados-unidos","status":"publish","type":"post","link":"https:\/\/sindaopcpb.org.br\/index.php\/2023\/08\/25\/donald-trump-e-preso-e-indiciado-apos-tentar-reverter-derrota-nas-eleicoes-nos-estados-unidos\/","title":{"rendered":"Donald Trump \u00e9 preso e indiciado ap\u00f3s tentar reverter derrota nas elei\u00e7\u00f5es nos Estados Unidos"},"content":{"rendered":"<p>&nbsp;<\/p>\n<p>&nbsp;<\/p>\n<p>O ex-presidente dos EUA,\u00a0Donald Trump, entregou-se na quinta-feira na pris\u00e3o do condado de Fulton, em Atlanta, Ge\u00f3rgia, enquanto enfrenta acusa\u00e7\u00f5es criminais por supostamente tentar anular o resultado das elei\u00e7\u00f5es presidenciais de 2020.<\/p>\n<p>Trump concordou com uma fian\u00e7a de 200 mil d\u00f3lares e outras condi\u00e7\u00f5es de liberta\u00e7\u00e3o, incluindo n\u00e3o usar as redes sociais para intimidar co-r\u00e9us ou testemunhas no caso, que foram previamente negociadas pelos seus advogados. Uma foto de Donald Trump foi tirada, de acordo com o xerife do condado de Fulton, Patrick Labat.<\/p>\n<p>A foto acrescenta Trump \u00e0s fileiras do gangster Al Capone, do cantor Frank Sinatra e de outros americanos de destaque que posaram para fotos em pris\u00f5es. A imagem certamente ser\u00e1 amplamente divulgada tanto pelos inimigos quanto pelos apoiadores de Trump.<\/p>\n<p>Donald Trump \u00e9 alvo de 13 acusa\u00e7\u00f5es \u2014 tr\u00eas de solicita\u00e7\u00e3o de viola\u00e7\u00e3o de juramento por funcion\u00e1rio p\u00fablico; dois de conspira\u00e7\u00e3o para cometer falsifica\u00e7\u00e3o em primeiro grau; dois de conspira\u00e7\u00e3o para cometer declara\u00e7\u00f5es falsas; dois de declara\u00e7\u00f5es e escritos falsos; um de viola\u00e7\u00e3o da Lei RICO da Ge\u00f3rgia; um de conspira\u00e7\u00e3o para cometer arquivamento de documentos falsos; um de apresenta\u00e7\u00e3o de documentos falsos; um de conspira\u00e7\u00e3o para se passar por um funcion\u00e1rio p\u00fablico.<\/p>\n<p>O post <a rel=\"nofollow noopener\" href=\"https:\/\/wscom.com.br\/donald-trump-e-preso-e-indiciado-apos-tentar-reverter-derrota-nas-eleicoes-nos-estados-unidos\/\" target=\"_blank\">Donald Trump \u00e9 preso e indiciado ap\u00f3s tentar reverter derrota nas elei\u00e7\u00f5es nos Estados Unidos<\/a> apareceu primeiro em <a rel=\"nofollow noopener\" href=\"https:\/\/wscom.com.br\/\" target=\"_blank\">WSCOM<\/a>.<\/p>\n","protected":false},"excerpt":{"rendered":"<p>\u00a0 \u00a0 O ex-presidente dos EUA,\u00a0Donald Trump, entregou-se na quinta-feira na pris\u00e3o do condado de Fulton, em Atlanta, Ge\u00f3rgia, enquanto enfrenta acusa\u00e7\u00f5es criminais por supostamente tentar anular o resultado das elei\u00e7\u00f5es presidenciais de 2020. Trump concordou com uma fian\u00e7a de 200 mil d\u00f3lares e outras condi\u00e7\u00f5es de liberta\u00e7\u00e3o, incluindo n\u00e3o usar as redes sociais para [\u2026]<\/p>\n<p>O post <a rel=\"nofollow\" href=\"https:\/\/wscom.com.br\/donald-trump-e-preso-e-indiciado-apos-tentar-reverter-derrota-nas-eleicoes-nos-estados-unidos\/\">Donald Trump \u00e9 preso e indiciado ap\u00f3s tentar reverter derrota nas elei\u00e7\u00f5es nos Estados Unidos<\/a> apareceu primeiro em <a rel=\"nofollow\" href=\"https:\/\/wscom.com.br\/\">WSCOM<\/a>.<\/p>\n","protected":false},"author":42,"featured_media":0,"comment_status":"closed","ping_status":"closed","sticky":false,"template":"","format":"standard","meta":{"advgb_blocks_editor_width":"","advgb_blocks_columns_visual_guide":"","footnotes":""},"categories":[114,1662,296,34,8188,111,1273],"tags":[35],"class_list":["post-31286","post","type-post","status-publish","format-standard","hentry","category-donald-trump","category-eleicoes","category-estados-unidos","category-g1","category-indiciado","category-internacional","category-preso","tag-g1"],"author_meta":{"display_name":"Rafael Andrade","author_link":"https:\/\/sindaopcpb.org.br\/author\/rafael-andrade\/"},"featured_img":null,"coauthors":[],"tax_additional":{"categories":{"linked":["<a href=\"https:\/\/sindaopcpb.org.br\/donald-trump\/\" class=\"advgb-post-tax-term\">Donald Trump<\/a>","<a href=\"https:\/\/sindaopcpb.org.br\/eleicoes\/\" class=\"advgb-post-tax-term\">Elei\u00e7\u00f5es<\/a>","<a href=\"https:\/\/sindaopcpb.org.br\/estados-unidos\/\" class=\"advgb-post-tax-term\">Estados Unidos<\/a>","<a href=\"https:\/\/sindaopcpb.org.br\/g1\/\" class=\"advgb-post-tax-term\">G1<\/a>","<a href=\"https:\/\/sindaopcpb.org.br\/indiciado\/\" class=\"advgb-post-tax-term\">indiciado<\/a>","<a href=\"https:\/\/sindaopcpb.org.br\/internacional\/\" class=\"advgb-post-tax-term\">Internacional<\/a>","<a href=\"https:\/\/sindaopcpb.org.br\/preso\/\" class=\"advgb-post-tax-term\">preso<\/a>"],"unlinked":["<span class=\"advgb-post-tax-term\">Donald Trump<\/span>","<span class=\"advgb-post-tax-term\">Elei\u00e7\u00f5es<\/span>","<span class=\"advgb-post-tax-term\">Estados Unidos<\/span>","<span class=\"advgb-post-tax-term\">G1<\/span>","<span class=\"advgb-post-tax-term\">indiciado<\/span>","<span class=\"advgb-post-tax-term\">Internacional<\/span>","<span class=\"advgb-post-tax-term\">preso<\/span>"]},"tags":{"linked":["<a href=\"https:\/\/sindaopcpb.org.br\/preso\/\" class=\"advgb-post-tax-term\">g1<\/a>"],"unlinked":["<span class=\"advgb-post-tax-term\">g1<\/span>"]}},"comment_count":"0","relative_dates":{"created":"Publicado 3 anos atr\u00e1s","modified":"Atualizado 3 anos atr\u00e1s"},"absolute_dates":{"created":"Publicado em 25 de agosto de 2023","modified":"Atualizado em 25 de agosto de 2023"},"absolute_dates_time":{"created":"Publicado em 25 de agosto de 2023 08:20","modified":"Atualizado em 25 de agosto de 2023 08:20"},"featured_img_caption":"","series_order":"","_links":{"self":[{"href":"https:\/\/sindaopcpb.org.br\/index.php\/wp-json\/wp\/v2\/posts\/31286","targetHints":{"allow":["GET"]}}],"collection":[{"href":"https:\/\/sindaopcpb.org.br\/index.php\/wp-json\/wp\/v2\/posts"}],"about":[{"href":"https:\/\/sindaopcpb.org.br\/index.php\/wp-json\/wp\/v2\/types\/post"}],"author":[{"embeddable":true,"href":"https:\/\/sindaopcpb.org.br\/index.php\/wp-json\/wp\/v2\/users\/42"}],"replies":[{"embeddable":true,"href":"https:\/\/sindaopcpb.org.br\/index.php\/wp-json\/wp\/v2\/comments?post=31286"}],"version-history":[{"count":1,"href":"https:\/\/sindaopcpb.org.br\/index.php\/wp-json\/wp\/v2\/posts\/31286\/revisions"}],"predecessor-version":[{"id":31287,"href":"https:\/\/sindaopcpb.org.br\/index.php\/wp-json\/wp\/v2\/posts\/31286\/revisions\/31287"}],"wp:attachment":[{"href":"https:\/\/sindaopcpb.org.br\/index.php\/wp-json\/wp\/v2\/media?parent=31286"}],"wp:term":[{"taxonomy":"category","embeddable":true,"href":"https:\/\/sindaopcpb.org.br\/index.php\/wp-json\/wp\/v2\/categories?post=31286"},{"taxonomy":"post_tag","embeddable":true,"href":"https:\/\/sindaopcpb.org.br\/index.php\/wp-json\/wp\/v2\/tags?post=31286"}],"curies":[{"name":"wp","href":"https:\/\/api.w.org\/{rel}","templated":true}]}}