{"id":31254,"date":"2023-08-24T18:00:00","date_gmt":"2023-08-24T21:00:00","guid":{"rendered":"https:\/\/www.infomoney.com.br\/?p=2225217"},"modified":"2023-08-24T18:00:00","modified_gmt":"2023-08-24T21:00:00","slug":"carro-chefe-do-novo-pac-sao-as-parcerias-com-setor-privado-diz-rui-costa","status":"publish","type":"post","link":"https:\/\/sindaopcpb.org.br\/index.php\/2023\/08\/24\/carro-chefe-do-novo-pac-sao-as-parcerias-com-setor-privado-diz-rui-costa\/","title":{"rendered":"Carro-chefe do novo PAC s\u00e3o as parcerias com setor privado, diz Rui Costa"},"content":{"rendered":"<p><img loading=\"lazy\" width=\"300\" height=\"200\" src=\"https:\/\/www.infomoney.com.br\/wp-content\/uploads\/2022\/12\/rui-costa.jpg?fit=300%2C200&amp;quality=70&amp;strip=all\" class=\"attachment-medium size-medium wp-post-image\" alt=\"Rui Costa\" decoding=\"async\" style=\"float:right; margin:0 0 10px 10px;\" srcset=\"https:\/\/www.infomoney.com.br\/wp-content\/uploads\/2022\/12\/rui-costa.jpg?w=800&amp;quality=70&amp;strip=all 800w, https:\/\/www.infomoney.com.br\/wp-content\/uploads\/2022\/12\/rui-costa.jpg?w=300&amp;quality=70&amp;strip=all 300w, https:\/\/www.infomoney.com.br\/wp-content\/uploads\/2022\/12\/rui-costa.jpg?w=768&amp;quality=70&amp;strip=all 768w, https:\/\/www.infomoney.com.br\/wp-content\/uploads\/2022\/12\/rui-costa.jpg?w=150&amp;quality=70&amp;strip=all 150w\" sizes=\"auto, (max-width: 300px) 100vw, 300px\" data-attachment-id=\"2005738\" data-permalink=\"https:\/\/www.infomoney.com.br\/perfil\/rui-costa\/attachment\/rui-costa-2\/\" data-orig-file=\"https:\/\/www.infomoney.com.br\/wp-content\/uploads\/2022\/12\/rui-costa.jpg?fit=800%2C532&amp;quality=70&amp;strip=all\" data-orig-size=\"800,532\" data-comments-opened=\"0\" data-image-meta=\"{&quot;aperture&quot;:&quot;0&quot;,&quot;credit&quot;:&quot;&quot;,&quot;camera&quot;:&quot;&quot;,&quot;caption&quot;:&quot;&quot;,&quot;created_timestamp&quot;:&quot;0&quot;,&quot;copyright&quot;:&quot;&quot;,&quot;focal_length&quot;:&quot;0&quot;,&quot;iso&quot;:&quot;0&quot;,&quot;shutter_speed&quot;:&quot;0&quot;,&quot;title&quot;:&quot;&quot;,&quot;orientation&quot;:&quot;0&quot;}\" data-image-title=\"rui-costa\" data-image-description=\"\" data-image-caption=\"\" data-medium-file=\"https:\/\/www.infomoney.com.br\/wp-content\/uploads\/2022\/12\/rui-costa.jpg?fit=300%2C200&amp;quality=70&amp;strip=all\" data-large-file=\"https:\/\/www.infomoney.com.br\/wp-content\/uploads\/2022\/12\/rui-costa.jpg?fit=800%2C532&amp;quality=70&amp;strip=all\" title=\"\"><\/p>\n<p>O ministro da Casa Civil, Rui Costa, apontou a parceria do setor p&uacute;blico com empresas privadas como a principal diferen&ccedil;a do novo Programa de Acelera&ccedil;&atilde;o do Crescimento (PAC) em rela&ccedil;&atilde;o &agrave;s duas edi&ccedil;&otilde;es anteriores. &ldquo;No PAC 1 e 2, o carro-chefe eram os investimentos p&uacute;blicos. Este est&aacute; concebido e elaborado para que seja a parceira com o setor privado o carro-chefe&rdquo;, declarou o coordenador do programa que promete R$ 1,7 trilh&atilde;o, entre investimentos p&uacute;blicos e privados, em obras.<\/p>\n<p>Conforme disse Rui Costa em evento na Federa&ccedil;&atilde;o das Ind&uacute;strias do Estado de S&atilde;o Paulo (Fiesp), em muitos empreendimentos o papel do governo ser&aacute; complementar os investimentos privados com participa&ccedil;&atilde;o minorit&aacute;ria de recursos p&uacute;blicos para viabilizar a conclus&atilde;o dos projetos.<\/p>\n<p>O ministro disse que, al&eacute;m de levar em conta a transi&ccedil;&atilde;o energ&eacute;tica, foram priorizados no programa projetos com potencial de gerar efeito multiplicador, destravando investimentos privados. Como exemplo, citou leil&otilde;es de linhas de transmiss&atilde;o que somam R$ 30 bilh&otilde;es em investimentos diretos, mas que destravam outros R$ 150 bilh&otilde;es em energia e&oacute;lica e solar.<\/p>\n<p>O coordenador do PAC descreveu o programa como um esfor&ccedil;o do presidente Luiz In&aacute;cio Lula da Silva em reorganizar e incentivar investimentos no Brasil, com respeito ao pacto federativo, j&aacute; que foi fruto de di&aacute;logo com os governadores at&eacute; se chegar ao que era poss&iacute;vel fazer. &ldquo;Ao iniciar o PAC, o presidente Lula nos orientou a n&atilde;o fazer qualquer restri&ccedil;&atilde;o com os governadores&rdquo;, destacou Costa.<\/p>\n<\/p>\n<div class=\"cta-end\">\n<div class=\"im-cta\" >\n<div class=\"im-shortcode-forms bg-light bg-opacity-25 border rounded-4 p-3 p-sm-4 p-md-3 p-lg-4 px-xxl-5 my-5\" data-configuration='{\"form_name\":false,\"form_hat\":\"Newsletter\",\"form_email\":true,\"form_icon\":\"newsletter\",\"form_phone\":false,\"form_campaign\":\"NIM\",\"form_thankyou\":\"\",\"form_journey\":\"APIEvent-26a5198d-8e09-06ef-5f80-cd9127757ad1\",\"form_button\":\"Quero receber\",\"form_context\":\"newsletter\",\"form_origin\":\"https:\\\/\\\/www.infomoney.com.br\\\/politica\\\/feed\\\/?utm_medium=materia&#038;utm_source=infomoney&#038;utm_campaign=NIM&#038;utm_term=politica&#038;utm_content=newsletter\",\"form_position\":\"final\",\"form_category\":\"cta_form\"}'>\n<div class=\"d-flex flex-column align-items-center align-items-lg-start mb-4 flex-lg-row\">\n<div class=\"rounded-circle mb-2 mb-lg-0 mr-lg-4 me-lg-4 p-3 p-lg-4 bg-blue-400\"><svg width=\"40\" height=\"40\" viewBox=\"0 0 40 40\" fill=\"none\" xmlns=\"http:\/\/www.w3.org\/2000\/svg\"><path d=\"M20 20.25 6.042 11.042v19.041c0 .167.048.299.146.396a.535.535 0 0 0 .395.146h15.792V32.5H6.583a2.328 2.328 0 0 1-1.708-.708 2.328 2.328 0 0 1-.708-1.709V9.917c0-.667.236-1.236.708-1.709A2.328 2.328 0 0 1 6.583 7.5h26.834c.666 0 1.236.236 1.708.708a2.33 2.33 0 0 1 .708 1.709v12.458h-1.875V11.042L20 20.25Zm0-2 13.667-8.875H6.333L20 18.25Zm11.75 18.958-1.292-1.333 3.334-3.375h-9v-1.875h9l-3.375-3.417 1.333-1.291 5.667 5.625-5.667 5.666ZM6.042 11.042v20.791-9.458.25-13.25 1.667Z\" fill=\"#fff\"\/><\/svg><\/div>\n<div class=\"flex-fill text-center text-lg-left\">\n<div class=\"h6 small text-orange-700 lh-base mb-1\">Newsletter<\/div>\n<div class=\"text-body h4 m-0\">Infomorning<\/div>\n<div class=\"text-body small lh-base mt-2\">Receba no seu e-mail logo pela manh&atilde; as not&iacute;cias que v&atilde;o mexer com os mercados, com os seus investimentos e o seu bolso durante o dia<\/div>\n<\/div>\n<\/div>\n<\/div>\n<\/div>\n<\/div>\n<p>The post <a rel=\"nofollow noopener\" href=\"https:\/\/www.infomoney.com.br\/politica\/carro-chefe-do-novo-pac-sao-as-parcerias-com-setor-privado-diz-rui-costa\/\" target=\"_blank\">Carro-chefe do novo PAC s\u00e3o as parcerias com setor privado, diz Rui Costa<\/a> appeared first on <a rel=\"nofollow noopener\" href=\"https:\/\/www.infomoney.com.br\/\" target=\"_blank\">InfoMoney<\/a>.<\/p>\n","protected":false},"excerpt":{"rendered":"<p><img loading=\"lazy\" decoding=\"async\" width=\"300\" height=\"200\" src=\"https:\/\/www.infomoney.com.br\/wp-content\/uploads\/2022\/12\/rui-costa.jpg?fit=300%2C200&amp;quality=70&amp;strip=all\" class=\"attachment-medium size-medium wp-post-image\" alt=\"Rui Costa\" data-attachment-id=\"2005738\" data-permalink=\"https:\/\/www.infomoney.com.br\/perfil\/rui-costa\/attachment\/rui-costa-2\/\" data-orig-file=\"https:\/\/www.infomoney.com.br\/wp-content\/uploads\/2022\/12\/rui-costa.jpg?fit=800%2C532&amp;quality=70&amp;strip=all\" data-orig-size=\"800,532\" data-comments-opened=\"0\" data-image-meta='{\"aperture\":\"0\",\"credit\":\"\",\"camera\":\"\",\"caption\":\"\",\"created_timestamp\":\"0\",\"copyright\":\"\",\"focal_length\":\"0\",\"iso\":\"0\",\"shutter_speed\":\"0\",\"title\":\"\",\"orientation\":\"0\"}' data-image-title=\"rui-costa\" data-image-description=\"\" data-image-caption=\"\" data-medium-file=\"https:\/\/www.infomoney.com.br\/wp-content\/uploads\/2022\/12\/rui-costa.jpg?fit=300%2C200&amp;quality=70&amp;strip=all\" data-large-file=\"https:\/\/www.infomoney.com.br\/wp-content\/uploads\/2022\/12\/rui-costa.jpg?fit=800%2C532&amp;quality=70&amp;strip=all\">Ministro disse que, al\u00e9m de levar em conta a transi\u00e7\u00e3o energ\u00e9tica, foram priorizados no programa projetos com potencial de gerar efeito multiplicador<\/p>\n<p>The post <a rel=\"nofollow\" href=\"https:\/\/www.infomoney.com.br\/politica\/carro-chefe-do-novo-pac-sao-as-parcerias-com-setor-privado-diz-rui-costa\/\">Carro-chefe do novo PAC s\u00e3o as parcerias com setor privado, diz Rui Costa<\/a> appeared first on <a rel=\"nofollow\" href=\"https:\/\/www.infomoney.com.br\/\">InfoMoney<\/a>.<\/p>\n","protected":false},"author":43,"featured_media":0,"comment_status":"closed","ping_status":"closed","sticky":false,"template":"","format":"standard","meta":{"advgb_blocks_editor_width":"","advgb_blocks_columns_visual_guide":"","footnotes":""},"categories":[1517,662,34,260,47,131,5738,573],"tags":[35],"class_list":["post-31254","post","type-post","status-publish","format-standard","hentry","category-casa-civil","category-concessoes","category-g1","category-governo","category-politica","category-ppp","category-programa-de-aceleracao-do-crescimento","category-rui-costa","tag-g1"],"author_meta":{"display_name":"Estad\u00e3o Conte\u00fado","author_link":"https:\/\/sindaopcpb.org.br\/author\/estadao-conteudo\/"},"featured_img":null,"coauthors":[],"tax_additional":{"categories":{"linked":["<a href=\"https:\/\/sindaopcpb.org.br\/casa-civil\/\" class=\"advgb-post-tax-term\">Casa Civil<\/a>","<a href=\"https:\/\/sindaopcpb.org.br\/concessoes\/\" class=\"advgb-post-tax-term\">Concess\u00f5es<\/a>","<a href=\"https:\/\/sindaopcpb.org.br\/g1\/\" class=\"advgb-post-tax-term\">G1<\/a>","<a href=\"https:\/\/sindaopcpb.org.br\/governo\/\" class=\"advgb-post-tax-term\">Governo<\/a>","<a href=\"https:\/\/sindaopcpb.org.br\/politica\/\" class=\"advgb-post-tax-term\">POLITICA<\/a>","<a href=\"https:\/\/sindaopcpb.org.br\/ppp\/\" class=\"advgb-post-tax-term\">PPP<\/a>","<a href=\"https:\/\/sindaopcpb.org.br\/programa-de-aceleracao-do-crescimento\/\" class=\"advgb-post-tax-term\">Programa de Acelera\u00e7\u00e3o do Crescimento<\/a>","<a href=\"https:\/\/sindaopcpb.org.br\/rui-costa\/\" class=\"advgb-post-tax-term\">Rui Costa<\/a>"],"unlinked":["<span class=\"advgb-post-tax-term\">Casa Civil<\/span>","<span class=\"advgb-post-tax-term\">Concess\u00f5es<\/span>","<span class=\"advgb-post-tax-term\">G1<\/span>","<span class=\"advgb-post-tax-term\">Governo<\/span>","<span class=\"advgb-post-tax-term\">POLITICA<\/span>","<span class=\"advgb-post-tax-term\">PPP<\/span>","<span class=\"advgb-post-tax-term\">Programa de Acelera\u00e7\u00e3o do Crescimento<\/span>","<span class=\"advgb-post-tax-term\">Rui Costa<\/span>"]},"tags":{"linked":["<a href=\"https:\/\/sindaopcpb.org.br\/rui-costa\/\" class=\"advgb-post-tax-term\">g1<\/a>"],"unlinked":["<span class=\"advgb-post-tax-term\">g1<\/span>"]}},"comment_count":"0","relative_dates":{"created":"Publicado 3 anos atr\u00e1s","modified":"Atualizado 3 anos atr\u00e1s"},"absolute_dates":{"created":"Publicado em 24 de agosto de 2023","modified":"Atualizado em 24 de agosto de 2023"},"absolute_dates_time":{"created":"Publicado em 24 de agosto de 2023 18:00","modified":"Atualizado em 24 de agosto de 2023 18:00"},"featured_img_caption":"","series_order":"","_links":{"self":[{"href":"https:\/\/sindaopcpb.org.br\/index.php\/wp-json\/wp\/v2\/posts\/31254","targetHints":{"allow":["GET"]}}],"collection":[{"href":"https:\/\/sindaopcpb.org.br\/index.php\/wp-json\/wp\/v2\/posts"}],"about":[{"href":"https:\/\/sindaopcpb.org.br\/index.php\/wp-json\/wp\/v2\/types\/post"}],"author":[{"embeddable":true,"href":"https:\/\/sindaopcpb.org.br\/index.php\/wp-json\/wp\/v2\/users\/43"}],"replies":[{"embeddable":true,"href":"https:\/\/sindaopcpb.org.br\/index.php\/wp-json\/wp\/v2\/comments?post=31254"}],"version-history":[{"count":1,"href":"https:\/\/sindaopcpb.org.br\/index.php\/wp-json\/wp\/v2\/posts\/31254\/revisions"}],"predecessor-version":[{"id":31255,"href":"https:\/\/sindaopcpb.org.br\/index.php\/wp-json\/wp\/v2\/posts\/31254\/revisions\/31255"}],"wp:attachment":[{"href":"https:\/\/sindaopcpb.org.br\/index.php\/wp-json\/wp\/v2\/media?parent=31254"}],"wp:term":[{"taxonomy":"category","embeddable":true,"href":"https:\/\/sindaopcpb.org.br\/index.php\/wp-json\/wp\/v2\/categories?post=31254"},{"taxonomy":"post_tag","embeddable":true,"href":"https:\/\/sindaopcpb.org.br\/index.php\/wp-json\/wp\/v2\/tags?post=31254"}],"curies":[{"name":"wp","href":"https:\/\/api.w.org\/{rel}","templated":true}]}}