{"id":31239,"date":"2023-08-24T19:11:57","date_gmt":"2023-08-24T22:11:57","guid":{"rendered":"https:\/\/wpa.wscom.com.br\/?p=919635"},"modified":"2023-08-24T19:11:57","modified_gmt":"2023-08-24T22:11:57","slug":"atriz-global-isis-valverde-posa-em-cabaceiras-demonstra-amor-ao-nordeste-nas-redes-sociais","status":"publish","type":"post","link":"https:\/\/sindaopcpb.org.br\/index.php\/2023\/08\/24\/atriz-global-isis-valverde-posa-em-cabaceiras-demonstra-amor-ao-nordeste-nas-redes-sociais\/","title":{"rendered":"Atriz global Isis Valverde posa em Cabaceiras demonstra amor ao Nordeste, nas redes sociais"},"content":{"rendered":"<p>A atriz global Isis Valverde mostrou aos seus seguidores a cidade de Cabaceiras, no Cariri paraibano, nessa quarta-feira (23). A atriz se encontra no estado por raz\u00f5es profissionais, e compartilhou com os f\u00e3s o seu amor ao Nordeste.<\/p>\n<p>&#8220;O Nordeste tem meu cora\u00e7\u00e3o <img decoding=\"async\" src=\"https:\/\/s.w.org\/images\/core\/emoji\/13.0.1\/72x72\/1f3ac.png\" alt=\"\ud83c\udfac\" class=\"wp-smiley\" style=\"height: 1em; max-height: 1em;\" title=\"\"><img decoding=\"async\" src=\"https:\/\/s.w.org\/images\/core\/emoji\/13.0.1\/72x72\/2764.png\" alt=\"\u2764\" class=\"wp-smiley\" style=\"height: 1em; max-height: 1em;\" title=\"\"> <a class=\"x1i10hfl xjbqb8w x6umtig x1b1mbwd xaqea5y xav7gou x9f619 x1ypdohk xt0psk2 xe8uvvx xdj266r x11i5rnm xat24cr x1mh8g0r xexx8yu x4uap5 x18d9i69 xkhd6sd x16tdsg8 x1hl2dhg xggy1nq x1a2a7pz _aa9_ _a6hd\" tabindex=\"0\" role=\"link\" href=\"https:\/\/www.instagram.com\/explore\/tags\/luzcameraacao\/\" rel=\"nofollow noopener\" target=\"_blank\">#luzcameraacao&#8221;, <\/a>publicou.<\/p>\n<p>A &#8220;Roli\u00fade Nordestina&#8221; tem desfrutado de seu status como cen\u00e1rio para diversas produ\u00e7\u00f5es cinematogr\u00e1ficas brasileiras. Entre essas, &#8220;O Auto da Compadecida&#8221;.<\/p>\n<p>N\u00e3o faz muito tempo que Cabaceiras recebeu o elenco da s\u00e9rie &#8220;Canga\u00e7o Novo&#8221;.\u00a0A cidade tamb\u00e9m abrigou as grava\u00e7\u00f5es da s\u00e9rie &#8220;Onde Nascem os Fortes&#8221;, produzida pela Globo, durante os meses de abril a junho de 2018. A novela do Globoplay, intitulada &#8220;Guerreiros do Sol&#8221;, tamb\u00e9m confirmou a escolha de solo paraibano como cen\u00e1rio.<\/p>\n<p>O post <a rel=\"nofollow noopener\" href=\"https:\/\/wscom.com.br\/atriz-global-isis-valverde-posa-em-cabaceiras-demonstra-amor-ao-nordeste-nas-redes-sociais\/\" target=\"_blank\">Atriz global Isis Valverde posa em Cabaceiras demonstra amor ao Nordeste, nas redes sociais<\/a> apareceu primeiro em <a rel=\"nofollow noopener\" href=\"https:\/\/wscom.com.br\/\" target=\"_blank\">WSCOM<\/a>.<\/p>\n","protected":false},"excerpt":{"rendered":"<p>A atriz global Isis Valverde mostrou aos seus seguidores a cidade de Cabaceiras, no Cariri paraibano, nessa quarta-feira (23). A atriz se encontra no estado por raz\u00f5es profissionais, e compartilhou com os f\u00e3s o seu amor ao Nordeste. \u201cO Nordeste tem meu cora\u00e7\u00e3o \ud83c\udfac\u2764\ufe0f #luzcameraacao\u201d, publicou. A \u201cRoli\u00fade Nordestina\u201d tem desfrutado de seu status como [\u2026]<\/p>\n<p>O post <a rel=\"nofollow\" href=\"https:\/\/wscom.com.br\/atriz-global-isis-valverde-posa-em-cabaceiras-demonstra-amor-ao-nordeste-nas-redes-sociais\/\">Atriz global Isis Valverde posa em Cabaceiras demonstra amor ao Nordeste, nas redes sociais<\/a> apareceu primeiro em <a rel=\"nofollow\" href=\"https:\/\/wscom.com.br\/\">WSCOM<\/a>.<\/p>\n","protected":false},"author":50,"featured_media":0,"comment_status":"closed","ping_status":"closed","sticky":false,"template":"","format":"standard","meta":{"advgb_blocks_editor_width":"","advgb_blocks_columns_visual_guide":"","footnotes":""},"categories":[4069,436,34,8174,54,8175],"tags":[35],"class_list":["post-31239","post","type-post","status-publish","format-standard","hentry","category-cabaceiras","category-celebridades","category-g1","category-isis","category-paraiba","category-valverde","tag-g1"],"author_meta":{"display_name":"Wallyson","author_link":"https:\/\/sindaopcpb.org.br\/author\/wallyson\/"},"featured_img":null,"coauthors":[],"tax_additional":{"categories":{"linked":["<a href=\"https:\/\/sindaopcpb.org.br\/cabaceiras\/\" class=\"advgb-post-tax-term\">cabaceiras<\/a>","<a href=\"https:\/\/sindaopcpb.org.br\/celebridades\/\" class=\"advgb-post-tax-term\">Celebridades<\/a>","<a href=\"https:\/\/sindaopcpb.org.br\/g1\/\" class=\"advgb-post-tax-term\">G1<\/a>","<a href=\"https:\/\/sindaopcpb.org.br\/isis\/\" class=\"advgb-post-tax-term\">isis<\/a>","<a href=\"https:\/\/sindaopcpb.org.br\/paraiba\/\" class=\"advgb-post-tax-term\">Para\u00edba<\/a>","<a href=\"https:\/\/sindaopcpb.org.br\/valverde\/\" class=\"advgb-post-tax-term\">Valverde<\/a>"],"unlinked":["<span class=\"advgb-post-tax-term\">cabaceiras<\/span>","<span class=\"advgb-post-tax-term\">Celebridades<\/span>","<span class=\"advgb-post-tax-term\">G1<\/span>","<span class=\"advgb-post-tax-term\">isis<\/span>","<span class=\"advgb-post-tax-term\">Para\u00edba<\/span>","<span class=\"advgb-post-tax-term\">Valverde<\/span>"]},"tags":{"linked":["<a href=\"https:\/\/sindaopcpb.org.br\/valverde\/\" class=\"advgb-post-tax-term\">g1<\/a>"],"unlinked":["<span class=\"advgb-post-tax-term\">g1<\/span>"]}},"comment_count":"0","relative_dates":{"created":"Publicado 3 anos atr\u00e1s","modified":"Atualizado 3 anos atr\u00e1s"},"absolute_dates":{"created":"Publicado em 24 de agosto de 2023","modified":"Atualizado em 24 de agosto de 2023"},"absolute_dates_time":{"created":"Publicado em 24 de agosto de 2023 19:11","modified":"Atualizado em 24 de agosto de 2023 19:11"},"featured_img_caption":"","series_order":"","_links":{"self":[{"href":"https:\/\/sindaopcpb.org.br\/index.php\/wp-json\/wp\/v2\/posts\/31239","targetHints":{"allow":["GET"]}}],"collection":[{"href":"https:\/\/sindaopcpb.org.br\/index.php\/wp-json\/wp\/v2\/posts"}],"about":[{"href":"https:\/\/sindaopcpb.org.br\/index.php\/wp-json\/wp\/v2\/types\/post"}],"author":[{"embeddable":true,"href":"https:\/\/sindaopcpb.org.br\/index.php\/wp-json\/wp\/v2\/users\/50"}],"replies":[{"embeddable":true,"href":"https:\/\/sindaopcpb.org.br\/index.php\/wp-json\/wp\/v2\/comments?post=31239"}],"version-history":[{"count":2,"href":"https:\/\/sindaopcpb.org.br\/index.php\/wp-json\/wp\/v2\/posts\/31239\/revisions"}],"predecessor-version":[{"id":31261,"href":"https:\/\/sindaopcpb.org.br\/index.php\/wp-json\/wp\/v2\/posts\/31239\/revisions\/31261"}],"wp:attachment":[{"href":"https:\/\/sindaopcpb.org.br\/index.php\/wp-json\/wp\/v2\/media?parent=31239"}],"wp:term":[{"taxonomy":"category","embeddable":true,"href":"https:\/\/sindaopcpb.org.br\/index.php\/wp-json\/wp\/v2\/categories?post=31239"},{"taxonomy":"post_tag","embeddable":true,"href":"https:\/\/sindaopcpb.org.br\/index.php\/wp-json\/wp\/v2\/tags?post=31239"}],"curies":[{"name":"wp","href":"https:\/\/api.w.org\/{rel}","templated":true}]}}