{"id":31196,"date":"2023-08-24T15:26:00","date_gmt":"2023-08-24T18:26:00","guid":{"rendered":"https:\/\/www.infomoney.com.br\/?p=2224948"},"modified":"2023-08-24T15:26:00","modified_gmt":"2023-08-24T18:26:00","slug":"lira-diz-que-fazenda-e-contra-emenda-que-reduz-contribuicao-previdenciaria-de-municipios","status":"publish","type":"post","link":"https:\/\/sindaopcpb.org.br\/index.php\/2023\/08\/24\/lira-diz-que-fazenda-e-contra-emenda-que-reduz-contribuicao-previdenciaria-de-municipios\/","title":{"rendered":"Lira diz que Fazenda \u00e9 contra emenda que reduz contribui\u00e7\u00e3o previdenci\u00e1ria de munic\u00edpios"},"content":{"rendered":"<p><img loading=\"lazy\" width=\"300\" height=\"200\" src=\"https:\/\/www.infomoney.com.br\/wp-content\/uploads\/2021\/02\/ArthurLira.jpg?fit=300%2C200&amp;quality=70&amp;strip=all\" class=\"attachment-medium size-medium wp-post-image\" alt=\"\" decoding=\"async\" style=\"float:right; margin:0 0 10px 10px;\" srcset=\"https:\/\/www.infomoney.com.br\/wp-content\/uploads\/2021\/02\/ArthurLira.jpg?w=1000&amp;quality=70&amp;strip=all 1000w, https:\/\/www.infomoney.com.br\/wp-content\/uploads\/2021\/02\/ArthurLira.jpg?w=300&amp;quality=70&amp;strip=all 300w, https:\/\/www.infomoney.com.br\/wp-content\/uploads\/2021\/02\/ArthurLira.jpg?w=768&amp;quality=70&amp;strip=all 768w, https:\/\/www.infomoney.com.br\/wp-content\/uploads\/2021\/02\/ArthurLira.jpg?w=150&amp;quality=70&amp;strip=all 150w\" sizes=\"auto, (max-width: 300px) 100vw, 300px\" data-attachment-id=\"1590341\" data-permalink=\"https:\/\/www.infomoney.com.br\/politica\/arthur-lira-e-eleito-presidente-da-camara-dos-deputados-com-302-votos\/attachment\/arthurlira\/\" data-orig-file=\"https:\/\/www.infomoney.com.br\/wp-content\/uploads\/2021\/02\/ArthurLira.jpg?fit=1000%2C667&amp;quality=70&amp;strip=all\" data-orig-size=\"1000,667\" data-comments-opened=\"1\" data-image-meta=\"{&quot;aperture&quot;:&quot;0&quot;,&quot;credit&quot;:&quot;&quot;,&quot;camera&quot;:&quot;&quot;,&quot;caption&quot;:&quot;&quot;,&quot;created_timestamp&quot;:&quot;0&quot;,&quot;copyright&quot;:&quot;&quot;,&quot;focal_length&quot;:&quot;0&quot;,&quot;iso&quot;:&quot;0&quot;,&quot;shutter_speed&quot;:&quot;0&quot;,&quot;title&quot;:&quot;&quot;,&quot;orientation&quot;:&quot;0&quot;}\" data-image-title=\"Arthur Lira (PP-AL)\" data-image-description=\"\" data-image-caption=\"&lt;p&gt;Arthur Lira (PP-AL) discursa no plen\u00e1rio da C\u00e2mara dos Deputados (Foto: Cleia Viana\/C\u00e2mara dos Deputados)&lt;\/p&gt;\n\" data-medium-file=\"https:\/\/www.infomoney.com.br\/wp-content\/uploads\/2021\/02\/ArthurLira.jpg?fit=300%2C200&amp;quality=70&amp;strip=all\" data-large-file=\"https:\/\/www.infomoney.com.br\/wp-content\/uploads\/2021\/02\/ArthurLira.jpg?fit=1000%2C667&amp;quality=70&amp;strip=all\" title=\"\"><\/p>\n<p>O presidente da C&acirc;mara, Arthur Lira (PP-AL), disse, nesta quinta-feira (24), ter informa&ccedil;&otilde;es de que o Minist&eacute;rio da Fazenda &eacute; contr&aacute;rio &agrave; emenda proposta pelo seu aliado, o deputado e l&iacute;der do Uni&atilde;o Brasil na C&acirc;mara, Elmar Nascimento (BA), que reduz a al&iacute;quota da contribui&ccedil;&atilde;o previdenci&aacute;ria para os munic&iacute;pios brasileiros. A emenda ser&aacute; sugerida ao projeto de lei que prorroga a desonera&ccedil;&atilde;o da folha de pagamento para 17 setores. Lira refor&ccedil;ou, no entanto, que os deputados e prefeitos est&atilde;o preocupados com as finan&ccedil;as municipais e disse que ao longo da semana ser&aacute; discutida uma solu&ccedil;&atilde;o.<\/p>\n<p>A urg&ecirc;ncia e o m&eacute;rito do projeto de lei da prorroga&ccedil;&atilde;o da desonera&ccedil;&atilde;o da folha ser&atilde;o votados na pr&oacute;xima ter&ccedil;a-feira. O texto da emenda de Elmar, obtido pelo <i>Broadcast<\/i> (sistema de not&iacute;cias em tempo real do Grupo Estado) e pelo jornal <b>O Estado de S. Paulo<\/b>, prev&ecirc; uma redu&ccedil;&atilde;o escalonada do porcentual cobrado sobre a folha dos munic&iacute;pios, calculado a partir do Produto Interno Bruto (PIB) per capita. Essa contribui&ccedil;&atilde;o &eacute; paga pelas prefeituras sobre os vencimentos dos servidores para custear os regimes pr&oacute;prios de previd&ecirc;ncia municipais.<\/p>\n<p>A proposta visa substituir a emenda j&aacute; aprovada pelo Senado ao projeto de lei da desonera&ccedil;&atilde;o que prev&ecirc; a redu&ccedil;&atilde;o da contribui&ccedil;&atilde;o previdenci&aacute;ria, de 20% para 8%, sobre a folha de pagamento para cidades com at&eacute; 142,6 mil habitantes e traz um impacto de cerca de R$ 9 bi por ano &agrave; Uni&atilde;o.<\/p>\n<p>&ldquo;Prefeitos est&atilde;o apavorados e essa emenda do Senado causa um problema de um impacto de R$ 9 bilh&otilde;es, o que preocupa muito a economia. O governo n&atilde;o teve for&ccedil;a no Senado para segurar isso numa comiss&atilde;o terminativa, o problema veio para C&acirc;mara&rdquo;, disse Lira, ao refor&ccedil;ar que as finan&ccedil;as municipais v&ecirc;m sofrendo com baixa na arrecada&ccedil;&atilde;o por diversos fatores, como pol&iacute;tica adotada para ind&uacute;stria automobil&iacute;stica e impactos no envio de emendas parlamentares.<\/p>\n<p>A emenda de Elmar foi baseada em um projeto de lei de 2021, apresentado pelo l&iacute;der do governo no Senado, Jaques Wagner (PT-BA), que estabelece a cria&ccedil;&atilde;o de um &ldquo;Simples Municipal&rdquo; e al&iacute;quotas progressivas de contribui&ccedil;&atilde;o previdenci&aacute;ria dos munic&iacute;pios. O &ldquo;Simples&rdquo; substituiria a al&iacute;quota da contribui&ccedil;&atilde;o patronal por uma outra al&iacute;quota, que depender&aacute; do PIB per capita municipal. Assim, segundo a consultoria legislativa do senador, o &ldquo;Simples&rdquo; afetaria somente os munic&iacute;pios que permanecem no Regime Geral de Previd&ecirc;ncia Social (RGPS) e n&atilde;o aos que j&aacute; possuem Regime Pr&oacute;prio de Previd&ecirc;ncia Social (RPPS).<\/p>\n<p>De acordo com a emenda, os munic&iacute;pios seriam atendidos com al&iacute;quotas escalonadas: quanto menor o PIB per capita, menor a al&iacute;quota. O porcentual seria de 8% para cidades entre as 20% com menor PIB per capita; de 10,5%, para munic&iacute;pios entre os 20% e os 40% com menor PIB per capita; de 13%, para munic&iacute;pios entre os 40% e os 60% com menor PIB per capita; de 15,5%, para munic&iacute;pios entre os 60% e os 80% com menor PIB per capita; e de 18%, para munic&iacute;pios entre os 20% com maior PIB per capita.<\/p>\n<p>&Agrave; &eacute;poca, a consultoria legislativa de Jaques n&atilde;o conseguiu estimar o impacto que a medida traria ao or&ccedil;amento. A nota elaborada pela equipe t&eacute;cnica justifica que, para calcular o efeito da mudan&ccedil;a proposta pelo projeto de lei, seriam necess&aacute;rios dados, para cada munic&iacute;pio, da quantidade de servidores municipais com suas respectivas remunera&ccedil;&otilde;es, al&eacute;m de conhecer quais cidades adotaram o Regimes Pr&oacute;prios de Previd&ecirc;ncia Social (RPPS) e quais seguem no Regime Geral de Previd&ecirc;ncia Social (RGPS). O documento cita ainda que seria preciso ter acesso &agrave;s finan&ccedil;as p&uacute;blicas de cada cidade para saber o montante de sua inadimpl&ecirc;ncia com a previd&ecirc;ncia social.<\/p>\n<p>De acordo com Elmar, a emenda sugerida j&aacute; foi acordada com o presidente da C&acirc;mara, Arthur Lira (PP-AL), e Jaques. O deputado ainda n&atilde;o comunicou a equipe econ&ocirc;mica sobre a medida e tamb&eacute;m n&atilde;o estimou o impacto or&ccedil;ament&aacute;rio. Elmar explicou que a emenda aprovada no Senado n&atilde;o tem fundamento e trata os &ldquo;desiguais&rdquo; de forma igual&rdquo;. Munic&iacute;pios ricos em petr&oacute;leo, por exemplo, que atendessem o crit&eacute;rio populacional, seriam beneficiados, disse.<\/p>\n<p>Lira reafirmou nesta quinta que os deputados votar&atilde;o na pr&oacute;xima ter&ccedil;a-feira, 29, a urg&ecirc;ncia e o m&eacute;rito do projeto de lei que prorroga at&eacute; 31 de dezembro de 2027 a desonera&ccedil;&atilde;o da folha de pagamento para 17 setores da economia, o que far&aacute; que a an&aacute;lise do projeto seja mais r&aacute;pida do que queria o governo.<\/p>\n<p>A equipe econ&ocirc;mica &eacute; contr&aacute;ria ao projeto de lei e prefere atrelar a desonera&ccedil;&atilde;o a uma reforma ampla de renda, que deve ser debatida em 2024, ap&oacute;s a aprova&ccedil;&atilde;o da reforma tribut&aacute;ria sobre o consumo. A emenda que atende os munic&iacute;pios tamb&eacute;m foi vista como um jabuti, al&eacute;m do impacto fiscal que poderia chegar a R$ 11 bilh&otilde;es para os cofres p&uacute;blicos, a depender do c&aacute;lculo. Os valores colocaram a equipe econ&ocirc;mica em alerta.<\/p>\n<p>Esta semana, o l&iacute;der do Cidadania na C&acirc;mara, deputado Alex Manente (SP), confirmou que a tend&ecirc;ncia &eacute; de a C&acirc;mara derrubar o dispositivo aprovado no Senado que atende as prefeituras. Nos bastidores, no entanto, deputados reconhecem que a Casa deve propor algum projeto que contemple os munic&iacute;pios que est&atilde;o com as contas no vermelho e clamam por ajuda do governo federal.<\/p>\n<p>Na semana passada, uma romaria de prefeitos visitou gabinetes de deputados pedindo ajuda or&ccedil;ament&aacute;ria e reclamando da situa&ccedil;&atilde;o fiscal das prefeituras.<\/p>\n<p>O presidente da Confedera&ccedil;&atilde;o Nacional dos Munic&iacute;pios (CNM), Paulo Ziulkoski, se reuniu com Lira para refor&ccedil;ar a necessidade de apoio e, inclusive, chamou aten&ccedil;&atilde;o para a necessidade da C&acirc;mara aprovar a emenda do Senado.<\/p>\n<\/p>\n<div class=\"cta-end\">\n<div class=\"im-cta\" >\n<div class=\"im-shortcode-forms bg-light bg-opacity-25 border rounded-4 p-3 p-sm-4 p-md-3 p-lg-4 px-xxl-5 my-5\" data-configuration='{\"form_name\":false,\"form_hat\":\"Newsletter\",\"form_email\":true,\"form_icon\":\"newsletter\",\"form_phone\":false,\"form_campaign\":\"NIM\",\"form_thankyou\":\"\",\"form_journey\":\"APIEvent-26a5198d-8e09-06ef-5f80-cd9127757ad1\",\"form_button\":\"Quero receber\",\"form_context\":\"newsletter\",\"form_origin\":\"https:\\\/\\\/www.infomoney.com.br\\\/politica\\\/feed\\\/?utm_medium=materia&#038;utm_source=infomoney&#038;utm_campaign=NIM&#038;utm_term=politica&#038;utm_content=newsletter\",\"form_position\":\"final\",\"form_category\":\"cta_form\"}'>\n<div class=\"d-flex flex-column align-items-center align-items-lg-start mb-4 flex-lg-row\">\n<div class=\"rounded-circle mb-2 mb-lg-0 mr-lg-4 me-lg-4 p-3 p-lg-4 bg-blue-400\"><svg width=\"40\" height=\"40\" viewBox=\"0 0 40 40\" fill=\"none\" xmlns=\"http:\/\/www.w3.org\/2000\/svg\"><path d=\"M20 20.25 6.042 11.042v19.041c0 .167.048.299.146.396a.535.535 0 0 0 .395.146h15.792V32.5H6.583a2.328 2.328 0 0 1-1.708-.708 2.328 2.328 0 0 1-.708-1.709V9.917c0-.667.236-1.236.708-1.709A2.328 2.328 0 0 1 6.583 7.5h26.834c.666 0 1.236.236 1.708.708a2.33 2.33 0 0 1 .708 1.709v12.458h-1.875V11.042L20 20.25Zm0-2 13.667-8.875H6.333L20 18.25Zm11.75 18.958-1.292-1.333 3.334-3.375h-9v-1.875h9l-3.375-3.417 1.333-1.291 5.667 5.625-5.667 5.666ZM6.042 11.042v20.791-9.458.25-13.25 1.667Z\" fill=\"#fff\"\/><\/svg><\/div>\n<div class=\"flex-fill text-center text-lg-left\">\n<div class=\"h6 small text-orange-700 lh-base mb-1\">Newsletter<\/div>\n<div class=\"text-body h4 m-0\">Infomorning<\/div>\n<div class=\"text-body small lh-base mt-2\">Receba no seu e-mail logo pela manh&atilde; as not&iacute;cias que v&atilde;o mexer com os mercados, com os seus investimentos e o seu bolso durante o dia<\/div>\n<\/div>\n<\/div>\n<\/div>\n<\/div>\n<\/div>\n<p>The post <a rel=\"nofollow noopener\" href=\"https:\/\/www.infomoney.com.br\/politica\/lira-diz-que-fazenda-e-contra-emenda-que-reduz-contribuicao-previdenciaria-de-municipios\/\" target=\"_blank\">Lira diz que Fazenda \u00e9 contra emenda que reduz contribui\u00e7\u00e3o previdenci\u00e1ria de munic\u00edpios<\/a> appeared first on <a rel=\"nofollow noopener\" href=\"https:\/\/www.infomoney.com.br\/\" target=\"_blank\">InfoMoney<\/a>.<\/p>\n","protected":false},"excerpt":{"rendered":"<p><img loading=\"lazy\" decoding=\"async\" width=\"300\" height=\"200\" src=\"https:\/\/www.infomoney.com.br\/wp-content\/uploads\/2021\/02\/ArthurLira.jpg?fit=300%2C200&amp;quality=70&amp;strip=all\" class=\"attachment-medium size-medium wp-post-image\" alt=\"\" data-attachment-id=\"1590341\" data-permalink=\"https:\/\/www.infomoney.com.br\/politica\/arthur-lira-e-eleito-presidente-da-camara-dos-deputados-com-302-votos\/attachment\/arthurlira\/\" data-orig-file=\"https:\/\/www.infomoney.com.br\/wp-content\/uploads\/2021\/02\/ArthurLira.jpg?fit=1000%2C667&amp;quality=70&amp;strip=all\" data-orig-size=\"1000,667\" data-comments-opened=\"1\" data-image-meta='{\"aperture\":\"0\",\"credit\":\"\",\"camera\":\"\",\"caption\":\"\",\"created_timestamp\":\"0\",\"copyright\":\"\",\"focal_length\":\"0\",\"iso\":\"0\",\"shutter_speed\":\"0\",\"title\":\"\",\"orientation\":\"0\"}' data-image-title=\"Arthur Lira (PP-AL)\" data-image-description=\"\" data-image-caption=\"&lt;p&gt;Arthur Lira (PP-AL) discursa no plen\u00e1rio da C\u00e2mara dos Deputados (Foto: Cleia Viana\/C\u00e2mara dos Deputados)&lt;\/p&gt;\n\" data-medium-file=\"https:\/\/www.infomoney.com.br\/wp-content\/uploads\/2021\/02\/ArthurLira.jpg?fit=300%2C200&amp;quality=70&amp;strip=all\" data-large-file=\"https:\/\/www.infomoney.com.br\/wp-content\/uploads\/2021\/02\/ArthurLira.jpg?fit=1000%2C667&amp;quality=70&amp;strip=all\">Urg\u00eancia e o m\u00e9rito do projeto de lei da prorroga\u00e7\u00e3o da desonera\u00e7\u00e3o da folha ser\u00e3o votados na pr\u00f3xima ter\u00e7a-feira<\/p>\n<p>The post <a rel=\"nofollow\" href=\"https:\/\/www.infomoney.com.br\/politica\/lira-diz-que-fazenda-e-contra-emenda-que-reduz-contribuicao-previdenciaria-de-municipios\/\">Lira diz que Fazenda \u00e9 contra emenda que reduz contribui\u00e7\u00e3o previdenci\u00e1ria de munic\u00edpios<\/a> appeared first on <a rel=\"nofollow\" href=\"https:\/\/www.infomoney.com.br\/\">InfoMoney<\/a>.<\/p>\n","protected":false},"author":43,"featured_media":0,"comment_status":"closed","ping_status":"closed","sticky":false,"template":"","format":"standard","meta":{"advgb_blocks_editor_width":"","advgb_blocks_columns_visual_guide":"","footnotes":""},"categories":[275,34,130,1611,47],"tags":[35,50],"class_list":["post-31196","post","type-post","status-publish","format-standard","hentry","category-arthur-lira","category-g1","category-ministerio-da-fazenda","category-municipios","category-politica","tag-g1","tag-projeto-de-lei"],"author_meta":{"display_name":"Estad\u00e3o Conte\u00fado","author_link":"https:\/\/sindaopcpb.org.br\/author\/estadao-conteudo\/"},"featured_img":null,"coauthors":[],"tax_additional":{"categories":{"linked":["<a href=\"https:\/\/sindaopcpb.org.br\/arthur-lira\/\" class=\"advgb-post-tax-term\">Arthur Lira<\/a>","<a href=\"https:\/\/sindaopcpb.org.br\/g1\/\" class=\"advgb-post-tax-term\">G1<\/a>","<a href=\"https:\/\/sindaopcpb.org.br\/ministerio-da-fazenda\/\" class=\"advgb-post-tax-term\">Minist\u00e9rio da Fazenda<\/a>","<a href=\"https:\/\/sindaopcpb.org.br\/municipios\/\" class=\"advgb-post-tax-term\">Munic\u00edpios<\/a>","<a href=\"https:\/\/sindaopcpb.org.br\/politica\/\" class=\"advgb-post-tax-term\">POLITICA<\/a>"],"unlinked":["<span class=\"advgb-post-tax-term\">Arthur Lira<\/span>","<span class=\"advgb-post-tax-term\">G1<\/span>","<span class=\"advgb-post-tax-term\">Minist\u00e9rio da Fazenda<\/span>","<span class=\"advgb-post-tax-term\">Munic\u00edpios<\/span>","<span class=\"advgb-post-tax-term\">POLITICA<\/span>"]},"tags":{"linked":["<a href=\"https:\/\/sindaopcpb.org.br\/politica\/\" class=\"advgb-post-tax-term\">g1<\/a>","<a href=\"https:\/\/sindaopcpb.org.br\/politica\/\" class=\"advgb-post-tax-term\">projeto de lei<\/a>"],"unlinked":["<span class=\"advgb-post-tax-term\">g1<\/span>","<span class=\"advgb-post-tax-term\">projeto de lei<\/span>"]}},"comment_count":"0","relative_dates":{"created":"Publicado 3 anos atr\u00e1s","modified":"Atualizado 3 anos atr\u00e1s"},"absolute_dates":{"created":"Publicado em 24 de agosto de 2023","modified":"Atualizado em 24 de agosto de 2023"},"absolute_dates_time":{"created":"Publicado em 24 de agosto de 2023 15:26","modified":"Atualizado em 24 de agosto de 2023 15:26"},"featured_img_caption":"","series_order":"","_links":{"self":[{"href":"https:\/\/sindaopcpb.org.br\/index.php\/wp-json\/wp\/v2\/posts\/31196","targetHints":{"allow":["GET"]}}],"collection":[{"href":"https:\/\/sindaopcpb.org.br\/index.php\/wp-json\/wp\/v2\/posts"}],"about":[{"href":"https:\/\/sindaopcpb.org.br\/index.php\/wp-json\/wp\/v2\/types\/post"}],"author":[{"embeddable":true,"href":"https:\/\/sindaopcpb.org.br\/index.php\/wp-json\/wp\/v2\/users\/43"}],"replies":[{"embeddable":true,"href":"https:\/\/sindaopcpb.org.br\/index.php\/wp-json\/wp\/v2\/comments?post=31196"}],"version-history":[{"count":1,"href":"https:\/\/sindaopcpb.org.br\/index.php\/wp-json\/wp\/v2\/posts\/31196\/revisions"}],"predecessor-version":[{"id":31197,"href":"https:\/\/sindaopcpb.org.br\/index.php\/wp-json\/wp\/v2\/posts\/31196\/revisions\/31197"}],"wp:attachment":[{"href":"https:\/\/sindaopcpb.org.br\/index.php\/wp-json\/wp\/v2\/media?parent=31196"}],"wp:term":[{"taxonomy":"category","embeddable":true,"href":"https:\/\/sindaopcpb.org.br\/index.php\/wp-json\/wp\/v2\/categories?post=31196"},{"taxonomy":"post_tag","embeddable":true,"href":"https:\/\/sindaopcpb.org.br\/index.php\/wp-json\/wp\/v2\/tags?post=31196"}],"curies":[{"name":"wp","href":"https:\/\/api.w.org\/{rel}","templated":true}]}}