{"id":31186,"date":"2023-08-24T14:45:48","date_gmt":"2023-08-24T17:45:48","guid":{"rendered":"https:\/\/wpa.wscom.com.br\/?p=919578"},"modified":"2023-08-24T14:45:48","modified_gmt":"2023-08-24T17:45:48","slug":"academia-de-cinema-inaugura-sede-na-fundacao-casa-de-jose-americo","status":"publish","type":"post","link":"https:\/\/sindaopcpb.org.br\/index.php\/2023\/08\/24\/academia-de-cinema-inaugura-sede-na-fundacao-casa-de-jose-americo\/","title":{"rendered":"Academia de Cinema inaugura sede na Funda\u00e7\u00e3o Casa de Jos\u00e9 Am\u00e9rico"},"content":{"rendered":"<p>Foi inaugurada, nessa ter\u00e7a-feira (23), na Funda\u00e7\u00e3o Casa de Jos\u00e9 Am\u00e9rico (FCJA), em Jo\u00e3o Pessoa, a nova sede da Academia Paraibana de Cinema (APC). A uni\u00e3o da FCJA com a APC \u00e9 uma parceria antiga, mas que foi suspensa durante a pandemia. Estiveram presentes na inaugura\u00e7\u00e3o da sede, Milton Dornellas, coordenador geral do Prima; L\u00facia Guerra,\u00a0gerente executiva do arquivo; Helena Serrano, assessora especial da FCJA; Daniel Lucena, assessor jur\u00eddico da FCJA; Jo\u00e3o de Lima, presidente da APC e Mirabeu Dias, conselheiro da APC.<\/p>\n<p>Ap\u00f3s um per\u00edodo de reestrutura\u00e7\u00e3o, a Academia Paraibana de Cinema fica aberta ao p\u00fablico para os que estejam interessado em contribuir e pesquisar cinema, al\u00e9m de desenvolver atividades como exibi\u00e7\u00e3o de filmes e debates sobra a tem\u00e1tica, entre outras coisas.<\/p>\n<p>O professor Jo\u00e3o de Lima comentou a import\u00e2ncia da sede funcionar na FCJA, que \u00e9 um espa\u00e7o aberto e que recebe visitas constantes da sociedade. \u201cEra uma ideia antiga de quem est\u00e1 ligado ao cinema poder ter um lugar onde pud\u00e9ssemos ter um acervo e fosse poss\u00edvel nos reunir com regularidade\u201d.<\/p>\n<p>O conselheiro Mirabeau Dias, completou: \u201c\u00c9 com muita vontade de continuar essa uni\u00e3o que a gente est\u00e1 aqui e agradece o acolhimento de uma institui\u00e7\u00e3o consolidada como\u00a0a Funda\u00e7\u00e3o\u201d.<\/p>\n<p>A APC passa a funcionar em uma sala t\u00e9rrea do pr\u00e9dio do arquivo dos governadores da FCJA e estar\u00e1 aberta para visita\u00e7\u00e3o toda quarta-feira.<\/p>\n<p>O post <a rel=\"nofollow noopener\" href=\"https:\/\/wscom.com.br\/academia-de-cinema-inaugura-sede-na-fundacao-casa-de-jose-americo\/\" target=\"_blank\">Academia de Cinema inaugura sede na Funda\u00e7\u00e3o Casa de Jos\u00e9 Am\u00e9rico<\/a> apareceu primeiro em <a rel=\"nofollow noopener\" href=\"https:\/\/wscom.com.br\/\" target=\"_blank\">WSCOM<\/a>.<\/p>\n","protected":false},"excerpt":{"rendered":"<p>Foi inaugurada, nessa ter\u00e7a-feira (23), na Funda\u00e7\u00e3o Casa de Jos\u00e9 Am\u00e9rico (FCJA), em Jo\u00e3o Pessoa, a nova sede da Academia Paraibana de Cinema (APC). A uni\u00e3o da FCJA com a APC \u00e9 uma parceria antiga, mas que foi suspensa durante a pandemia. Estiveram presentes na inaugura\u00e7\u00e3o da sede, Milton Dornellas, coordenador geral do Prima; L\u00facia [\u2026]<\/p>\n<p>O post <a rel=\"nofollow\" href=\"https:\/\/wscom.com.br\/academia-de-cinema-inaugura-sede-na-fundacao-casa-de-jose-americo\/\">Academia de Cinema inaugura sede na Funda\u00e7\u00e3o Casa de Jos\u00e9 Am\u00e9rico<\/a> apareceu primeiro em <a rel=\"nofollow\" href=\"https:\/\/wscom.com.br\/\">WSCOM<\/a>.<\/p>\n","protected":false},"author":49,"featured_media":0,"comment_status":"closed","ping_status":"closed","sticky":false,"template":"","format":"standard","meta":{"advgb_blocks_editor_width":"","advgb_blocks_columns_visual_guide":"","footnotes":""},"categories":[940,5623,34,54],"tags":[35],"class_list":["post-31186","post","type-post","status-publish","format-standard","hentry","category-cinema","category-fundacao-casa-de-jose-americo","category-g1","category-paraiba","tag-g1"],"author_meta":{"display_name":"Cristiane Cavalcante","author_link":"https:\/\/sindaopcpb.org.br\/author\/cristiane-cavalcante\/"},"featured_img":null,"coauthors":[],"tax_additional":{"categories":{"linked":["<a href=\"https:\/\/sindaopcpb.org.br\/cinema\/\" class=\"advgb-post-tax-term\">Cinema<\/a>","<a href=\"https:\/\/sindaopcpb.org.br\/fundacao-casa-de-jose-americo\/\" class=\"advgb-post-tax-term\">Funda\u00e7\u00e3o Casa de Jos\u00e9 Am\u00e9rico<\/a>","<a href=\"https:\/\/sindaopcpb.org.br\/g1\/\" class=\"advgb-post-tax-term\">G1<\/a>","<a href=\"https:\/\/sindaopcpb.org.br\/paraiba\/\" class=\"advgb-post-tax-term\">Para\u00edba<\/a>"],"unlinked":["<span class=\"advgb-post-tax-term\">Cinema<\/span>","<span class=\"advgb-post-tax-term\">Funda\u00e7\u00e3o Casa de Jos\u00e9 Am\u00e9rico<\/span>","<span class=\"advgb-post-tax-term\">G1<\/span>","<span class=\"advgb-post-tax-term\">Para\u00edba<\/span>"]},"tags":{"linked":["<a href=\"https:\/\/sindaopcpb.org.br\/paraiba\/\" class=\"advgb-post-tax-term\">g1<\/a>"],"unlinked":["<span class=\"advgb-post-tax-term\">g1<\/span>"]}},"comment_count":"0","relative_dates":{"created":"Publicado 3 anos atr\u00e1s","modified":"Atualizado 3 anos atr\u00e1s"},"absolute_dates":{"created":"Publicado em 24 de agosto de 2023","modified":"Atualizado em 24 de agosto de 2023"},"absolute_dates_time":{"created":"Publicado em 24 de agosto de 2023 14:45","modified":"Atualizado em 24 de agosto de 2023 14:45"},"featured_img_caption":"","series_order":"","_links":{"self":[{"href":"https:\/\/sindaopcpb.org.br\/index.php\/wp-json\/wp\/v2\/posts\/31186","targetHints":{"allow":["GET"]}}],"collection":[{"href":"https:\/\/sindaopcpb.org.br\/index.php\/wp-json\/wp\/v2\/posts"}],"about":[{"href":"https:\/\/sindaopcpb.org.br\/index.php\/wp-json\/wp\/v2\/types\/post"}],"author":[{"embeddable":true,"href":"https:\/\/sindaopcpb.org.br\/index.php\/wp-json\/wp\/v2\/users\/49"}],"replies":[{"embeddable":true,"href":"https:\/\/sindaopcpb.org.br\/index.php\/wp-json\/wp\/v2\/comments?post=31186"}],"version-history":[{"count":1,"href":"https:\/\/sindaopcpb.org.br\/index.php\/wp-json\/wp\/v2\/posts\/31186\/revisions"}],"predecessor-version":[{"id":31187,"href":"https:\/\/sindaopcpb.org.br\/index.php\/wp-json\/wp\/v2\/posts\/31186\/revisions\/31187"}],"wp:attachment":[{"href":"https:\/\/sindaopcpb.org.br\/index.php\/wp-json\/wp\/v2\/media?parent=31186"}],"wp:term":[{"taxonomy":"category","embeddable":true,"href":"https:\/\/sindaopcpb.org.br\/index.php\/wp-json\/wp\/v2\/categories?post=31186"},{"taxonomy":"post_tag","embeddable":true,"href":"https:\/\/sindaopcpb.org.br\/index.php\/wp-json\/wp\/v2\/tags?post=31186"}],"curies":[{"name":"wp","href":"https:\/\/api.w.org\/{rel}","templated":true}]}}