{"id":31175,"date":"2023-08-24T14:12:22","date_gmt":"2023-08-24T17:12:22","guid":{"rendered":"https:\/\/www.infomoney.com.br\/?p=2224730"},"modified":"2023-08-24T14:12:22","modified_gmt":"2023-08-24T17:12:22","slug":"reforma-tributaria-industria-ve-risco-de-cumulatividade-e-defende-travas-ao-imposto-seletivo","status":"publish","type":"post","link":"https:\/\/sindaopcpb.org.br\/index.php\/2023\/08\/24\/reforma-tributaria-industria-ve-risco-de-cumulatividade-e-defende-travas-ao-imposto-seletivo\/","title":{"rendered":"Reforma tribut\u00e1ria: ind\u00fastria v\u00ea risco de cumulatividade e defende \u2018travas\u2019 ao imposto seletivo"},"content":{"rendered":"<p><img loading=\"lazy\" width=\"300\" height=\"200\" src=\"https:\/\/www.infomoney.com.br\/wp-content\/uploads\/2020\/10\/SenadoPlenario.jpg?fit=300%2C200&amp;quality=70&amp;strip=all\" class=\"attachment-medium size-medium wp-post-image\" alt=\"\" decoding=\"async\" style=\"float:right; margin:0 0 10px 10px;\" srcset=\"https:\/\/www.infomoney.com.br\/wp-content\/uploads\/2020\/10\/SenadoPlenario.jpg?w=799&amp;quality=70&amp;strip=all 799w, https:\/\/www.infomoney.com.br\/wp-content\/uploads\/2020\/10\/SenadoPlenario.jpg?w=300&amp;quality=70&amp;strip=all 300w, https:\/\/www.infomoney.com.br\/wp-content\/uploads\/2020\/10\/SenadoPlenario.jpg?w=768&amp;quality=70&amp;strip=all 768w, https:\/\/www.infomoney.com.br\/wp-content\/uploads\/2020\/10\/SenadoPlenario.jpg?w=150&amp;quality=70&amp;strip=all 150w\" sizes=\"auto, (max-width: 300px) 100vw, 300px\" data-attachment-id=\"1537812\" data-permalink=\"https:\/\/www.infomoney.com.br\/politica\/autonomia-do-banco-central-com-mandato-triplo-ganha-apoio-no-senado-entenda-os-principais-pontos\/attachment\/senadoplenario\/\" data-orig-file=\"https:\/\/www.infomoney.com.br\/wp-content\/uploads\/2020\/10\/SenadoPlenario.jpg?fit=799%2C533&amp;quality=70&amp;strip=all\" data-orig-size=\"799,533\" data-comments-opened=\"1\" data-image-meta=\"{&quot;aperture&quot;:&quot;0&quot;,&quot;credit&quot;:&quot;Pedro Fran\\u00e7a\\\/Ag\\u00eancia Senado&quot;,&quot;camera&quot;:&quot;&quot;,&quot;caption&quot;:&quot;&quot;,&quot;created_timestamp&quot;:&quot;0&quot;,&quot;copyright&quot;:&quot;Senado Federal do Brasil&quot;,&quot;focal_length&quot;:&quot;0&quot;,&quot;iso&quot;:&quot;0&quot;,&quot;shutter_speed&quot;:&quot;0&quot;,&quot;title&quot;:&quot;&quot;,&quot;orientation&quot;:&quot;0&quot;}\" data-image-title=\"Plen\u00e1rio do Senado Federal\" data-image-description=\"\" data-image-caption=\"&lt;p&gt;Plen\u00e1rio do Senado Federal durante sess\u00e3o deliberativa  (Foto: Pedro Fran\u00e7a\/Ag\u00eancia Senado)&lt;\/p&gt;\n\" data-medium-file=\"https:\/\/www.infomoney.com.br\/wp-content\/uploads\/2020\/10\/SenadoPlenario.jpg?fit=300%2C200&amp;quality=70&amp;strip=all\" data-large-file=\"https:\/\/www.infomoney.com.br\/wp-content\/uploads\/2020\/10\/SenadoPlenario.jpg?fit=799%2C533&amp;quality=70&amp;strip=all\" title=\"\"><\/p>\n<p>A possibilidade de aplica&ccedil;&atilde;o do imposto seletivo em insumos da ind&uacute;stria preocupa representantes do setor, que enxergam um risco de cumulatividade. Em audi&ecirc;ncia p&uacute;blica realizada na Comiss&atilde;o de Constitui&ccedil;&atilde;o e Justi&ccedil;a do Senado, nesta quinta-feira (24), eles refor&ccedil;aram a necessidade de que seja indicado no texto da reforma tribut&aacute;ria (PEC 45\/2019) sob quais circunst&acirc;ncias incidir&aacute; o novo tributo.<\/p>\n<p>&ldquo;O imposto seletivo &eacute; entendido como imposto para tentar mitigar efeitos negativos para a sociedade, taxando bens e produtos que podem provocar algum tipo de dano. Est&aacute; muito amplo e permite que possa haver interpreta&ccedil;&otilde;es distintas&rdquo;, afirmou o representante da Federa&ccedil;&atilde;o das Ind&uacute;strias do Estado de S&atilde;o Paulo, Igor Rocha.<\/p>\n<p>&ldquo;Precisa ficar claramente delimitado. Se considerarmos que ele vem para tributar as externalidades em sa&uacute;de e meio ambiente, ele n&atilde;o pode alcan&ccedil;ar insumos da cadeia produtividade. Podemos trazer a cumulatividade de volta, ou seja, o imposto seletivo por defini&ccedil;&atilde;o n&atilde;o gera cr&eacute;dito&rdquo;, disse o ex-presidente da Confedera&ccedil;&atilde;o Nacional da Ind&uacute;stria, Armando Monteiro.<\/p>\n<p>Sobre o aumento na carga tribut&aacute;ria, Monteiro acredita que h&aacute; uma distor&ccedil;&atilde;o sobre de que forma o assunto tem sido tratado. Segundo ele, uma vez que as al&iacute;quotas t&ecirc;m sofrido reajuste ao longo de d&eacute;cadas, n&atilde;o &eacute; justo apontar a reforma tribut&aacute;ria como respons&aacute;vel por um eventual aumento na carga. O ex-senador tamb&eacute;m defende que haja um dispositivo no texto constitucional para travar o aumento da carga, por meio de propor&ccedil;&atilde;o entre arrecada&ccedil;&atilde;o e o PIB. Tal possibilidade <a href=\"https:\/\/www.infomoney.com.br\/politica\/braga-reforca-necessidade-de-definir-limitacao-do-poder-tributario-em-reforma\/\" rel=\"nofollow noopener\" target=\"_blank\">havia sido citada por Eduardo Braga (MDB-AM)<\/a>, relator da tribut&aacute;ria no Senado, em audi&ecirc;ncia p&uacute;blica realizada na segunda-feira (21).<\/p>\n<p>Ao questionar sobre a necessidade de evitar o ac&uacute;mulo de cr&eacute;ditos, o senador Mauro Carvalho (Uni&atilde;o-MT) chamou aten&ccedil;&atilde;o para a d&iacute;vida contra&iacute;da por Estados e munic&iacute;pios no sistema tribut&aacute;rio atual. De acordo com a proposta da reforma, uma empresa que adquire seus insumos em outro estado ter&aacute; os impostos arrecadados no destino da opera&ccedil;&atilde;o, e os cr&eacute;ditos ser&atilde;o gerados no mesmo local.<\/p>\n<p>Em um segundo momento, a compensa&ccedil;&atilde;o entre valores devidos e creditados se dar&aacute; de maneira on-line, diferentemente do que ocorre atualmente. Sem um conjunto de regras global, e que poderia dar maior din&acirc;mica &agrave;s transa&ccedil;&otilde;es, o pa&iacute;s possui mais de 5 mil legisla&ccedil;&otilde;es referentes ao Imposto Sobre Servi&ccedil;os e outras 27 sobre Imposto sobre Circula&ccedil;&atilde;o de Mercadorias e Servi&ccedil;os (ICMS).<\/p>\n<p>Ainda que concordem que o pa&iacute;s depende da reforma tribut&aacute;ria para que haja novo impulso &agrave; industrializa&ccedil;&atilde;o, os participantes se dividiram entre a defesa da isonomia, como forma de &lsquo;travar&rsquo; a al&iacute;quota do novo imposto por meio de um n&uacute;mero pequeno de exce&ccedil;&otilde;es, e o tratamento diferenciado a setores como a constru&ccedil;&atilde;o civil.<\/p>\n<p>&ldquo;Tratamento espec&iacute;fico &eacute; trazer a norma tribut&aacute;ria &agrave; realidade da opera&ccedil;&atilde;o. Dentro do sistema de valor agregado, esperamos que o setor seja tratado dessa forma. Haver&aacute; uma distor&ccedil;&atilde;o na cadeia de circula&ccedil;&atilde;o, j&aacute; que h&aacute; pouca possibilidade de receber cr&eacute;ditos. Nossos insumos s&atilde;o terrenos, juros de financiamento banc&aacute;rio. Um aumento da carga pode refletir no pre&ccedil;o final do nosso produto, que &eacute; a moradia. E quando falamos de moradia trata-se de um direito constitucional&rdquo;, defendeu Fernando Guedes Ferreira Filho, da C&acirc;mara da Ind&uacute;stria Brasileira da Constru&ccedil;&atilde;o.<\/p>\n<p>&ldquo;O servi&ccedil;o do transporte est&aacute; relacionado &agrave; popula&ccedil;&atilde;o da baixa renda. Que a reforma siga o princ&iacute;pio da seletividade, que tributa bens e servi&ccedil;os sup&eacute;rfluos, pode desonerar bens e consumo essenciais. O transporte &eacute; essencial e deve ser considerado essencial em todos os seus modais&rdquo;, argumentou a consultora tributarista da Confedera&ccedil;&atilde;o Nacional do Transporte (CNT), Alessandra Brand&atilde;o, que tamb&eacute;m participou da audi&ecirc;ncia.<\/p>\n<\/p>\n<div class=\"cta-end\">\n<div class=\"im-cta\" >\n<div class=\"im-shortcode-forms bg-light bg-opacity-25 border rounded-4 p-3 p-sm-4 p-md-3 p-lg-4 px-xxl-5 my-5\" data-configuration='{\"form_name\":false,\"form_hat\":\"Newsletter\",\"form_email\":true,\"form_icon\":\"newsletter\",\"form_phone\":false,\"form_campaign\":\"NIM\",\"form_thankyou\":\"\",\"form_journey\":\"APIEvent-26a5198d-8e09-06ef-5f80-cd9127757ad1\",\"form_button\":\"Quero receber\",\"form_context\":\"newsletter\",\"form_origin\":\"https:\\\/\\\/www.infomoney.com.br\\\/politica\\\/feed\\\/?utm_medium=materia&#038;utm_source=infomoney&#038;utm_campaign=NIM&#038;utm_term=politica&#038;utm_content=newsletter\",\"form_position\":\"final\",\"form_category\":\"cta_form\"}'>\n<div class=\"d-flex flex-column align-items-center align-items-lg-start mb-4 flex-lg-row\">\n<div class=\"rounded-circle mb-2 mb-lg-0 mr-lg-4 me-lg-4 p-3 p-lg-4 bg-blue-400\"><svg width=\"40\" height=\"40\" viewBox=\"0 0 40 40\" fill=\"none\" xmlns=\"http:\/\/www.w3.org\/2000\/svg\"><path d=\"M20 20.25 6.042 11.042v19.041c0 .167.048.299.146.396a.535.535 0 0 0 .395.146h15.792V32.5H6.583a2.328 2.328 0 0 1-1.708-.708 2.328 2.328 0 0 1-.708-1.709V9.917c0-.667.236-1.236.708-1.709A2.328 2.328 0 0 1 6.583 7.5h26.834c.666 0 1.236.236 1.708.708a2.33 2.33 0 0 1 .708 1.709v12.458h-1.875V11.042L20 20.25Zm0-2 13.667-8.875H6.333L20 18.25Zm11.75 18.958-1.292-1.333 3.334-3.375h-9v-1.875h9l-3.375-3.417 1.333-1.291 5.667 5.625-5.667 5.666ZM6.042 11.042v20.791-9.458.25-13.25 1.667Z\" fill=\"#fff\"\/><\/svg><\/div>\n<div class=\"flex-fill text-center text-lg-left\">\n<div class=\"h6 small text-orange-700 lh-base mb-1\">Newsletter<\/div>\n<div class=\"text-body h4 m-0\">Infomorning<\/div>\n<div class=\"text-body small lh-base mt-2\">Receba no seu e-mail logo pela manh&atilde; as not&iacute;cias que v&atilde;o mexer com os mercados, com os seus investimentos e o seu bolso durante o dia<\/div>\n<\/div>\n<\/div>\n<\/div>\n<\/div>\n<\/div>\n<p>The post <a rel=\"nofollow noopener\" href=\"https:\/\/www.infomoney.com.br\/politica\/reforma-tributaria-industria-ve-risco-de-cumulatividade-e-defende-travas-ao-imposto-seletivo\/\" target=\"_blank\">Reforma tribut\u00e1ria: ind\u00fastria v\u00ea risco de cumulatividade e defende &#8216;travas&#8217; ao imposto seletivo<\/a> appeared first on <a rel=\"nofollow noopener\" href=\"https:\/\/www.infomoney.com.br\/\" target=\"_blank\">InfoMoney<\/a>.<\/p>\n","protected":false},"excerpt":{"rendered":"<p><img loading=\"lazy\" decoding=\"async\" width=\"300\" height=\"200\" src=\"https:\/\/www.infomoney.com.br\/wp-content\/uploads\/2020\/10\/SenadoPlenario.jpg?fit=300%2C200&amp;quality=70&amp;strip=all\" class=\"attachment-medium size-medium wp-post-image\" alt=\"\" data-attachment-id=\"1537812\" data-permalink=\"https:\/\/www.infomoney.com.br\/politica\/autonomia-do-banco-central-com-mandato-triplo-ganha-apoio-no-senado-entenda-os-principais-pontos\/attachment\/senadoplenario\/\" data-orig-file=\"https:\/\/www.infomoney.com.br\/wp-content\/uploads\/2020\/10\/SenadoPlenario.jpg?fit=799%2C533&amp;quality=70&amp;strip=all\" data-orig-size=\"799,533\" data-comments-opened=\"1\" data-image-meta='{\"aperture\":\"0\",\"credit\":\"Pedro Fran\\u00e7a\\\/Ag\\u00eancia Senado\",\"camera\":\"\",\"caption\":\"\",\"created_timestamp\":\"0\",\"copyright\":\"Senado Federal do Brasil\",\"focal_length\":\"0\",\"iso\":\"0\",\"shutter_speed\":\"0\",\"title\":\"\",\"orientation\":\"0\"}' data-image-title=\"Plen\u00e1rio do Senado Federal\" data-image-description=\"\" data-image-caption=\"&lt;p&gt;Plen\u00e1rio do Senado Federal durante sess\u00e3o deliberativa  (Foto: Pedro Fran\u00e7a\/Ag\u00eancia Senado)&lt;\/p&gt;\n\" data-medium-file=\"https:\/\/www.infomoney.com.br\/wp-content\/uploads\/2020\/10\/SenadoPlenario.jpg?fit=300%2C200&amp;quality=70&amp;strip=all\" data-large-file=\"https:\/\/www.infomoney.com.br\/wp-content\/uploads\/2020\/10\/SenadoPlenario.jpg?fit=799%2C533&amp;quality=70&amp;strip=all\">Na Comiss\u00e3o de Constitui\u00e7\u00e3o e Justi\u00e7a do Senado, representantes do setor se dividem entre defesa da isonomia e tratamento diferenciado<\/p>\n<p>The post <a rel=\"nofollow\" href=\"https:\/\/www.infomoney.com.br\/politica\/reforma-tributaria-industria-ve-risco-de-cumulatividade-e-defende-travas-ao-imposto-seletivo\/\">Reforma tribut\u00e1ria: ind\u00fastria v\u00ea risco de cumulatividade e defende \u2018travas\u2019 ao imposto seletivo<\/a> appeared first on <a rel=\"nofollow\" href=\"https:\/\/www.infomoney.com.br\/\">InfoMoney<\/a>.<\/p>\n","protected":false},"author":47,"featured_media":0,"comment_status":"closed","ping_status":"closed","sticky":false,"template":"","format":"standard","meta":{"advgb_blocks_editor_width":"","advgb_blocks_columns_visual_guide":"","footnotes":""},"categories":[3354,34,556,47,191,403],"tags":[35],"class_list":["post-31175","post","type-post","status-publish","format-standard","hentry","category-audiencia-publica","category-g1","category-impostos","category-politica","category-reforma-tributaria","category-senado","tag-g1"],"author_meta":{"display_name":"luispereira","author_link":"https:\/\/sindaopcpb.org.br\/author\/luispereira\/"},"featured_img":null,"coauthors":[],"tax_additional":{"categories":{"linked":["<a href=\"https:\/\/sindaopcpb.org.br\/audiencia-publica\/\" class=\"advgb-post-tax-term\">audi\u00eancia p\u00fablica<\/a>","<a href=\"https:\/\/sindaopcpb.org.br\/g1\/\" class=\"advgb-post-tax-term\">G1<\/a>","<a href=\"https:\/\/sindaopcpb.org.br\/impostos\/\" class=\"advgb-post-tax-term\">Impostos<\/a>","<a href=\"https:\/\/sindaopcpb.org.br\/politica\/\" class=\"advgb-post-tax-term\">POLITICA<\/a>","<a href=\"https:\/\/sindaopcpb.org.br\/reforma-tributaria\/\" class=\"advgb-post-tax-term\">reforma tribut\u00e1ria<\/a>","<a href=\"https:\/\/sindaopcpb.org.br\/senado\/\" class=\"advgb-post-tax-term\">Senado<\/a>"],"unlinked":["<span class=\"advgb-post-tax-term\">audi\u00eancia p\u00fablica<\/span>","<span class=\"advgb-post-tax-term\">G1<\/span>","<span class=\"advgb-post-tax-term\">Impostos<\/span>","<span class=\"advgb-post-tax-term\">POLITICA<\/span>","<span class=\"advgb-post-tax-term\">reforma tribut\u00e1ria<\/span>","<span class=\"advgb-post-tax-term\">Senado<\/span>"]},"tags":{"linked":["<a href=\"https:\/\/sindaopcpb.org.br\/senado\/\" class=\"advgb-post-tax-term\">g1<\/a>"],"unlinked":["<span class=\"advgb-post-tax-term\">g1<\/span>"]}},"comment_count":"0","relative_dates":{"created":"Publicado 3 anos atr\u00e1s","modified":"Atualizado 3 anos atr\u00e1s"},"absolute_dates":{"created":"Publicado em 24 de agosto de 2023","modified":"Atualizado em 24 de agosto de 2023"},"absolute_dates_time":{"created":"Publicado em 24 de agosto de 2023 14:12","modified":"Atualizado em 24 de agosto de 2023 14:12"},"featured_img_caption":"","series_order":"","_links":{"self":[{"href":"https:\/\/sindaopcpb.org.br\/index.php\/wp-json\/wp\/v2\/posts\/31175","targetHints":{"allow":["GET"]}}],"collection":[{"href":"https:\/\/sindaopcpb.org.br\/index.php\/wp-json\/wp\/v2\/posts"}],"about":[{"href":"https:\/\/sindaopcpb.org.br\/index.php\/wp-json\/wp\/v2\/types\/post"}],"author":[{"embeddable":true,"href":"https:\/\/sindaopcpb.org.br\/index.php\/wp-json\/wp\/v2\/users\/47"}],"replies":[{"embeddable":true,"href":"https:\/\/sindaopcpb.org.br\/index.php\/wp-json\/wp\/v2\/comments?post=31175"}],"version-history":[{"count":1,"href":"https:\/\/sindaopcpb.org.br\/index.php\/wp-json\/wp\/v2\/posts\/31175\/revisions"}],"predecessor-version":[{"id":31176,"href":"https:\/\/sindaopcpb.org.br\/index.php\/wp-json\/wp\/v2\/posts\/31175\/revisions\/31176"}],"wp:attachment":[{"href":"https:\/\/sindaopcpb.org.br\/index.php\/wp-json\/wp\/v2\/media?parent=31175"}],"wp:term":[{"taxonomy":"category","embeddable":true,"href":"https:\/\/sindaopcpb.org.br\/index.php\/wp-json\/wp\/v2\/categories?post=31175"},{"taxonomy":"post_tag","embeddable":true,"href":"https:\/\/sindaopcpb.org.br\/index.php\/wp-json\/wp\/v2\/tags?post=31175"}],"curies":[{"name":"wp","href":"https:\/\/api.w.org\/{rel}","templated":true}]}}