{"id":31159,"date":"2023-08-24T14:24:51","date_gmt":"2023-08-24T17:24:51","guid":{"rendered":"https:\/\/g1.globo.com\/pb\/paraiba\/especial-publicitario\/conselho-regional-de-engenharia-e-agronomia-da-paraiba\/crea-pb\/noticia\/2023\/08\/24\/sistema-confeacrea-e-mutua-realizara-eleicoes-gerais-em-novembro-deste-ano.ghtml"},"modified":"2023-08-24T14:24:51","modified_gmt":"2023-08-24T17:24:51","slug":"sistema-confea-crea-e-mutua-realizara-eleicoes-gerais-em-novembro-deste-ano","status":"publish","type":"post","link":"https:\/\/sindaopcpb.org.br\/index.php\/2023\/08\/24\/sistema-confea-crea-e-mutua-realizara-eleicoes-gerais-em-novembro-deste-ano\/","title":{"rendered":"Sistema Confea\/Crea e M\u00fatua realizar\u00e1 elei\u00e7\u00f5es gerais em novembro deste ano"},"content":{"rendered":"   <img src=\"https:\/\/s2.glbimg.com\/Gtr9WMMjqAAsKcGTuI8y3705MlA=\/i.s3.glbimg.com\/v1\/AUTH_59edd422c0c84a879bd37670ae4f538a\/internal_photos\/bs\/2023\/U\/B\/ZT2LstT265smsoLIvtxQ\/imagem122.jpg\" \/><br \/>     Os profissionais aptos para votar ir\u00e3o participar das elei\u00e7\u00f5es de forma online Sistema Confea\/Crea e M\u00fatua realizar\u00e1 elei\u00e7\u00f5es gerais online em novembro deste ano\nAscom CREA-PB\nAs elei\u00e7\u00f5es ser\u00e3o realizadas no dia 17 de novembro de 2023 (sexta-feira), de forma virtual, no per\u00edodo de 8h \u00e0s 19h, no hor\u00e1rio de Bras\u00edlia-DF, e todo profissional registrado e em dia com as obriga\u00e7\u00f5es perante o Sistema Confea\/Crea at\u00e9 30 (trinta) dias antes da data da elei\u00e7\u00e3o \u00e9 considerado eleitor e votar\u00e1 na circunscri\u00e7\u00e3o do Crea onde quitou sua \u00faltima anuidade, independente do seu registro origin\u00e1rio ou locais onde possuir visto.\nProfissional em dia com as suas obriga\u00e7\u00f5es \u00e9 aquele que n\u00e3o possui quaisquer d\u00e9bitos perante o Crea, ou seja, obriga\u00e7\u00e3o exig\u00edvel e vencida, de natureza tribut\u00e1ria ou n\u00e3o tribut\u00e1ria, constitu\u00eddos ou n\u00e3o, inscritos ou n\u00e3o em d\u00edvida ativa, decorrentes de anuidades, taxas, emolumentos ou multas por infra\u00e7\u00e3o, inclusive aqueles que foram objeto de parcelamento e possuam parcela vencida e n\u00e3o paga.\nA vota\u00e7\u00e3o ser\u00e1 realizada pela no site votaconfea.com.br, e o profissional apto a votar se ir\u00e1 de autenticar na ferramenta atrav\u00e9s de login (CPF) e senha enviada por e-mail e\/ou mensagem de celular, por isso, \u00e9 imprescind\u00edvel que seus dados cadastrais estejam atualizados no sistema do seu conselho regional. \nNo pleito eleitoral ser\u00e3o eleitos representantes dos seguintes cargos:\nPresidentes do Confea;\nPresidentes dos Conselhos Regionais de Engenharia e Agronomia (Creas);\nConselheiro Federal e seu suplente representantes das Modalidades e dos Grupos\/Categorias, nos seguintes estados: Esp\u00edrito Santo (Agronomia), Goi\u00e1s (El\u00e9trica), Pernambuco (Agronomia), Rio Grande do Norte (Civil) e S\u00e3o Paulo (Industrial)\nConselheiro Federal representante de Institui\u00e7\u00f5es de Ensino Superior pertencente ao Grupo Engenharia;\nDiretores Gerais e Diretores Administrativos das Caixas de Assist\u00eancia dos profissionais dos Creas (\u201cM\u00fatuas Regionais\u201d).  ","protected":false},"excerpt":{"rendered":"<p>        Os profissionais aptos para votar ir\u00e3o participar das elei\u00e7\u00f5es de forma online Sistema Confea\/Crea e M\u00fatua realizar\u00e1 elei\u00e7\u00f5es gerais online em novembro deste ano<br \/>\nAscom CREA-PB<br \/>\nAs elei\u00e7\u00f5es ser\u00e3o realizadas no dia 17 de novembro de 2023 (sexta-fe&#8230;<\/p>\n","protected":false},"author":2,"featured_media":0,"comment_status":"closed","ping_status":"closed","sticky":false,"template":"","format":"standard","meta":{"advgb_blocks_editor_width":"","advgb_blocks_columns_visual_guide":"","footnotes":""},"categories":[34],"tags":[35],"class_list":["post-31159","post","type-post","status-publish","format-standard","hentry","category-g1","tag-g1"],"author_meta":{"display_name":"g1 &gt; Para\u00edba","author_link":"https:\/\/sindaopcpb.org.br\/author\/g1-paraiba\/"},"featured_img":null,"coauthors":[],"tax_additional":{"categories":{"linked":["<a href=\"https:\/\/sindaopcpb.org.br\/g1\/\" class=\"advgb-post-tax-term\">G1<\/a>"],"unlinked":["<span class=\"advgb-post-tax-term\">G1<\/span>"]},"tags":{"linked":["<a href=\"https:\/\/sindaopcpb.org.br\/g1\/\" class=\"advgb-post-tax-term\">g1<\/a>"],"unlinked":["<span class=\"advgb-post-tax-term\">g1<\/span>"]}},"comment_count":"0","relative_dates":{"created":"Publicado 3 anos atr\u00e1s","modified":"Atualizado 3 anos atr\u00e1s"},"absolute_dates":{"created":"Publicado em 24 de agosto de 2023","modified":"Atualizado em 24 de agosto de 2023"},"absolute_dates_time":{"created":"Publicado em 24 de agosto de 2023 14:24","modified":"Atualizado em 24 de agosto de 2023 14:24"},"featured_img_caption":"","series_order":"","_links":{"self":[{"href":"https:\/\/sindaopcpb.org.br\/index.php\/wp-json\/wp\/v2\/posts\/31159","targetHints":{"allow":["GET"]}}],"collection":[{"href":"https:\/\/sindaopcpb.org.br\/index.php\/wp-json\/wp\/v2\/posts"}],"about":[{"href":"https:\/\/sindaopcpb.org.br\/index.php\/wp-json\/wp\/v2\/types\/post"}],"author":[{"embeddable":true,"href":"https:\/\/sindaopcpb.org.br\/index.php\/wp-json\/wp\/v2\/users\/2"}],"replies":[{"embeddable":true,"href":"https:\/\/sindaopcpb.org.br\/index.php\/wp-json\/wp\/v2\/comments?post=31159"}],"version-history":[{"count":1,"href":"https:\/\/sindaopcpb.org.br\/index.php\/wp-json\/wp\/v2\/posts\/31159\/revisions"}],"predecessor-version":[{"id":31160,"href":"https:\/\/sindaopcpb.org.br\/index.php\/wp-json\/wp\/v2\/posts\/31159\/revisions\/31160"}],"wp:attachment":[{"href":"https:\/\/sindaopcpb.org.br\/index.php\/wp-json\/wp\/v2\/media?parent=31159"}],"wp:term":[{"taxonomy":"category","embeddable":true,"href":"https:\/\/sindaopcpb.org.br\/index.php\/wp-json\/wp\/v2\/categories?post=31159"},{"taxonomy":"post_tag","embeddable":true,"href":"https:\/\/sindaopcpb.org.br\/index.php\/wp-json\/wp\/v2\/tags?post=31159"}],"curies":[{"name":"wp","href":"https:\/\/api.w.org\/{rel}","templated":true}]}}