{"id":31089,"date":"2023-08-24T08:53:47","date_gmt":"2023-08-24T11:53:47","guid":{"rendered":"https:\/\/www.infomoney.com.br\/?p=2224323"},"modified":"2023-08-24T08:53:47","modified_gmt":"2023-08-24T11:53:47","slug":"camara-aprova-mp-que-reajusta-salario-minimo-e-amplia-faixa-de-isencao-do-ir-offshores-ficam-de-fora-por-acordo","status":"publish","type":"post","link":"https:\/\/sindaopcpb.org.br\/index.php\/2023\/08\/24\/camara-aprova-mp-que-reajusta-salario-minimo-e-amplia-faixa-de-isencao-do-ir-offshores-ficam-de-fora-por-acordo\/","title":{"rendered":"C\u00e2mara aprova MP que reajusta sal\u00e1rio m\u00ednimo e amplia faixa de isen\u00e7\u00e3o do IR; \u201coffshores\u201d ficam de fora por acordo"},"content":{"rendered":"<p><img loading=\"lazy\" width=\"300\" height=\"185\" src=\"https:\/\/www.infomoney.com.br\/wp-content\/uploads\/2023\/08\/img20230703195904646MED.jpg?fit=300%2C185&amp;quality=70&amp;strip=all\" class=\"attachment-medium size-medium wp-post-image\" alt=\"\" decoding=\"async\" style=\"float:right; margin:0 0 10px 10px;\" srcset=\"https:\/\/www.infomoney.com.br\/wp-content\/uploads\/2023\/08\/img20230703195904646MED.jpg?w=1000&amp;quality=70&amp;strip=all 1000w, https:\/\/www.infomoney.com.br\/wp-content\/uploads\/2023\/08\/img20230703195904646MED.jpg?w=300&amp;quality=70&amp;strip=all 300w, https:\/\/www.infomoney.com.br\/wp-content\/uploads\/2023\/08\/img20230703195904646MED.jpg?w=768&amp;quality=70&amp;strip=all 768w, https:\/\/www.infomoney.com.br\/wp-content\/uploads\/2023\/08\/img20230703195904646MED.jpg?w=150&amp;quality=70&amp;strip=all 150w\" sizes=\"auto, (max-width: 300px) 100vw, 300px\" data-attachment-id=\"2210786\" data-permalink=\"https:\/\/www.infomoney.com.br\/politica\/comissao-incorpora-mp-das-offshores-mas-acata-sugestoes-veja-o-que-mudou-no-texto\/attachment\/img20230703195904646med\/\" data-orig-file=\"https:\/\/www.infomoney.com.br\/wp-content\/uploads\/2023\/08\/img20230703195904646MED.jpg?fit=1000%2C616&amp;quality=70&amp;strip=all\" data-orig-size=\"1000,616\" data-comments-opened=\"0\" data-image-meta=\"{&quot;aperture&quot;:&quot;0&quot;,&quot;credit&quot;:&quot;&quot;,&quot;camera&quot;:&quot;&quot;,&quot;caption&quot;:&quot;&quot;,&quot;created_timestamp&quot;:&quot;0&quot;,&quot;copyright&quot;:&quot;&quot;,&quot;focal_length&quot;:&quot;0&quot;,&quot;iso&quot;:&quot;0&quot;,&quot;shutter_speed&quot;:&quot;0&quot;,&quot;title&quot;:&quot;&quot;,&quot;orientation&quot;:&quot;0&quot;}\" data-image-title=\"Deputado Merlong Solano\" data-image-description=\"\" data-image-caption=\"&lt;p&gt;O deputado Merlong Solano (PT-PI) discursa da tribuna durante sess\u00e3o plen\u00e1ria (Foto: Bruno Spada\/C\u00e2mara dos Deputados)&lt;\/p&gt;\n\" data-medium-file=\"https:\/\/www.infomoney.com.br\/wp-content\/uploads\/2023\/08\/img20230703195904646MED.jpg?fit=300%2C185&amp;quality=70&amp;strip=all\" data-large-file=\"https:\/\/www.infomoney.com.br\/wp-content\/uploads\/2023\/08\/img20230703195904646MED.jpg?fit=1000%2C616&amp;quality=70&amp;strip=all\" title=\"\"><\/p>\n<p>O plen&aacute;rio da C&acirc;mara dos Deputados aprovou, na noite desta quarta-feira (23), o projeto de lei de convers&atilde;o oriundo de medida provis&oacute;ria que tratava do novo patamar do sal&aacute;rio m&iacute;nimo e das regras para sua valoriza&ccedil;&atilde;o (MPV 1172\/2023).<\/p>\n<p>O texto, relatado pelo deputado Merlong Solano (PT-PI), recebeu 439 votos favor&aacute;veis e 1 contr&aacute;rio e agora segue para an&aacute;lise do Senado Federal, que tem at&eacute; a pr&oacute;xima segunda-feira (28) para votar &#8210; caso contr&aacute;rio, ele atinge o prazo m&aacute;ximo de 120 dias e &ldquo;caduca&rdquo; (ou seja, perde validade).<\/p>\n<p>Durante a tramita&ccedil;&atilde;o no colegiado, foi incorporada ao texto parte do conte&uacute;do de outra medida provis&oacute;ria editada pelo presidente Luiz In&aacute;cio Lula da Silva (PT), que tratava da atualiza&ccedil;&atilde;o da faixa de isen&ccedil;&atilde;o do Imposto de Renda Pessoa F&iacute;sica (MPV 1171\/2023), e que vai caducar na semana que vem.<\/p>\n<p>O relator tamb&eacute;m tentou incluir em seu substitutivo dispositivo que alterava as regras de tributa&ccedil;&atilde;o sobre aplica&ccedil;&otilde;es financeiras mantidas por brasileiros no exterior, com altera&ccedil;&otilde;es importantes no caso de investimentos via &ldquo;offshores&rdquo;, al&eacute;m de uma regulamenta&ccedil;&atilde;o dos &ldquo;trusts&rdquo;. Mas precisou recuar em meio &agrave; resist&ecirc;ncia dos parlamentares &agrave; manobra n&atilde;o combinada previamente.<\/p>\n<p>Diante das dificuldades, o governo costurou um acordo com lideran&ccedil;as da casa legislativa para tratar dos temas em outro projeto de lei a ser enviado ao Congresso Nacional em regime de urg&ecirc;ncia nas pr&oacute;ximas semanas. A medida &eacute; tida como priorit&aacute;ria na agenda do ministro da Fazenda, Fernando Haddad (PT), que promete zerar o d&eacute;ficit prim&aacute;rio em 2024.<\/p>\n<p>O texto aprovado pelos deputados ratifica o novo sal&aacute;rio m&iacute;nimo a R$ 1.320,00, vigente desde 1&ordm; de maio de 2023. Os valores di&aacute;rio e hor&aacute;rio tamb&eacute;m foram aprovados a R$ 44,00 e R$ 6,00, respectivamente, conforme previa a proposta original encaminhada pelo Pal&aacute;cio do Planalto.<\/p>\n<p>Pela vers&atilde;o aprovada, tamb&eacute;m ficam estabelecidas as diretrizes para a pol&iacute;tica de valoriza&ccedil;&atilde;o do sal&aacute;rio m&iacute;nimo, que entra em vigor a partir de 2024. O valor dos reajustes decorrer&aacute; da soma do &iacute;ndice de medida da infla&ccedil;&atilde;o do ano anterior, para a preserva&ccedil;&atilde;o do poder aquisitivo, com o &iacute;ndice correspondente ao crescimento real do Produto Interno Bruto (PIB) de dois anos anteriores.<\/p>\n<p>A infla&ccedil;&atilde;o utilizada como base de c&aacute;lculo ser&aacute; a do o &Iacute;ndice Nacional de Pre&ccedil;os ao Consumidor (INPC), divulgada pelo Instituto Brasileiro de Geografia e Estat&iacute;stica (IBGE), acumulada em 12 meses at&eacute; novembro. Em caso de crescimento real negativo da economia, o reajuste do m&iacute;nimo n&atilde;o incorporar&aacute; a varia&ccedil;&atilde;o do PIB, mas apenas da infla&ccedil;&atilde;o.<\/p>\n<p>Considerando o crescimento de 2,90% do PIB em 2022 e a estimativa do Projeto de Lei de Diretrizes Or&ccedil;ament&aacute;rias (PLDO) de 2024 de um crescimento de 1,6% e 2,3% neste ano e no pr&oacute;ximo, respectivamente, o sal&aacute;rio m&iacute;nimo aumentaria, com essa regra, para R$ 1.461,00 em 2024, R$ 1.534,00 em 2025 e R$ 1614,00 em 2026.<\/p>\n<p>Em seu parecer, o relator defendeu que &ldquo;a nova pol&iacute;tica de valoriza&ccedil;&atilde;o n&atilde;o provoca distor&ccedil;&otilde;es nos custos de produ&ccedil;&atilde;o, tendo em vista que o ganho real concedido seria acompanhado pelo aumento da produtividade&rdquo;. E acrescentou que a medida alavanca o consumo interno e a atividade econ&ocirc;mica.<\/p>\n<p>&ldquo;Acreditamos ser fundamental a defini&ccedil;&atilde;o de uma pol&iacute;tica de Estado que associe distribui&ccedil;&atilde;o de renda ao incentivo ao desenvolvimento econ&ocirc;mico, especialmente em tempos como o momento atual, de empobrecimento persistente da popula&ccedil;&atilde;o e da classe trabalhadora fortemente impactada por restri&ccedil;&otilde;es de direitos decorrentes de altera&ccedil;&otilde;es legislativas passadas. O Congresso precisa assumir o protagonismo necess&aacute;rio para implementar o novo ciclo de valoriza&ccedil;&atilde;o da remunera&ccedil;&atilde;o de refer&ecirc;ncia da sociedade&rdquo;, sustentou.<\/p>\n<p>Pelo texto aprovado, os rendimentos isentos de IRPF aumentam de R$ 1.903,98 para R$ 2.112,00 a partir de 1&ordm; de maio de 2023. As demais faixas da tabela, contudo, n&atilde;o sofreram altera&ccedil;&atilde;o.<\/p>\n<p>Segundo a proposta, que ainda precisa ser aprovada pelo Senado Federal, a isen&ccedil;&atilde;o pode chegar ao valor bruto de at&eacute; R$ 2.640,00 mensais se o desconto simplificado ao m&ecirc;s, criado pela MPV, for maior que as dedu&ccedil;&otilde;es mensais permitidas.<\/p>\n<p>Esse desconto simplificado &eacute; de 25% (R$ 528,00) da atual faixa de isen&ccedil;&atilde;o (R$ 2.112,00). Dessa forma, se as dedu&ccedil;&otilde;es com dependentes, Previd&ecirc;ncia Social e at&eacute; mesmo pens&atilde;o aliment&iacute;cia somarem menos que os 25% da faixa, o desconto simplificado ser&aacute; aplicado em vez das demais dedu&ccedil;&otilde;es.<\/p>\n<p>Com essa sistem&aacute;tica, quem ganha at&eacute; R$ 2.640,00 (dois sal&aacute;rios m&iacute;nimos atuais) poder&aacute; contar com R$ 528,00 a t&iacute;tulo de desconto mensal para n&atilde;o pagar Imposto de Renda.<\/p>\n<p>O aumento da faixa de isen&ccedil;&atilde;o no IRPF dever&aacute; reduzir a arrecada&ccedil;&atilde;o em R$ 3,2 bilh&otilde;es nos &uacute;ltimos sete meses de 2023, R$ 5,88 bilh&otilde;es em 2024 e R$ 6,27 bilh&otilde;es em 2025, segundo estimativas do Minist&eacute;rio da Fazenda. A nova faixa dever&aacute; beneficiar mais de 13 milh&otilde;es de contribuintes.<\/p>\n<h2><strong>Aumento real<\/strong><\/h2>\n<p>Durante a discuss&atilde;o da medida provis&oacute;ria, deputados da base do governo ressaltaram a retomada do aumento real do m&iacute;nimo nacional. Eles destacaram que a proposta concretiza uma das principais promessas de campanha do presidente Luiz In&aacute;cio Lula da Silva.<\/p>\n<p>&ldquo;&Eacute; com aumento real que a gente muda a vida do povo. Nos nossos governos, o sal&aacute;rio m&iacute;nimo cresceu 77%&rdquo;, disse o deputado Lindbergh Farias (PT-RJ).<\/p>\n<p>O deputado Bohn Gass (PT-RS) ressaltou que a pol&iacute;tica de valoriza&ccedil;&atilde;o do m&iacute;nimo beneficiar&aacute; a maioria da popula&ccedil;&atilde;o. &ldquo;O Brasil tem pressa para ter um reajuste real do sal&aacute;rio m&iacute;nimo&rdquo;, disse.<\/p>\n<p>O deputado Chico Alencar (Psol-RJ) afirmou que o valor poderia ser maior, mas considerou urgente a pol&iacute;tica de valoriza&ccedil;&atilde;o.<\/p>\n<p>Para o deputado Pompeo de Mattos (PDT-RS), a proposta corrige injusti&ccedil;as. &ldquo;Era melhor do que se tinha, &eacute; uma proposta em favor do aumento da capacidade de compra dos trabalhadores&rdquo;, declarou.<\/p>\n<h2><strong>Tabela do IR<\/strong><\/h2>\n<p>A deputada Erika Kokay (PT-DF) destacou a atualiza&ccedil;&atilde;o da tabela do Imposto de Renda, que foi incorporada ao texto da medida provis&oacute;ria. &ldquo;Em sete meses, temos a pol&iacute;tica de sal&aacute;rio m&iacute;nimo e a isen&ccedil;&atilde;o de Imposto de Renda a quem ganha dois sal&aacute;rios m&iacute;nimos. &Eacute; porque &lsquo;fizemos o L&rsquo; que estamos acabando com uma defasagem no IR que, no governo Bolsonaro, foi de 31%&rdquo;, disse.<\/p>\n<p>O deputado Capit&atilde;o Alberto Neto (PL-AM), no entanto, disse que o reajuste na tabela do Imposto de Renda n&atilde;o cumpre as promessas de campanha. &ldquo;N&oacute;s queremos discutir a tabela em um projeto de lei para cobrar a promessa de que a isen&ccedil;&atilde;o seria de R$ 5 mil&rdquo;, explicou. O partido fez obstru&ccedil;&atilde;o &agrave; medida.<\/p>\n<p>J&aacute; a deputada Jandira Feghali (PCdoB-RJ) acusou a oposi&ccedil;&atilde;o de tentar tumultuar a vota&ccedil;&atilde;o. &ldquo;A promessa do presidente &eacute; garantir a isen&ccedil;&atilde;o da tabela para quem ganha R$ 5 mil ao longo dos quatro anos de seu governo&rdquo;, disse.<\/p>\n<p>O l&iacute;der da oposi&ccedil;&atilde;o, deputado Carlos Jordy (PL-RJ), criticou a discuss&atilde;o do Imposto de Renda junto com o sal&aacute;rio m&iacute;nimo. &ldquo;O governo colocou um &lsquo;jabuti&rsquo; dentro da MP para pressionar os deputados a votarem a favor desta mat&eacute;ria.<\/p>\n<p>(com Ag&ecirc;ncia C&acirc;mara)<\/p>\n<\/p>\n<div class=\"cta-end\">\n<div class=\"im-cta\" >\n<div class=\"im-shortcode-forms bg-light bg-opacity-25 border rounded-4 p-3 p-sm-4 p-md-3 p-lg-4 px-xxl-5 my-5\" data-configuration='{\"form_name\":false,\"form_hat\":\"Newsletter\",\"form_email\":true,\"form_icon\":\"newsletter\",\"form_phone\":false,\"form_campaign\":\"NIM\",\"form_thankyou\":\"\",\"form_journey\":\"APIEvent-26a5198d-8e09-06ef-5f80-cd9127757ad1\",\"form_button\":\"Quero receber\",\"form_context\":\"newsletter\",\"form_origin\":\"https:\\\/\\\/www.infomoney.com.br\\\/politica\\\/feed\\\/?utm_medium=materia&#038;utm_source=infomoney&#038;utm_campaign=NIM&#038;utm_term=politica&#038;utm_content=newsletter\",\"form_position\":\"final\",\"form_category\":\"cta_form\"}'>\n<div class=\"d-flex flex-column align-items-center align-items-lg-start mb-4 flex-lg-row\">\n<div class=\"rounded-circle mb-2 mb-lg-0 mr-lg-4 me-lg-4 p-3 p-lg-4 bg-blue-400\"><svg width=\"40\" height=\"40\" viewBox=\"0 0 40 40\" fill=\"none\" xmlns=\"http:\/\/www.w3.org\/2000\/svg\"><path d=\"M20 20.25 6.042 11.042v19.041c0 .167.048.299.146.396a.535.535 0 0 0 .395.146h15.792V32.5H6.583a2.328 2.328 0 0 1-1.708-.708 2.328 2.328 0 0 1-.708-1.709V9.917c0-.667.236-1.236.708-1.709A2.328 2.328 0 0 1 6.583 7.5h26.834c.666 0 1.236.236 1.708.708a2.33 2.33 0 0 1 .708 1.709v12.458h-1.875V11.042L20 20.25Zm0-2 13.667-8.875H6.333L20 18.25Zm11.75 18.958-1.292-1.333 3.334-3.375h-9v-1.875h9l-3.375-3.417 1.333-1.291 5.667 5.625-5.667 5.666ZM6.042 11.042v20.791-9.458.25-13.25 1.667Z\" fill=\"#fff\"\/><\/svg><\/div>\n<div class=\"flex-fill text-center text-lg-left\">\n<div class=\"h6 small text-orange-700 lh-base mb-1\">Newsletter<\/div>\n<div class=\"text-body h4 m-0\">Infomorning<\/div>\n<div class=\"text-body small lh-base mt-2\">Receba no seu e-mail logo pela manh&atilde; as not&iacute;cias que v&atilde;o mexer com os mercados, com os seus investimentos e o seu bolso durante o dia<\/div>\n<\/div>\n<\/div>\n<\/div>\n<\/div>\n<\/div>\n<p>The post <a rel=\"nofollow noopener\" href=\"https:\/\/www.infomoney.com.br\/politica\/camara-aprova-mp-que-reajusta-salario-minimo-e-amplia-faixa-de-isencao-do-ir-offshores-ficam-de-fora-por-acordo\/\" target=\"_blank\">C\u00e2mara aprova MP que reajusta sal\u00e1rio m\u00ednimo e amplia faixa de isen\u00e7\u00e3o do IR; &#8220;offshores&#8221; ficam de fora por acordo<\/a> appeared first on <a rel=\"nofollow noopener\" href=\"https:\/\/www.infomoney.com.br\/\" target=\"_blank\">InfoMoney<\/a>.<\/p>\n","protected":false},"excerpt":{"rendered":"<p><img loading=\"lazy\" decoding=\"async\" width=\"300\" height=\"185\" src=\"https:\/\/www.infomoney.com.br\/wp-content\/uploads\/2023\/08\/img20230703195904646MED.jpg?fit=300%2C185&amp;quality=70&amp;strip=all\" class=\"attachment-medium size-medium wp-post-image\" alt=\"\" data-attachment-id=\"2210786\" data-permalink=\"https:\/\/www.infomoney.com.br\/politica\/comissao-incorpora-mp-das-offshores-mas-acata-sugestoes-veja-o-que-mudou-no-texto\/attachment\/img20230703195904646med\/\" data-orig-file=\"https:\/\/www.infomoney.com.br\/wp-content\/uploads\/2023\/08\/img20230703195904646MED.jpg?fit=1000%2C616&amp;quality=70&amp;strip=all\" data-orig-size=\"1000,616\" data-comments-opened=\"0\" data-image-meta='{\"aperture\":\"0\",\"credit\":\"\",\"camera\":\"\",\"caption\":\"\",\"created_timestamp\":\"0\",\"copyright\":\"\",\"focal_length\":\"0\",\"iso\":\"0\",\"shutter_speed\":\"0\",\"title\":\"\",\"orientation\":\"0\"}' data-image-title=\"Deputado Merlong Solano\" data-image-description=\"\" data-image-caption=\"&lt;p&gt;O deputado Merlong Solano (PT-PI) discursa da tribuna durante sess\u00e3o plen\u00e1ria (Foto: Bruno Spada\/C\u00e2mara dos Deputados)&lt;\/p&gt;\n\" data-medium-file=\"https:\/\/www.infomoney.com.br\/wp-content\/uploads\/2023\/08\/img20230703195904646MED.jpg?fit=300%2C185&amp;quality=70&amp;strip=all\" data-large-file=\"https:\/\/www.infomoney.com.br\/wp-content\/uploads\/2023\/08\/img20230703195904646MED.jpg?fit=1000%2C616&amp;quality=70&amp;strip=all\">Substitutivo recebeu 439 votos favor\u00e1veis e 1 contr\u00e1rio e agora segue para an\u00e1lise do Senado Federal, que tem at\u00e9 a pr\u00f3xima segunda-feira para votar<\/p>\n<p>The post <a rel=\"nofollow\" href=\"https:\/\/www.infomoney.com.br\/politica\/camara-aprova-mp-que-reajusta-salario-minimo-e-amplia-faixa-de-isencao-do-ir-offshores-ficam-de-fora-por-acordo\/\">C\u00e2mara aprova MP que reajusta sal\u00e1rio m\u00ednimo e amplia faixa de isen\u00e7\u00e3o do IR; \u201coffshores\u201d ficam de fora por acordo<\/a> appeared first on <a rel=\"nofollow\" href=\"https:\/\/www.infomoney.com.br\/\">InfoMoney<\/a>.<\/p>\n","protected":false},"author":52,"featured_media":0,"comment_status":"closed","ping_status":"closed","sticky":false,"template":"","format":"standard","meta":{"advgb_blocks_editor_width":"","advgb_blocks_columns_visual_guide":"","footnotes":""},"categories":[276,359,34,1053,129,432,47,572],"tags":[35],"class_list":["post-31089","post","type-post","status-publish","format-standard","hentry","category-camara-dos-deputados","category-congresso-nacional","category-g1","category-imposto-de-renda","category-luiz-inacio-lula-da-silva","category-medida-provisoria","category-politica","category-salario-minimo","tag-g1"],"author_meta":{"display_name":"Marcos Mortari","author_link":"https:\/\/sindaopcpb.org.br\/author\/marcos-mortari\/"},"featured_img":null,"coauthors":[],"tax_additional":{"categories":{"linked":["<a href=\"https:\/\/sindaopcpb.org.br\/camara-dos-deputados\/\" class=\"advgb-post-tax-term\">C\u00e2mara dos Deputados<\/a>","<a href=\"https:\/\/sindaopcpb.org.br\/congresso-nacional\/\" class=\"advgb-post-tax-term\">Congresso Nacional<\/a>","<a href=\"https:\/\/sindaopcpb.org.br\/g1\/\" class=\"advgb-post-tax-term\">G1<\/a>","<a href=\"https:\/\/sindaopcpb.org.br\/imposto-de-renda\/\" class=\"advgb-post-tax-term\">Imposto de Renda<\/a>","<a href=\"https:\/\/sindaopcpb.org.br\/luiz-inacio-lula-da-silva\/\" class=\"advgb-post-tax-term\">Luiz In\u00e1cio Lula da Silva<\/a>","<a href=\"https:\/\/sindaopcpb.org.br\/medida-provisoria\/\" class=\"advgb-post-tax-term\">Medida Provis\u00f3ria<\/a>","<a href=\"https:\/\/sindaopcpb.org.br\/politica\/\" class=\"advgb-post-tax-term\">POLITICA<\/a>","<a href=\"https:\/\/sindaopcpb.org.br\/salario-minimo\/\" class=\"advgb-post-tax-term\">Sal\u00e1rio M\u00ednimo<\/a>"],"unlinked":["<span class=\"advgb-post-tax-term\">C\u00e2mara dos Deputados<\/span>","<span class=\"advgb-post-tax-term\">Congresso Nacional<\/span>","<span class=\"advgb-post-tax-term\">G1<\/span>","<span class=\"advgb-post-tax-term\">Imposto de Renda<\/span>","<span class=\"advgb-post-tax-term\">Luiz In\u00e1cio Lula da Silva<\/span>","<span class=\"advgb-post-tax-term\">Medida Provis\u00f3ria<\/span>","<span class=\"advgb-post-tax-term\">POLITICA<\/span>","<span class=\"advgb-post-tax-term\">Sal\u00e1rio M\u00ednimo<\/span>"]},"tags":{"linked":["<a href=\"https:\/\/sindaopcpb.org.br\/salario-minimo\/\" class=\"advgb-post-tax-term\">g1<\/a>"],"unlinked":["<span class=\"advgb-post-tax-term\">g1<\/span>"]}},"comment_count":"0","relative_dates":{"created":"Publicado 3 anos atr\u00e1s","modified":"Atualizado 3 anos atr\u00e1s"},"absolute_dates":{"created":"Publicado em 24 de agosto de 2023","modified":"Atualizado em 24 de agosto de 2023"},"absolute_dates_time":{"created":"Publicado em 24 de agosto de 2023 08:53","modified":"Atualizado em 24 de agosto de 2023 08:53"},"featured_img_caption":"","series_order":"","_links":{"self":[{"href":"https:\/\/sindaopcpb.org.br\/index.php\/wp-json\/wp\/v2\/posts\/31089","targetHints":{"allow":["GET"]}}],"collection":[{"href":"https:\/\/sindaopcpb.org.br\/index.php\/wp-json\/wp\/v2\/posts"}],"about":[{"href":"https:\/\/sindaopcpb.org.br\/index.php\/wp-json\/wp\/v2\/types\/post"}],"author":[{"embeddable":true,"href":"https:\/\/sindaopcpb.org.br\/index.php\/wp-json\/wp\/v2\/users\/52"}],"replies":[{"embeddable":true,"href":"https:\/\/sindaopcpb.org.br\/index.php\/wp-json\/wp\/v2\/comments?post=31089"}],"version-history":[{"count":2,"href":"https:\/\/sindaopcpb.org.br\/index.php\/wp-json\/wp\/v2\/posts\/31089\/revisions"}],"predecessor-version":[{"id":31099,"href":"https:\/\/sindaopcpb.org.br\/index.php\/wp-json\/wp\/v2\/posts\/31089\/revisions\/31099"}],"wp:attachment":[{"href":"https:\/\/sindaopcpb.org.br\/index.php\/wp-json\/wp\/v2\/media?parent=31089"}],"wp:term":[{"taxonomy":"category","embeddable":true,"href":"https:\/\/sindaopcpb.org.br\/index.php\/wp-json\/wp\/v2\/categories?post=31089"},{"taxonomy":"post_tag","embeddable":true,"href":"https:\/\/sindaopcpb.org.br\/index.php\/wp-json\/wp\/v2\/tags?post=31089"}],"curies":[{"name":"wp","href":"https:\/\/api.w.org\/{rel}","templated":true}]}}