{"id":31087,"date":"2023-08-24T07:42:53","date_gmt":"2023-08-24T10:42:53","guid":{"rendered":"https:\/\/wpa.wscom.com.br\/?p=919498"},"modified":"2023-08-24T07:42:53","modified_gmt":"2023-08-24T10:42:53","slug":"motociclista-fica-em-estado-grave-apos-colisao-com-onibus-na-br-230-em-joao-pessoa","status":"publish","type":"post","link":"https:\/\/sindaopcpb.org.br\/index.php\/2023\/08\/24\/motociclista-fica-em-estado-grave-apos-colisao-com-onibus-na-br-230-em-joao-pessoa\/","title":{"rendered":"Motociclista fica em estado grave ap\u00f3s colis\u00e3o com \u00f4nibus na BR-230, em Jo\u00e3o Pessoa"},"content":{"rendered":"<p>&nbsp;<\/p>\n<p>&nbsp;<\/p>\n<p>Na tarde desta quarta-feira (23), um acidente ocorreu na BR-230, pr\u00f3ximo \u00e0 Sede da Pol\u00edcia Federal em Jo\u00e3o Pessoa, deixando uma jovem motociclista de 23 anos gravemente ferida. A colis\u00e3o envolveu uma motocicleta e um \u00f4nibus que transportava estudantes, resultando em interdi\u00e7\u00e3o da faixa de rolamento direita e congestionamento no sentido Cabedelo\/Jo\u00e3o Pessoa.<\/p>\n<p>De acordo com as informa\u00e7\u00f5es fornecidas pela Pol\u00edcia Rodovi\u00e1ria Federal (PRF), a motociclista transitava pelo corredor entre os carros quando perdeu o equil\u00edbrio e colidiu lateralmente com o \u00f4nibus. O motorista do \u00f4nibus conseguir agiu rapidamente ao frear de forma brusca e impedir que o ve\u00edculo passasse por cima da motocicleta.<\/p>\n<p>A v\u00edtima sofreu les\u00f5es graves devido ao impacto e foi prontamente socorrida pelo Servi\u00e7o M\u00f3vel de Urg\u00eancia (Samu) para o Hospital de Emerg\u00eancia e Trauma da Capital. A jovem recebeu os primeiros atendimentos ainda no local do acidente e posteriormente passou por procedimentos de emerg\u00eancia no hospital.<\/p>\n<p>A PRF ressaltou que o uso do corredor entre as faixas de tr\u00e1fego, embora seja uma pr\u00e1tica comum entre motociclistas na BR-230 e em outras vias principais, \u00e9 uma a\u00e7\u00e3o irregular e perigosa. O policial rodovi\u00e1rio Reginaldo Dutra enfatizou os riscos dessa conduta, mencionando que &#8220;a falta de espa\u00e7o e a perda de controle podem facilmente resultar em atropelamentos ou colis\u00f5es lateral.&#8221;<\/p>\n<p>&nbsp;<\/p>\n<p>&nbsp;<\/p>\n<p>O post <a rel=\"nofollow noopener\" href=\"https:\/\/wscom.com.br\/motociclista-sofre-graves-lesoes-apos-colisao-com-onibus-na-br-230\/\" target=\"_blank\">Motociclista fica em estado grave ap\u00f3s colis\u00e3o com \u00f4nibus na BR-230, em Jo\u00e3o Pessoa<\/a> apareceu primeiro em <a rel=\"nofollow noopener\" href=\"https:\/\/wscom.com.br\/\" target=\"_blank\">WSCOM<\/a>.<\/p>\n","protected":false},"excerpt":{"rendered":"<p>\u00a0 \u00a0 Na tarde desta quarta-feira (23), um acidente ocorreu na BR-230, pr\u00f3ximo \u00e0 Sede da Pol\u00edcia Federal em Jo\u00e3o Pessoa, deixando uma jovem motociclista de 23 anos gravemente ferida. A colis\u00e3o envolveu uma motocicleta e um \u00f4nibus que transportava estudantes, resultando em interdi\u00e7\u00e3o da faixa de rolamento direita e congestionamento no sentido Cabedelo\/Jo\u00e3o Pessoa. [\u2026]<\/p>\n<p>O post <a rel=\"nofollow\" href=\"https:\/\/wscom.com.br\/motociclista-sofre-graves-lesoes-apos-colisao-com-onibus-na-br-230\/\">Motociclista fica em estado grave ap\u00f3s colis\u00e3o com \u00f4nibus na BR-230, em Jo\u00e3o Pessoa<\/a> apareceu primeiro em <a rel=\"nofollow\" href=\"https:\/\/wscom.com.br\/\">WSCOM<\/a>.<\/p>\n","protected":false},"author":42,"featured_media":0,"comment_status":"closed","ping_status":"closed","sticky":false,"template":"","format":"standard","meta":{"advgb_blocks_editor_width":"","advgb_blocks_columns_visual_guide":"","footnotes":""},"categories":[1365,34,8132,512,2287,175,66],"tags":[35],"class_list":["post-31087","post","type-post","status-publish","format-standard","hentry","category-br-230","category-g1","category-joao-pessoa-cabedelo","category-jovem","category-motociclista","category-onibus","category-policial","tag-g1"],"author_meta":{"display_name":"Rafael Andrade","author_link":"https:\/\/sindaopcpb.org.br\/author\/rafael-andrade\/"},"featured_img":null,"coauthors":[],"tax_additional":{"categories":{"linked":["<a href=\"https:\/\/sindaopcpb.org.br\/br-230\/\" class=\"advgb-post-tax-term\">br 230<\/a>","<a href=\"https:\/\/sindaopcpb.org.br\/g1\/\" class=\"advgb-post-tax-term\">G1<\/a>","<a href=\"https:\/\/sindaopcpb.org.br\/joao-pessoa-cabedelo\/\" class=\"advgb-post-tax-term\">Jo\u00e3o Pessoa-Cabedelo<\/a>","<a href=\"https:\/\/sindaopcpb.org.br\/jovem\/\" class=\"advgb-post-tax-term\">Jovem<\/a>","<a href=\"https:\/\/sindaopcpb.org.br\/motociclista\/\" class=\"advgb-post-tax-term\">Motociclista<\/a>","<a href=\"https:\/\/sindaopcpb.org.br\/onibus\/\" class=\"advgb-post-tax-term\">\u00d4nibus<\/a>","<a href=\"https:\/\/sindaopcpb.org.br\/policial\/\" class=\"advgb-post-tax-term\">Policial<\/a>"],"unlinked":["<span class=\"advgb-post-tax-term\">br 230<\/span>","<span class=\"advgb-post-tax-term\">G1<\/span>","<span class=\"advgb-post-tax-term\">Jo\u00e3o Pessoa-Cabedelo<\/span>","<span class=\"advgb-post-tax-term\">Jovem<\/span>","<span class=\"advgb-post-tax-term\">Motociclista<\/span>","<span class=\"advgb-post-tax-term\">\u00d4nibus<\/span>","<span class=\"advgb-post-tax-term\">Policial<\/span>"]},"tags":{"linked":["<a href=\"https:\/\/sindaopcpb.org.br\/policial\/\" class=\"advgb-post-tax-term\">g1<\/a>"],"unlinked":["<span class=\"advgb-post-tax-term\">g1<\/span>"]}},"comment_count":"0","relative_dates":{"created":"Publicado 3 anos atr\u00e1s","modified":"Atualizado 3 anos atr\u00e1s"},"absolute_dates":{"created":"Publicado em 24 de agosto de 2023","modified":"Atualizado em 24 de agosto de 2023"},"absolute_dates_time":{"created":"Publicado em 24 de agosto de 2023 07:42","modified":"Atualizado em 24 de agosto de 2023 07:42"},"featured_img_caption":"","series_order":"","_links":{"self":[{"href":"https:\/\/sindaopcpb.org.br\/index.php\/wp-json\/wp\/v2\/posts\/31087","targetHints":{"allow":["GET"]}}],"collection":[{"href":"https:\/\/sindaopcpb.org.br\/index.php\/wp-json\/wp\/v2\/posts"}],"about":[{"href":"https:\/\/sindaopcpb.org.br\/index.php\/wp-json\/wp\/v2\/types\/post"}],"author":[{"embeddable":true,"href":"https:\/\/sindaopcpb.org.br\/index.php\/wp-json\/wp\/v2\/users\/42"}],"replies":[{"embeddable":true,"href":"https:\/\/sindaopcpb.org.br\/index.php\/wp-json\/wp\/v2\/comments?post=31087"}],"version-history":[{"count":1,"href":"https:\/\/sindaopcpb.org.br\/index.php\/wp-json\/wp\/v2\/posts\/31087\/revisions"}],"predecessor-version":[{"id":31088,"href":"https:\/\/sindaopcpb.org.br\/index.php\/wp-json\/wp\/v2\/posts\/31087\/revisions\/31088"}],"wp:attachment":[{"href":"https:\/\/sindaopcpb.org.br\/index.php\/wp-json\/wp\/v2\/media?parent=31087"}],"wp:term":[{"taxonomy":"category","embeddable":true,"href":"https:\/\/sindaopcpb.org.br\/index.php\/wp-json\/wp\/v2\/categories?post=31087"},{"taxonomy":"post_tag","embeddable":true,"href":"https:\/\/sindaopcpb.org.br\/index.php\/wp-json\/wp\/v2\/tags?post=31087"}],"curies":[{"name":"wp","href":"https:\/\/api.w.org\/{rel}","templated":true}]}}