{"id":31083,"date":"2023-08-24T08:10:25","date_gmt":"2023-08-24T11:10:25","guid":{"rendered":"https:\/\/wpa.wscom.com.br\/?p=919504"},"modified":"2023-08-24T08:10:25","modified_gmt":"2023-08-24T11:10:25","slug":"amigo-de-infancia-e-o-principal-suspeito-do-assassinato-de-homem-desaparecido-na-paraiba","status":"publish","type":"post","link":"https:\/\/sindaopcpb.org.br\/index.php\/2023\/08\/24\/amigo-de-infancia-e-o-principal-suspeito-do-assassinato-de-homem-desaparecido-na-paraiba\/","title":{"rendered":"Amigo de inf\u00e2ncia \u00e9 o principal suspeito do assassinato de homem desaparecido na Para\u00edba"},"content":{"rendered":"<p>&nbsp;<\/p>\n<p>&nbsp;<\/p>\n<p>Na \u00faltima quarta-feira (23), um terr\u00edvel desfecho foi dado ao caso de um homem que estava desaparecido no munic\u00edpio de Juarez T\u00e1vora desde o \u00faltimo s\u00e1bado (19). Fl\u00e1vio Dias Costa, de 30 anos, teve seu corpo encontrado enterrado em uma cova rasa na comunidade Manipeba, entre as cidades de Mogeiro e Gurinh\u00e9m, no Agreste da Para\u00edba.<\/p>\n<p>O corpo de Fl\u00e1vio apresentava sinais claros de viol\u00eancia, incluindo marcas de tiros, pauladas e pedradas, de acordo com informa\u00e7\u00f5es da Pol\u00edcia Civil. O crime deixou a popula\u00e7\u00e3o local perplexa, e as autoridades rapidamente identificaram o principal suspeito como um amigo de inf\u00e2ncia da v\u00edtima, cujo nome n\u00e3o foi divulgado, que agora est\u00e1 foragido.<\/p>\n<p>As investiga\u00e7\u00f5es apontaram que Fl\u00e1vio havia sido visto pela \u00faltima vez no s\u00e1bado por volta das 11h, quando estava abastecendo seu carro ao lado do suspeito. O ve\u00edculo da v\u00edtima foi encontrado queimado em um s\u00edtio na regi\u00e3o de Alagoa Grande na \u00faltima segunda-feira (21), levantando suspeitas sobre a situa\u00e7\u00e3o. Durante o processo de investiga\u00e7\u00e3o, a pol\u00edcia tamb\u00e9m descobriu que o suspeito possu\u00eda uma d\u00edvida financeira com a v\u00edtima, al\u00e9m de ter premeditado o cen\u00e1rio do crime.<\/p>\n<p>O delegado Wagner Dorta, respons\u00e1vel pelo caso, informou que o suspeito foi interrogado, mas suas declara\u00e7\u00f5es apresentaram contradi\u00e7\u00f5es, o que refor\u00e7ou a suspeita de seu envolvimento no assassinato. A pol\u00edcia agora intensifica a busca pelo suspeito foragido, mobilizando recursos para localiz\u00e1-lo e conduzi-lo para interrogat\u00f3rio.<\/p>\n<p>O post <a rel=\"nofollow noopener\" href=\"https:\/\/wscom.com.br\/amigo-de-infancia-e-o-principal-suspeito-do-assassinato-de-homem-desaparecido-na-paraiba\/\" target=\"_blank\">Amigo de inf\u00e2ncia \u00e9 o principal suspeito do assassinato de homem desaparecido na Para\u00edba<\/a> apareceu primeiro em <a rel=\"nofollow noopener\" href=\"https:\/\/wscom.com.br\/\" target=\"_blank\">WSCOM<\/a>.<\/p>\n","protected":false},"excerpt":{"rendered":"<p>\u00a0 \u00a0 Na \u00faltima quarta-feira (23), um terr\u00edvel desfecho foi dado ao caso de um homem que estava desaparecido no munic\u00edpio de Juarez T\u00e1vora desde o \u00faltimo s\u00e1bado (19). Fl\u00e1vio Dias Costa, de 30 anos, teve seu corpo encontrado enterrado em uma cova rasa na comunidade Manipeba, entre as cidades de Mogeiro e Gurinh\u00e9m, no [\u2026]<\/p>\n<p>O post <a rel=\"nofollow\" href=\"https:\/\/wscom.com.br\/amigo-de-infancia-e-o-principal-suspeito-do-assassinato-de-homem-desaparecido-na-paraiba\/\">Amigo de inf\u00e2ncia \u00e9 o principal suspeito do assassinato de homem desaparecido na Para\u00edba<\/a> apareceu primeiro em <a rel=\"nofollow\" href=\"https:\/\/wscom.com.br\/\">WSCOM<\/a>.<\/p>\n","protected":false},"author":42,"featured_media":0,"comment_status":"closed","ping_status":"closed","sticky":false,"template":"","format":"standard","meta":{"advgb_blocks_editor_width":"","advgb_blocks_columns_visual_guide":"","footnotes":""},"categories":[8127,8128,8129,34,5204,66],"tags":[35],"class_list":["post-31083","post","type-post","status-publish","format-standard","hentry","category-desaparecido","category-encontrado-morto","category-flavio-dias-costa","category-g1","category-juarez-tavora","category-policial","tag-g1"],"author_meta":{"display_name":"Rafael Andrade","author_link":"https:\/\/sindaopcpb.org.br\/author\/rafael-andrade\/"},"featured_img":null,"coauthors":[],"tax_additional":{"categories":{"linked":["<a href=\"https:\/\/sindaopcpb.org.br\/desaparecido\/\" class=\"advgb-post-tax-term\">desaparecido<\/a>","<a href=\"https:\/\/sindaopcpb.org.br\/encontrado-morto\/\" class=\"advgb-post-tax-term\">Encontrado Morto<\/a>","<a href=\"https:\/\/sindaopcpb.org.br\/flavio-dias-costa\/\" class=\"advgb-post-tax-term\">Fl\u00e1vio Dias Costa<\/a>","<a href=\"https:\/\/sindaopcpb.org.br\/g1\/\" class=\"advgb-post-tax-term\">G1<\/a>","<a href=\"https:\/\/sindaopcpb.org.br\/juarez-tavora\/\" class=\"advgb-post-tax-term\">juarez tavora<\/a>","<a href=\"https:\/\/sindaopcpb.org.br\/policial\/\" class=\"advgb-post-tax-term\">Policial<\/a>"],"unlinked":["<span class=\"advgb-post-tax-term\">desaparecido<\/span>","<span class=\"advgb-post-tax-term\">Encontrado Morto<\/span>","<span class=\"advgb-post-tax-term\">Fl\u00e1vio Dias Costa<\/span>","<span class=\"advgb-post-tax-term\">G1<\/span>","<span class=\"advgb-post-tax-term\">juarez tavora<\/span>","<span class=\"advgb-post-tax-term\">Policial<\/span>"]},"tags":{"linked":["<a href=\"https:\/\/sindaopcpb.org.br\/policial\/\" class=\"advgb-post-tax-term\">g1<\/a>"],"unlinked":["<span class=\"advgb-post-tax-term\">g1<\/span>"]}},"comment_count":"0","relative_dates":{"created":"Publicado 3 anos atr\u00e1s","modified":"Atualizado 3 anos atr\u00e1s"},"absolute_dates":{"created":"Publicado em 24 de agosto de 2023","modified":"Atualizado em 24 de agosto de 2023"},"absolute_dates_time":{"created":"Publicado em 24 de agosto de 2023 08:10","modified":"Atualizado em 24 de agosto de 2023 08:10"},"featured_img_caption":"","series_order":"","_links":{"self":[{"href":"https:\/\/sindaopcpb.org.br\/index.php\/wp-json\/wp\/v2\/posts\/31083","targetHints":{"allow":["GET"]}}],"collection":[{"href":"https:\/\/sindaopcpb.org.br\/index.php\/wp-json\/wp\/v2\/posts"}],"about":[{"href":"https:\/\/sindaopcpb.org.br\/index.php\/wp-json\/wp\/v2\/types\/post"}],"author":[{"embeddable":true,"href":"https:\/\/sindaopcpb.org.br\/index.php\/wp-json\/wp\/v2\/users\/42"}],"replies":[{"embeddable":true,"href":"https:\/\/sindaopcpb.org.br\/index.php\/wp-json\/wp\/v2\/comments?post=31083"}],"version-history":[{"count":1,"href":"https:\/\/sindaopcpb.org.br\/index.php\/wp-json\/wp\/v2\/posts\/31083\/revisions"}],"predecessor-version":[{"id":31084,"href":"https:\/\/sindaopcpb.org.br\/index.php\/wp-json\/wp\/v2\/posts\/31083\/revisions\/31084"}],"wp:attachment":[{"href":"https:\/\/sindaopcpb.org.br\/index.php\/wp-json\/wp\/v2\/media?parent=31083"}],"wp:term":[{"taxonomy":"category","embeddable":true,"href":"https:\/\/sindaopcpb.org.br\/index.php\/wp-json\/wp\/v2\/categories?post=31083"},{"taxonomy":"post_tag","embeddable":true,"href":"https:\/\/sindaopcpb.org.br\/index.php\/wp-json\/wp\/v2\/tags?post=31083"}],"curies":[{"name":"wp","href":"https:\/\/api.w.org\/{rel}","templated":true}]}}