{"id":31045,"date":"2023-08-23T18:32:11","date_gmt":"2023-08-23T21:32:11","guid":{"rendered":"https:\/\/wpa.wscom.com.br\/?p=919450"},"modified":"2023-08-23T18:32:11","modified_gmt":"2023-08-23T21:32:11","slug":"stj-define-lista-de-magistrados-que-vao-disputar-vagas-de-ministros-e-desembargador-paraibano-marcio-murilo-fica-de-fora","status":"publish","type":"post","link":"https:\/\/sindaopcpb.org.br\/index.php\/2023\/08\/23\/stj-define-lista-de-magistrados-que-vao-disputar-vagas-de-ministros-e-desembargador-paraibano-marcio-murilo-fica-de-fora\/","title":{"rendered":"STJ define lista de magistrados que v\u00e3o disputar vagas de ministros e desembargador paraibano M\u00e1rcio Murilo fica de fora"},"content":{"rendered":"<p>O Pleno do Superior Tribunal de Justi\u00e7a (STJ) escolheu, nesta quarta (23), os nomes dos desembargadores e dos advogados que concorrer\u00e3o \u00e0s vagas de ministro abertas na Corte. <a href=\"https:\/\/wscom.com.br\/desembargador-marcio-murilo-disputara-vaga-de-ministro-do-stj\/\" rel=\"nofollow noopener\" target=\"_blank\">\u00danico indicado para a disputa pelo Tribunal de Justi\u00e7a da Para\u00edba (TJPB), o desembargador paraibano M\u00e1rcio Murilo da Cunha Ramos<\/a> ficou de fora da lista.<\/p>\n<p>Os nomes escolhidos foram os seguintes: Carlos Vieira Von Adamek, de S\u00e3o Paulo, Elton Carvalho Leme, do Rio de Janeiro, Jos\u00e9 Afr\u00e2nio Vilela, de Minas Gerais, e Teodoro Silva Santos, do Cear\u00e1.<\/p>\n<p>As duas listas ser\u00e3o encaminhadas ao presidente Luiz In\u00e1cio Lula da Silva (PT). Ele vai indicar os dois desembargadores e o membro da advocacia que passar\u00e3o por uma sabatina \u00a0na Comiss\u00e3o de Constitui\u00e7\u00e3o, Justi\u00e7a e Cidadania (CCJ) do Senado Federal.<\/p>\n<p>Ap\u00f3s a aprova\u00e7\u00e3o pela CCJ e pelo plen\u00e1rio do Senado, os escolhidos ser\u00e3o nomeados e empossados como ministros.<\/p>\n<p>Ao todo, 57 desembargadores de todo o Brasil estavam na lista de magistrados que disputaram duas vagas destinadas a membros dos Tribunais de Justi\u00e7a dos estados. Desse total, o Pleno escolheu quatro, em vota\u00e7\u00e3o secreta.<\/p>\n<p>As duas vagas no STJ foram abertas devido \u00e0 aposentadoria do ministro Jorge Mussi e ao falecimento do ministro Paulo de Tarso Sanseverino.<\/p>\n<p><strong>Veja os desembargadores que se candidataram em cada estado<\/strong><\/p>\n<p><strong>Amap\u00e1<\/strong><\/p>\n<ul>\n<li>Agostino Silv\u00e9rio<\/li>\n<li>Jo\u00e3o Lages<\/li>\n<\/ul>\n<p><strong>Acre<\/strong><\/p>\n<ul>\n<li>Samoel Evangelista<\/li>\n<li>Laudivon Nogueira<\/li>\n<li>\u00a0Luiz Camolez<\/li>\n<\/ul>\n<p><strong>Alagoas<\/strong><\/p>\n<ul>\n<li>Tutmes Airan de Albuquerque<\/li>\n<\/ul>\n<p><strong>Amazonas<\/strong><\/p>\n<ul>\n<li>Cezar Luiz Bandiera Amazonas<\/li>\n<\/ul>\n<p><strong>Bahia<\/strong><\/p>\n<ul>\n<li>Nilson Soares Castelo Branco<\/li>\n<li>Edmilson Jatahy Fonseca Junior<\/li>\n<li>Maur\u00edcio Kertzman Szporer<\/li>\n<li>\u00a0Roberto Maynard Frank<\/li>\n<\/ul>\n<p><strong>Cear\u00e1<\/strong><\/p>\n<ul>\n<li>Maria Nailde Pinheiro Nogueira<\/li>\n<li>Teodoro Silva Santos<\/li>\n<\/ul>\n<p><strong>Distrito Federal<\/strong><\/p>\n<ul>\n<li>Jos\u00e9 Cruz Macedo<\/li>\n<li>\u00a0Josaph\u00e1 Francisco dos Santos<\/li>\n<li>Robson Barbosa de Azevedo<\/li>\n<\/ul>\n<p><strong>Esp\u00edrito Santo<\/strong><\/p>\n<ul>\n<li>Pedro Valls Feu Rosa<\/li>\n<li>Samuel Meira Brasil Junior<\/li>\n<\/ul>\n<p><strong>Goi\u00e1s<\/strong><\/p>\n<p>Delintro Belo de Almeida Filho<\/p>\n<p><strong>Maranh\u00e3o<\/strong><\/p>\n<ul>\n<li>Paulo S\u00e9rgio Velten Pereira<\/li>\n<li>Angela Maria Moraes Salazar<\/li>\n<\/ul>\n<p><strong>Mato Grosso<\/strong><\/p>\n<ul>\n<li>Marcos Henrique Machado<\/li>\n<li>Serly Marcondes Alves<\/li>\n<\/ul>\n<p><strong>Mato Grosso do Sul<\/strong><\/p>\n<ul>\n<li>Dorival Renato Pavan<\/li>\n<\/ul>\n<p><strong>Minas Gerais<\/strong><\/p>\n<ul>\n<li>\u00a0Jos\u00e9 Afr\u00e2nio Vilela<\/li>\n<\/ul>\n<p><strong>Para\u00edba<\/strong><\/p>\n<ul>\n<li>M\u00e1rcio Murilo da Cunha Ramos<\/li>\n<\/ul>\n<p><strong>Paran\u00e1<\/strong><\/p>\n<ul>\n<li>Jos\u00e9 Laurindo de Souza Netto<\/li>\n<li>Tito Campos de Paula<\/li>\n<li>Clayton de Albuquerque Maranh\u00e3o<\/li>\n<li>Octavio Campos Fischer<\/li>\n<li>Ana L\u00facia Louren\u00e7o Fernando<\/li>\n<li>\u00a0Antonio Prazeres<\/li>\n<li>M\u00e1rio Luiz Ramidoff<\/li>\n<li>F\u00e1bio Marcondes Leite<\/li>\n<li>Francisco Cardozo Oliveira<\/li>\n<li>\u00a0Givanildo Nogueira Constantinov<\/li>\n<\/ul>\n<p><strong>Pernambuco<\/strong><\/p>\n<ul>\n<li>Jorge Am\u00e9rico Pereira de Lira<\/li>\n<li>St\u00eanio Jos\u00e9 de Sousa Neiva Co\u00ealho<\/li>\n<li>Dem\u00f3crito Ramos Reinaldo Filho<\/li>\n<li>Hon\u00f3rio Gomes do Rego Filho<\/li>\n<li><\/li>\n<\/ul>\n<p><strong>Piau\u00ed<\/strong><\/p>\n<ul>\n<li>Erivan Jos\u00e9 da Silva Lopes<\/li>\n<\/ul>\n<p><strong>Rio de Janeiro<\/strong><\/p>\n<ul>\n<li>Elton Martinez Carvalho Leme<\/li>\n<\/ul>\n<p><strong>Rio Grande do Sul<\/strong><\/p>\n<ul>\n<li>Ricardo Torres Hermann<\/li>\n<\/ul>\n<p><strong>Rond\u00f4nia<\/strong><\/p>\n<ul>\n<li>Marcos Alaor Diniz Grangeia<\/li>\n<li>Alexandre Miguel<\/li>\n<li>Isaias Fonseca Moraes<\/li>\n<\/ul>\n<p>&nbsp;<\/p>\n<p><strong>Santa Catarina<\/strong><\/p>\n<ul>\n<li>Jo\u00e3o Henrique Blasi<\/li>\n<\/ul>\n<p><strong>S\u00e3o Paulo<\/strong><\/p>\n<ul>\n<li>Carlos Henrique Abr\u00e3o<\/li>\n<li>Achile \u00a0Mario Alesina<\/li>\n<li>Luiz Sergio Fernandes de Souza<\/li>\n<li>\u00a0Jos\u00e9 Carlos Costa Netto<\/li>\n<li>Luiz Guilherme da Costa<\/li>\n<li>Wagner J\u00fanior<\/li>\n<li>Carlos Vieira Von Adamek<\/li>\n<li>\u00a0Marcelo Semer<\/li>\n<li>Airton Vieira<\/li>\n<\/ul>\n<p><strong>Roraima<\/strong><\/p>\n<ul>\n<li>Leonardo Pache de Faria Cupello<\/li>\n<li>\u00a0J\u00e9sus Rodrigues do Nascimento<\/li>\n<\/ul>\n<p>O post <a rel=\"nofollow noopener\" href=\"https:\/\/wscom.com.br\/stj-define-lista-de-magistrados-que-vao-disputar-vagas-de-ministros-e-desembargador-paraibano-marcio-murilo-fica-de-fora\/\" target=\"_blank\">STJ define lista de magistrados que v\u00e3o disputar vagas de ministros e desembargador paraibano M\u00e1rcio Murilo fica de fora<\/a> apareceu primeiro em <a rel=\"nofollow noopener\" href=\"https:\/\/wscom.com.br\/\" target=\"_blank\">WSCOM<\/a>.<\/p>\n","protected":false},"excerpt":{"rendered":"<p>O Pleno do Superior Tribunal de Justi\u00e7a (STJ) escolheu, nesta quarta (23), os nomes dos desembargadores e dos advogados que concorrer\u00e3o \u00e0s vagas de ministro abertas na Corte. \u00danico indicado para a disputa pelo Tribunal de Justi\u00e7a da Para\u00edba (TJPB), o desembargador paraibano M\u00e1rcio Murilo da Cunha Ramos ficou de fora da lista. Os nomes [\u2026]<\/p>\n<p>O post <a rel=\"nofollow\" href=\"https:\/\/wscom.com.br\/stj-define-lista-de-magistrados-que-vao-disputar-vagas-de-ministros-e-desembargador-paraibano-marcio-murilo-fica-de-fora\/\">STJ define lista de magistrados que v\u00e3o disputar vagas de ministros e desembargador paraibano M\u00e1rcio Murilo fica de fora<\/a> apareceu primeiro em <a rel=\"nofollow\" href=\"https:\/\/wscom.com.br\/\">WSCOM<\/a>.<\/p>\n","protected":false},"author":49,"featured_media":0,"comment_status":"closed","ping_status":"closed","sticky":false,"template":"","format":"standard","meta":{"advgb_blocks_editor_width":"","advgb_blocks_columns_visual_guide":"","footnotes":""},"categories":[8115,34,278,1610,8116],"tags":[35],"class_list":["post-31045","post","type-post","status-publish","format-standard","hentry","category-desembargador-marcio-murilo","category-g1","category-justica","category-stj","category-vaga-de-ministro-do-stj","tag-g1"],"author_meta":{"display_name":"Cristiane Cavalcante","author_link":"https:\/\/sindaopcpb.org.br\/author\/cristiane-cavalcante\/"},"featured_img":null,"coauthors":[],"tax_additional":{"categories":{"linked":["<a href=\"https:\/\/sindaopcpb.org.br\/desembargador-marcio-murilo\/\" class=\"advgb-post-tax-term\">Desembargador M\u00e1rcio Murilo<\/a>","<a href=\"https:\/\/sindaopcpb.org.br\/g1\/\" class=\"advgb-post-tax-term\">G1<\/a>","<a href=\"https:\/\/sindaopcpb.org.br\/justica\/\" class=\"advgb-post-tax-term\">Justi\u00e7a<\/a>","<a href=\"https:\/\/sindaopcpb.org.br\/stj\/\" class=\"advgb-post-tax-term\">STJ<\/a>","<a href=\"https:\/\/sindaopcpb.org.br\/vaga-de-ministro-do-stj\/\" class=\"advgb-post-tax-term\">vaga de ministro do STJ<\/a>"],"unlinked":["<span class=\"advgb-post-tax-term\">Desembargador M\u00e1rcio Murilo<\/span>","<span class=\"advgb-post-tax-term\">G1<\/span>","<span class=\"advgb-post-tax-term\">Justi\u00e7a<\/span>","<span class=\"advgb-post-tax-term\">STJ<\/span>","<span class=\"advgb-post-tax-term\">vaga de ministro do STJ<\/span>"]},"tags":{"linked":["<a href=\"https:\/\/sindaopcpb.org.br\/vaga-de-ministro-do-stj\/\" class=\"advgb-post-tax-term\">g1<\/a>"],"unlinked":["<span class=\"advgb-post-tax-term\">g1<\/span>"]}},"comment_count":"0","relative_dates":{"created":"Publicado 3 anos atr\u00e1s","modified":"Atualizado 3 anos atr\u00e1s"},"absolute_dates":{"created":"Publicado em 23 de agosto de 2023","modified":"Atualizado em 23 de agosto de 2023"},"absolute_dates_time":{"created":"Publicado em 23 de agosto de 2023 18:32","modified":"Atualizado em 23 de agosto de 2023 18:32"},"featured_img_caption":"","series_order":"","_links":{"self":[{"href":"https:\/\/sindaopcpb.org.br\/index.php\/wp-json\/wp\/v2\/posts\/31045","targetHints":{"allow":["GET"]}}],"collection":[{"href":"https:\/\/sindaopcpb.org.br\/index.php\/wp-json\/wp\/v2\/posts"}],"about":[{"href":"https:\/\/sindaopcpb.org.br\/index.php\/wp-json\/wp\/v2\/types\/post"}],"author":[{"embeddable":true,"href":"https:\/\/sindaopcpb.org.br\/index.php\/wp-json\/wp\/v2\/users\/49"}],"replies":[{"embeddable":true,"href":"https:\/\/sindaopcpb.org.br\/index.php\/wp-json\/wp\/v2\/comments?post=31045"}],"version-history":[{"count":1,"href":"https:\/\/sindaopcpb.org.br\/index.php\/wp-json\/wp\/v2\/posts\/31045\/revisions"}],"predecessor-version":[{"id":31046,"href":"https:\/\/sindaopcpb.org.br\/index.php\/wp-json\/wp\/v2\/posts\/31045\/revisions\/31046"}],"wp:attachment":[{"href":"https:\/\/sindaopcpb.org.br\/index.php\/wp-json\/wp\/v2\/media?parent=31045"}],"wp:term":[{"taxonomy":"category","embeddable":true,"href":"https:\/\/sindaopcpb.org.br\/index.php\/wp-json\/wp\/v2\/categories?post=31045"},{"taxonomy":"post_tag","embeddable":true,"href":"https:\/\/sindaopcpb.org.br\/index.php\/wp-json\/wp\/v2\/tags?post=31045"}],"curies":[{"name":"wp","href":"https:\/\/api.w.org\/{rel}","templated":true}]}}