{"id":31043,"date":"2023-08-23T18:43:51","date_gmt":"2023-08-23T21:43:51","guid":{"rendered":"https:\/\/wpa.wscom.com.br\/?p=919446"},"modified":"2023-08-23T18:43:51","modified_gmt":"2023-08-23T21:43:51","slug":"copa-do-brasil-sorteio-do-mando-de-campo-sera-no-dia-28","status":"publish","type":"post","link":"https:\/\/sindaopcpb.org.br\/index.php\/2023\/08\/23\/copa-do-brasil-sorteio-do-mando-de-campo-sera-no-dia-28\/","title":{"rendered":"Copa do Brasil: sorteio do mando de campo ser\u00e1 no dia 28"},"content":{"rendered":"<div class=\"mc-column content-text active-extra-styles active-capital-letter\" data-block-type=\"unstyled\" data-block-weight=\"70\" data-block-id=\"2\">\n<p class=\"content-text__container theme-color-primary-first-letter\" data-track-category=\"Link no Texto\" data-track-links=\"\" data-mrf-recirculation=\"Article links\">O sorteio do mando de campo da final da Copa do Brasil vai acontecer na pr\u00f3xima segunda-feira, 28, na sede da Confedera\u00e7\u00e3o Brasileira de Futebol (CBF), \u00e0s 14h. Flamengo e S\u00e3o Paulo s\u00e3o os grandes finalistas da competi\u00e7\u00e3o, os dois times v\u00e3o se enfrentar nos dias 17 e 24 de setembro. O campe\u00e3o da competi\u00e7\u00e3o vai levar a premia\u00e7\u00e3o recorde de R$ 70 milh\u00f5es e o vice, R$ 30 milh\u00f5es.<\/p>\n<\/div>\n<div class=\"wall protected-content\">\n<div class=\"mc-column content-text active-extra-styles \" data-block-type=\"unstyled\" data-block-weight=\"47\" data-block-id=\"3\">\n<p class=\"content-text__container \" data-track-category=\"Link no Texto\" data-track-links=\"\" data-mrf-recirculation=\"Article links\">A CBF divulgou o calend\u00e1rio com as novas datas das finais em setembro do ano passado, antes mesmo da final entre Flamengo e Corinthians, e a ideia da entidade \u00e9 promover mais os jogos de decis\u00f5es da Copa do Brasil em dias nobres, ou seja, nos domingos.<\/p>\n<\/div>\n<div class=\"mc-column content-text active-extra-styles \" data-block-type=\"unstyled\" data-block-weight=\"64\" data-block-id=\"4\">\n<p class=\"content-text__container \" data-track-category=\"Link no Texto\" data-track-links=\"\" data-mrf-recirculation=\"Article links\">Com a mudan\u00e7a nas datas, as partidas do Brasileir\u00e3o est\u00e3o sujeitas a mudan\u00e7as. Contudo, caso a CBF mantenha o calend\u00e1rio, o Flamengo ter\u00e1 quatro jogos at\u00e9 o primeiro confronto da decis\u00e3o e mais um entre as finais. J\u00e1 o S\u00e3o Paulo, que ainda disputa a Sul-Americana, entrar\u00e1 em campo seis vezes antes da primeira partida da final e mais uma antes do embate decisivo.<\/p>\n<\/div>\n<div class=\"mc-column content-text active-extra-styles\" data-block-type=\"raw\" data-block-weight=\"10\" data-block-id=\"5\">\n<div class=\"content-intertitle\">\n<h2>Jogos do Flamengo at\u00e9 as finais da Copa do Brasil<\/h2>\n<\/div>\n<\/div>\n<div class=\"mc-column content-text active-extra-styles\" data-block-type=\"raw\" data-block-weight=\"42\" data-block-id=\"6\">\n<ul class=\"content-unordered-list\">\n<li>Flamengo x Internacional (26\/08) &#8211; Brasileir\u00e3o<\/li>\n<li>Botafogo x Flamengo (02\/09) &#8211; Brasileir\u00e3o<\/li>\n<li>Flamengo x Athletico (13\/09) &#8211; Brasileir\u00e3o<\/li>\n<li>Primeiro jogo da final da Copa do Brasil (17\/09)<\/li>\n<li>Goi\u00e1s x Flamengo (20\/09) &#8211; Brasileir\u00e3o<\/li>\n<li>Segundo jogo da final da Copa do Brasil (24\/09)<\/li>\n<\/ul>\n<\/div>\n<div class=\"mc-column content-text active-extra-styles\" data-block-type=\"raw\" data-block-weight=\"11\" data-block-id=\"8\">\n<div class=\"content-intertitle\">\n<h2>Jogos do S\u00e3o Paulo at\u00e9 as finais da Copa do Brasil<\/h2>\n<\/div>\n<\/div>\n<div data-track-category=\"multicontent\" data-track-action=\"ultimo chunk conteudo\" data-track-noninteraction=\"false\" data-track-scroll=\"view\">\n<div class=\"mc-column content-text active-extra-styles\" data-block-type=\"raw\" data-block-weight=\"60\" data-block-id=\"9\">\n<ul class=\"content-unordered-list\">\n<li>LDU x S\u00e3o Paulo (24\/08) &#8211; Sul-Americana<\/li>\n<li>Am\u00e9rica-MG x S\u00e3o Paulo (27\/08) &#8211; Brasileir\u00e3o<\/li>\n<li>S\u00e3o Paulo x LDU (31\/08) &#8211; Sul-Americana<\/li>\n<li>S\u00e3o Paulo x Coritiba (03\/09) &#8211; Brasileir\u00e3o<\/li>\n<li>Internacional x S\u00e3o Paulo (13\/09) &#8211; Brasileir\u00e3o<\/li>\n<li>Primeiro jogo da final da Copa do Brasil (17\/09)<\/li>\n<li>S\u00e3o Paulo x Fortaleza (20\/09) &#8211; Brasileir\u00e3o<\/li>\n<li>Segundo jogo da final da Copa do Brasil (24\/09)<\/li>\n<\/ul>\n<\/div>\n<\/div>\n<\/div>\n<p>O post <a rel=\"nofollow noopener\" href=\"https:\/\/wscom.com.br\/copa-do-brasil-sorteio-do-mando-de-campo-sera-no-dia-28\/\" target=\"_blank\">Copa do Brasil: sorteio do mando de campo ser\u00e1 no dia 28<\/a> apareceu primeiro em <a rel=\"nofollow noopener\" href=\"https:\/\/wscom.com.br\/\" target=\"_blank\">WSCOM<\/a>.<\/p>\n","protected":false},"excerpt":{"rendered":"<p>O sorteio do mando de campo da final da Copa do Brasil vai acontecer na pr\u00f3xima segunda-feira, 28, na sede da Confedera\u00e7\u00e3o Brasileira de Futebol (CBF), \u00e0s 14h. Flamengo e S\u00e3o Paulo s\u00e3o os grandes finalistas da competi\u00e7\u00e3o, os dois times v\u00e3o se enfrentar nos dias 17 e 24 de setembro. O campe\u00e3o da competi\u00e7\u00e3o [\u2026]<\/p>\n<p>O post <a rel=\"nofollow\" href=\"https:\/\/wscom.com.br\/copa-do-brasil-sorteio-do-mando-de-campo-sera-no-dia-28\/\">Copa do Brasil: sorteio do mando de campo ser\u00e1 no dia 28<\/a> apareceu primeiro em <a rel=\"nofollow\" href=\"https:\/\/wscom.com.br\/\">WSCOM<\/a>.<\/p>\n","protected":false},"author":49,"featured_media":0,"comment_status":"closed","ping_status":"closed","sticky":false,"template":"","format":"standard","meta":{"advgb_blocks_editor_width":"","advgb_blocks_columns_visual_guide":"","footnotes":""},"categories":[1767,207,79,34,8113,8114],"tags":[35],"class_list":["post-31043","post","type-post","status-publish","format-standard","hentry","category-copa-do-brasil","category-esporte","category-futebol","category-g1","category-mando-de-campo","category-premio-de-r-70-milhoes","tag-g1"],"author_meta":{"display_name":"Cristiane Cavalcante","author_link":"https:\/\/sindaopcpb.org.br\/author\/cristiane-cavalcante\/"},"featured_img":null,"coauthors":[],"tax_additional":{"categories":{"linked":["<a href=\"https:\/\/sindaopcpb.org.br\/copa-do-brasil\/\" class=\"advgb-post-tax-term\">copa do brasil<\/a>","<a href=\"https:\/\/sindaopcpb.org.br\/esporte\/\" class=\"advgb-post-tax-term\">Esporte<\/a>","<a href=\"https:\/\/sindaopcpb.org.br\/futebol\/\" class=\"advgb-post-tax-term\">Futebol<\/a>","<a href=\"https:\/\/sindaopcpb.org.br\/g1\/\" class=\"advgb-post-tax-term\">G1<\/a>","<a href=\"https:\/\/sindaopcpb.org.br\/mando-de-campo\/\" class=\"advgb-post-tax-term\">Mando de campo<\/a>","<a href=\"https:\/\/sindaopcpb.org.br\/premio-de-r-70-milhoes\/\" class=\"advgb-post-tax-term\">pr\u00eamio de R$ 70 milh\u00f5es<\/a>"],"unlinked":["<span class=\"advgb-post-tax-term\">copa do brasil<\/span>","<span class=\"advgb-post-tax-term\">Esporte<\/span>","<span class=\"advgb-post-tax-term\">Futebol<\/span>","<span class=\"advgb-post-tax-term\">G1<\/span>","<span class=\"advgb-post-tax-term\">Mando de campo<\/span>","<span class=\"advgb-post-tax-term\">pr\u00eamio de R$ 70 milh\u00f5es<\/span>"]},"tags":{"linked":["<a href=\"https:\/\/sindaopcpb.org.br\/premio-de-r-70-milhoes\/\" class=\"advgb-post-tax-term\">g1<\/a>"],"unlinked":["<span class=\"advgb-post-tax-term\">g1<\/span>"]}},"comment_count":"0","relative_dates":{"created":"Publicado 3 anos atr\u00e1s","modified":"Atualizado 3 anos atr\u00e1s"},"absolute_dates":{"created":"Publicado em 23 de agosto de 2023","modified":"Atualizado em 23 de agosto de 2023"},"absolute_dates_time":{"created":"Publicado em 23 de agosto de 2023 18:43","modified":"Atualizado em 23 de agosto de 2023 18:43"},"featured_img_caption":"","series_order":"","_links":{"self":[{"href":"https:\/\/sindaopcpb.org.br\/index.php\/wp-json\/wp\/v2\/posts\/31043","targetHints":{"allow":["GET"]}}],"collection":[{"href":"https:\/\/sindaopcpb.org.br\/index.php\/wp-json\/wp\/v2\/posts"}],"about":[{"href":"https:\/\/sindaopcpb.org.br\/index.php\/wp-json\/wp\/v2\/types\/post"}],"author":[{"embeddable":true,"href":"https:\/\/sindaopcpb.org.br\/index.php\/wp-json\/wp\/v2\/users\/49"}],"replies":[{"embeddable":true,"href":"https:\/\/sindaopcpb.org.br\/index.php\/wp-json\/wp\/v2\/comments?post=31043"}],"version-history":[{"count":1,"href":"https:\/\/sindaopcpb.org.br\/index.php\/wp-json\/wp\/v2\/posts\/31043\/revisions"}],"predecessor-version":[{"id":31044,"href":"https:\/\/sindaopcpb.org.br\/index.php\/wp-json\/wp\/v2\/posts\/31043\/revisions\/31044"}],"wp:attachment":[{"href":"https:\/\/sindaopcpb.org.br\/index.php\/wp-json\/wp\/v2\/media?parent=31043"}],"wp:term":[{"taxonomy":"category","embeddable":true,"href":"https:\/\/sindaopcpb.org.br\/index.php\/wp-json\/wp\/v2\/categories?post=31043"},{"taxonomy":"post_tag","embeddable":true,"href":"https:\/\/sindaopcpb.org.br\/index.php\/wp-json\/wp\/v2\/tags?post=31043"}],"curies":[{"name":"wp","href":"https:\/\/api.w.org\/{rel}","templated":true}]}}