{"id":31022,"date":"2023-08-23T17:25:09","date_gmt":"2023-08-23T20:25:09","guid":{"rendered":"https:\/\/wpa.wscom.com.br\/?p=919441"},"modified":"2023-08-23T17:25:09","modified_gmt":"2023-08-23T20:25:09","slug":"premiado-espetaculo-tom-na-fazenda-chega-em-joao-pessoa-para-nova-turne","status":"publish","type":"post","link":"https:\/\/sindaopcpb.org.br\/index.php\/2023\/08\/23\/premiado-espetaculo-tom-na-fazenda-chega-em-joao-pessoa-para-nova-turne\/","title":{"rendered":"Premiado espet\u00e1culo \u2018Tom na Fazenda\u2019 chega em Jo\u00e3o Pessoa para nova turn\u00ea"},"content":{"rendered":"<p dir=\"ltr\">A capital paraibana ser\u00e1 o ponto de partida para a temporada do espet\u00e1culo \u2018Tom na Fazenda\u2019 pelo Nordeste. Ser\u00e3o duas apresenta\u00e7\u00f5es \u00fanicas no Theatro Santa Roza, no Centro de Jo\u00e3o Pessoa, nos dias 25 e 26 de agosto, \u00e0s 20h. Os ingressos custam entre R$ 55 e R$110 e j\u00e1 podem ser adquiridos atrav\u00e9s do Sympla\u00a0<a href=\"https:\/\/bileto.sympla.com.br\/event\/85535?utm_source=site-symplabileto-production&amp;utm_medium=webapp_share&amp;utm_campaign=webapp_share_event_85535\" rel=\"noopener nofollow\" data-saferedirecturl=\"https:\/\/www.google.com\/url?q=https:\/\/bileto.sympla.com.br\/event\/85535?utm_source%3Dsite-symplabileto-production%26utm_medium%3Dwebapp_share%26utm_campaign%3Dwebapp_share_event_85535&amp;source=gmail&amp;ust=1692906384566000&amp;usg=AOvVaw1MdJbv4LPf88A5tPZpap-a\" target=\"_blank\">(clique para comprar)<\/a>. A temporada itinerante \u00e9 realizada atrav\u00e9s da Lei Federal de Incentivo \u00e0 Cultura, apresentada pelo Minist\u00e9rio\u00a0da\u00a0Cultura e pela Vivo.<\/p>\n<p dir=\"ltr\">A pe\u00e7a \u00e9 baseada no texto hom\u00f4nimo de Michel Marc Bouchard, traduzido por Armando Babaioff, que \u00e9 tamb\u00e9m protagonista do espet\u00e1culo. O elenco conta ainda com as atrizes Soraya Ravenle e Camila Nhary e o ator Gustavo Rodrigues. Na trama, dirigida por Rodrigo Portella, s\u00e3o discutidos temas como sexualidade, heteronormatividade, fam\u00edlia e amadurecimento tendo como ponto de partida a morte do companheiro de Tom.<\/p>\n<p dir=\"ltr\">Desde a sua estreia, em 2017, \u2018Tom na Fazenda\u2019 vem arrebatando o p\u00fablico por onde passa, tendo sido visto por mais de 60 mil pessoas em cerca de 300 apresenta\u00e7\u00f5es. Ao longo desses seis anos, ganhou repercuss\u00e3o e notoriedade nacional e internacional, marcando presen\u00e7a nos principais festivais de teatro do mundo como o Festival de Avignon, na Fran\u00e7a, e o FTA &#8211; Festival TransAm\u00e9riques, no Canad\u00e1. Em mar\u00e7o de 2023, a convite do Th\u00e9\u00e2tre Paris-Villette, realizou uma temporada de um m\u00eas na cidade de Paris com recorde de p\u00fablico e bilheteria, recebendo elogios dos ve\u00edculos mais importantes da Fran\u00e7a, como o Jornal Le Monde. Recentemente, \u2018Tom na Fazenda\u2019 esteve em cartaz em S\u00e3o Paulo e repetiu o sucesso das temporadas anteriores, com mais de 8 mil espectadores e ingressos esgotados muito antes do fim de uma temporada de 3 meses no Teatro Vivo.<\/p>\n<p dir=\"ltr\">\n<strong>Sinopse:<\/strong><\/p>\n<p>Ap\u00f3s a morte de seu companheiro, Tom viaja para para a fazenda, no interior rural, para uma \u00faltima despedida no funeral. L\u00e1 ele conhece a m\u00e3e, que desconhece a orienta\u00e7\u00e3o sexual de seu filho falecido, e seu irm\u00e3o, um campon\u00eas viril e violento que insiste atrav\u00e9s de viol\u00eancia, que Tom esconda o relacionamento de sua m\u00e3e enlutada. Nesta fazenda, mentir \u00e9 a primeira condi\u00e7\u00e3o de sobreviv\u00eancia. Sangue e lama sujam as palavras e engrandecem os corpos transfigurados pelas emo\u00e7\u00f5es para revelar a grandeza tr\u00e1gica e universal deste texto necess\u00e1rio.<\/p>\n<p>&nbsp;<\/p>\n<p dir=\"ltr\"><strong>Ficha T\u00e9cnica:<\/strong><\/p>\n<p dir=\"ltr\">Texto: Michel Marc Bouchard<\/p>\n<p dir=\"ltr\">Tradu\u00e7\u00e3o: Armando Babaioff<\/p>\n<p dir=\"ltr\">Dire\u00e7\u00e3o: Rodrigo Portella<\/p>\n<p dir=\"ltr\">Elenco: Armando Babaioff, Soraya Ravenle, Gustavo Rodrigues e Camila Nhary<\/p>\n<p dir=\"ltr\">Cenografia: Aurora dos Campos<\/p>\n<p dir=\"ltr\">Ilumina\u00e7\u00e3o: Tom\u00e1s Ribas<\/p>\n<p dir=\"ltr\">Figurino: Bruno Perlatto<\/p>\n<p dir=\"ltr\">Dire\u00e7\u00e3o Musical: Marcello H.<\/p>\n<p dir=\"ltr\">Coreografia: Toni Rodrigues<\/p>\n<p dir=\"ltr\">Comunica\u00e7\u00e3o e Prog. Visual: Victor Novaes<\/p>\n<p dir=\"ltr\">Produ\u00e7\u00e3o Executiva: Cl\u00e1udia Barbot e J\u00falia Tavares<\/p>\n<p dir=\"ltr\">Produ\u00e7\u00e3o Local: Fl\u00e1vio Marques<\/p>\n<p dir=\"ltr\">Financeiro e Administrativo: Let\u00edcia Napole<\/p>\n<p dir=\"ltr\">Dire\u00e7\u00e3o de Produ\u00e7\u00e3o: S\u00e9rgio Saboya e Silvio Batistela<\/p>\n<p dir=\"ltr\">Idealiza\u00e7\u00e3o: Armando Babaioff<\/p>\n<p>&nbsp;<\/p>\n<p dir=\"ltr\"><strong>Servi\u00e7o<\/strong>:<\/p>\n<p dir=\"ltr\">Dias 25 e 26 de agosto<\/p>\n<p dir=\"ltr\">Sex e s\u00e1b &#8211; 20h<\/p>\n<p dir=\"ltr\">Local: Theatro Santa Roza<\/p>\n<p dir=\"ltr\">Ingressos: R$55 (meia) \/ R$110 (inteira)<\/p>\n<p dir=\"ltr\">Dura\u00e7\u00e3o: 120 minutos<\/p>\n<p dir=\"ltr\">Classifica\u00e7\u00e3o: 18 anos<\/p>\n<p dir=\"ltr\">G\u00eanero: Drama<\/p>\n<p dir=\"ltr\">Vendas ONLINE SYMPLA :<\/p>\n<p dir=\"ltr\"><a href=\"https:\/\/bileto.sympla.com.br\/event\/85535?utm_source=site-symplabileto-production&amp;utm_medium=webapp_share&amp;utm_campaign=webapp_share_event_85535\" rel=\"noopener nofollow\" data-saferedirecturl=\"https:\/\/www.google.com\/url?q=https:\/\/bileto.sympla.com.br\/event\/85535?utm_source%3Dsite-symplabileto-production%26utm_medium%3Dwebapp_share%26utm_campaign%3Dwebapp_share_event_85535&amp;source=gmail&amp;ust=1692906384566000&amp;usg=AOvVaw1MdJbv4LPf88A5tPZpap-a\" target=\"_blank\">https:\/\/bileto.sympla.com.br\/<wbr \/>event\/85535?utm_source=site-<wbr \/>symplabileto-production&amp;utm_<wbr \/>medium=webapp_share&amp;utm_<wbr \/>campaign=webapp_share_event_<wbr \/>85535<\/a><\/p>\n<p>&nbsp;<\/p>\n<p dir=\"ltr\"><strong>PROMOCIONAL VIVO VALORIZA\u00a0&#8211; 50% DESCONTO<\/strong><\/p>\n<p dir=\"ltr\">&#8211; O Cliente Vivo Valoriza tem 50% de desconto na compra de at\u00e9 1 (um) par de ingressos.<\/p>\n<p dir=\"ltr\">&#8211; Desconto n\u00e3o cumulativo com o benef\u00edcio de meia-entrada e\/ou outras promo\u00e7\u00f5es. Ap\u00f3s a compra do ingresso, o cliente dever\u00e1 entrar no APP Vivo e fazer o resgate do voucher na sess\u00e3o &#8220;Vivo Valoriza \/ Teatro&#8221;.<\/p>\n<p dir=\"ltr\">&#8211; \u00c9 obrigat\u00f3ria a apresenta\u00e7\u00e3o do Voucher na entrada do teatro. A n\u00e3o apresenta\u00e7\u00e3o do mesmo acarretar\u00e1 no pagamento da diferen\u00e7a do valor do ingresso.<\/p>\n<p>O post <a rel=\"nofollow noopener\" href=\"https:\/\/wscom.com.br\/premiado-espetaculo-tom-na-fazenda-chega-em-joao-pessoa-para-nova-turne\/\" target=\"_blank\">Premiado espet\u00e1culo &#8216;Tom na Fazenda&#8217; chega em Jo\u00e3o Pessoa para nova turn\u00ea<\/a> apareceu primeiro em <a rel=\"nofollow noopener\" href=\"https:\/\/wscom.com.br\/\" target=\"_blank\">WSCOM<\/a>.<\/p>\n","protected":false},"excerpt":{"rendered":"<p>A capital paraibana ser\u00e1 o ponto de partida para a temporada do espet\u00e1culo \u2018Tom na Fazenda\u2019 pelo Nordeste. Ser\u00e3o duas apresenta\u00e7\u00f5es \u00fanicas no Theatro Santa Roza, no Centro de Jo\u00e3o Pessoa, nos dias 25 e 26 de agosto, \u00e0s 20h. Os ingressos custam entre R$ 55 e R$110 e j\u00e1 podem ser adquiridos atrav\u00e9s do [\u2026]<\/p>\n<p>O post <a rel=\"nofollow\" href=\"https:\/\/wscom.com.br\/premiado-espetaculo-tom-na-fazenda-chega-em-joao-pessoa-para-nova-turne\/\">Premiado espet\u00e1culo \u2018Tom na Fazenda\u2019 chega em Jo\u00e3o Pessoa para nova turn\u00ea<\/a> apareceu primeiro em <a rel=\"nofollow\" href=\"https:\/\/wscom.com.br\/\">WSCOM<\/a>.<\/p>\n","protected":false},"author":49,"featured_media":0,"comment_status":"closed","ping_status":"closed","sticky":false,"template":"","format":"standard","meta":{"advgb_blocks_editor_width":"","advgb_blocks_columns_visual_guide":"","footnotes":""},"categories":[8105,170,34,8106,8107],"tags":[35],"class_list":["post-31022","post","type-post","status-publish","format-standard","hentry","category-armando-babaioff","category-cultura","category-g1","category-premiado-espetaculo","category-theatro-santa-roza","tag-g1"],"author_meta":{"display_name":"Cristiane Cavalcante","author_link":"https:\/\/sindaopcpb.org.br\/author\/cristiane-cavalcante\/"},"featured_img":null,"coauthors":[],"tax_additional":{"categories":{"linked":["<a href=\"https:\/\/sindaopcpb.org.br\/armando-babaioff\/\" class=\"advgb-post-tax-term\">Armando Babaioff<\/a>","<a href=\"https:\/\/sindaopcpb.org.br\/cultura\/\" class=\"advgb-post-tax-term\">Cultura<\/a>","<a href=\"https:\/\/sindaopcpb.org.br\/g1\/\" class=\"advgb-post-tax-term\">G1<\/a>","<a href=\"https:\/\/sindaopcpb.org.br\/premiado-espetaculo\/\" class=\"advgb-post-tax-term\">Premiado espet\u00e1culo<\/a>","<a href=\"https:\/\/sindaopcpb.org.br\/theatro-santa-roza\/\" class=\"advgb-post-tax-term\">Theatro Santa Roza<\/a>"],"unlinked":["<span class=\"advgb-post-tax-term\">Armando Babaioff<\/span>","<span class=\"advgb-post-tax-term\">Cultura<\/span>","<span class=\"advgb-post-tax-term\">G1<\/span>","<span class=\"advgb-post-tax-term\">Premiado espet\u00e1culo<\/span>","<span class=\"advgb-post-tax-term\">Theatro Santa Roza<\/span>"]},"tags":{"linked":["<a href=\"https:\/\/sindaopcpb.org.br\/theatro-santa-roza\/\" class=\"advgb-post-tax-term\">g1<\/a>"],"unlinked":["<span class=\"advgb-post-tax-term\">g1<\/span>"]}},"comment_count":"0","relative_dates":{"created":"Publicado 3 anos atr\u00e1s","modified":"Atualizado 3 anos atr\u00e1s"},"absolute_dates":{"created":"Publicado em 23 de agosto de 2023","modified":"Atualizado em 23 de agosto de 2023"},"absolute_dates_time":{"created":"Publicado em 23 de agosto de 2023 17:25","modified":"Atualizado em 23 de agosto de 2023 17:25"},"featured_img_caption":"","series_order":"","_links":{"self":[{"href":"https:\/\/sindaopcpb.org.br\/index.php\/wp-json\/wp\/v2\/posts\/31022","targetHints":{"allow":["GET"]}}],"collection":[{"href":"https:\/\/sindaopcpb.org.br\/index.php\/wp-json\/wp\/v2\/posts"}],"about":[{"href":"https:\/\/sindaopcpb.org.br\/index.php\/wp-json\/wp\/v2\/types\/post"}],"author":[{"embeddable":true,"href":"https:\/\/sindaopcpb.org.br\/index.php\/wp-json\/wp\/v2\/users\/49"}],"replies":[{"embeddable":true,"href":"https:\/\/sindaopcpb.org.br\/index.php\/wp-json\/wp\/v2\/comments?post=31022"}],"version-history":[{"count":1,"href":"https:\/\/sindaopcpb.org.br\/index.php\/wp-json\/wp\/v2\/posts\/31022\/revisions"}],"predecessor-version":[{"id":31023,"href":"https:\/\/sindaopcpb.org.br\/index.php\/wp-json\/wp\/v2\/posts\/31022\/revisions\/31023"}],"wp:attachment":[{"href":"https:\/\/sindaopcpb.org.br\/index.php\/wp-json\/wp\/v2\/media?parent=31022"}],"wp:term":[{"taxonomy":"category","embeddable":true,"href":"https:\/\/sindaopcpb.org.br\/index.php\/wp-json\/wp\/v2\/categories?post=31022"},{"taxonomy":"post_tag","embeddable":true,"href":"https:\/\/sindaopcpb.org.br\/index.php\/wp-json\/wp\/v2\/tags?post=31022"}],"curies":[{"name":"wp","href":"https:\/\/api.w.org\/{rel}","templated":true}]}}