{"id":30987,"date":"2023-08-23T14:55:33","date_gmt":"2023-08-23T17:55:33","guid":{"rendered":"https:\/\/wpa.wscom.com.br\/?p=919413"},"modified":"2023-08-23T14:55:33","modified_gmt":"2023-08-23T17:55:33","slug":"cicero-diz-que-se-beneficiado-doara-pensao-vitalicia-ao-hospital-laureano-caso-esta-no-stf","status":"publish","type":"post","link":"https:\/\/sindaopcpb.org.br\/index.php\/2023\/08\/23\/cicero-diz-que-se-beneficiado-doara-pensao-vitalicia-ao-hospital-laureano-caso-esta-no-stf\/","title":{"rendered":"C\u00edcero diz que, se beneficiado, doar\u00e1 pens\u00e3o vital\u00edcia ao Hospital Laureano; caso est\u00e1 no STF"},"content":{"rendered":"<p>Ap\u00f3s a repercuss\u00e3o nacional um pedido no Supremo Tribunal Federal (STF) para retomada de aposentadoria de ex-governadores, o prefeito de Jo\u00e3o Pessoa, C\u00edcero Lucena (PP), um dos requerentes, se pronunciou sobre o caso, nesta quarta-feira (23). O gestou municipal explicou por que entrou com solicita\u00e7\u00e3o para retomar sua aposentadoria referente ao per\u00edodo de dez meses em que foi governador da Para\u00edba em 1994. Ele fez essa revela\u00e7\u00e3o durante um evento no Hospital Infantil do Valentina, na manh\u00e3 de hoje.<\/p>\n<p>Na ocasi\u00e3o, C\u00edcero declarou que aguarda a decis\u00e3o do STF sobre o assunto e afirmou que, se beneficiado, doar\u00e1 a pens\u00e3o vital\u00edcia ao Hospital Napole\u00e3o Laureano, institui\u00e7\u00e3o filantr\u00f3pica de refer\u00eancia no tratamento do c\u00e2ncer e doen\u00e7as do sangue na capital.<\/p>\n<p>&#8220;O que eu posso assumir de compromisso \u00e9 que, efetivamente, se por ventura, eu venha a ser beneficiado, no cargo que eu tenho ou que eu possa ter no futuro, toda a minha renda ser\u00e1 doada ao Hospital Laureano&#8221;, disse o gestor.<\/p>\n<p>A solicita\u00e7\u00e3o do prefeito faz parte de um pedido cont\u00edguo junto a ex-governadores e vi\u00favas de ex-governadores da Para\u00edba. Eles solicitaram que o governo federal voltasse a pagar pens\u00f5es relativas ao tempo em que n\u00e3o estariam no poder. O julgamento caber\u00e1 ao ministro Luiz Fux.<\/p>\n<p>Os outros solicitantes incluem o secret\u00e1rio-chefe do Governo da Para\u00edba, Roberto Paulino, e Ricardo Coutinho (PT), bem como as vi\u00favas dos ex-gestores estaduais: F\u00e1tima Bezerra, Glauce Buriti, Myrian de Melo e Mirtes Bichara. Desde junho de 2020, o pagamento das pens\u00f5es est\u00e1 suspenso, pois o STF determinou essa suspens\u00e3o com base em uma a\u00e7\u00e3o civil p\u00fablica. A Justi\u00e7a da Para\u00edba acatou uma liminar que suspendeu o pagamento da pens\u00e3o especial. O juiz da 3\u00aa vara da Fazenda P\u00fablica da capital, Ant\u00f4nio Carneiro de Paiva J\u00fanior, abalou o entendimento do STF, que em 2018 consideram inconstitucional a pens\u00e3o vital\u00edcia para ex-governadores.<\/p>\n<p>At\u00e9 o momento, a desembargadora F\u00e1tima Bezerra foi a \u00fanica a desistir do pedido, comunicando essa decis\u00e3o ao ministro Luiz Fux nesta semana, ap\u00f3s a repercuss\u00e3o do caso na imprensa nacional. No documento enviado ao STF, a magistrada afirmou que \u201cn\u00e3o tem mais interesse no presente feito e, assim, requer a desist\u00eancia da a\u00e7\u00e3o\u201d.<\/p>\n<p>O post <a rel=\"nofollow noopener\" href=\"https:\/\/wscom.com.br\/cicero-diz-que-se-beneficiado-doara-pensao-vitalicia-ao-hospital-laureano-caso-esta-no-stf\/\" target=\"_blank\">C\u00edcero diz que, se beneficiado, doar\u00e1 pens\u00e3o vital\u00edcia ao Hospital Laureano; caso est\u00e1 no STF<\/a> apareceu primeiro em <a rel=\"nofollow noopener\" href=\"https:\/\/wscom.com.br\/\" target=\"_blank\">WSCOM<\/a>.<\/p>\n","protected":false},"excerpt":{"rendered":"<p>Ap\u00f3s a repercuss\u00e3o nacional um pedido no Supremo Tribunal Federal (STF) para retomada de aposentadoria de ex-governadores, o prefeito de Jo\u00e3o Pessoa, C\u00edcero Lucena (PP), um dos requerentes, se pronunciou sobre o caso, nesta quarta-feira (23). O gestou municipal explicou por que entrou com solicita\u00e7\u00e3o para retomar sua aposentadoria referente ao per\u00edodo de dez meses [\u2026]<\/p>\n<p>O post <a rel=\"nofollow\" href=\"https:\/\/wscom.com.br\/cicero-diz-que-se-beneficiado-doara-pensao-vitalicia-ao-hospital-laureano-caso-esta-no-stf\/\">C\u00edcero diz que, se beneficiado, doar\u00e1 pens\u00e3o vital\u00edcia ao Hospital Laureano; caso est\u00e1 no STF<\/a> apareceu primeiro em <a rel=\"nofollow\" href=\"https:\/\/wscom.com.br\/\">WSCOM<\/a>.<\/p>\n","protected":false},"author":49,"featured_media":0,"comment_status":"closed","ping_status":"closed","sticky":false,"template":"","format":"standard","meta":{"advgb_blocks_editor_width":"","advgb_blocks_columns_visual_guide":"","footnotes":""},"categories":[8094,227,8095,34,8096,47],"tags":[35],"class_list":["post-30987","post","type-post","status-publish","format-standard","hentry","category-caso-no-stf","category-cicero-lucena","category-ex-governador","category-g1","category-pensao-vitalicia","category-politica","tag-g1"],"author_meta":{"display_name":"Cristiane Cavalcante","author_link":"https:\/\/sindaopcpb.org.br\/author\/cristiane-cavalcante\/"},"featured_img":null,"coauthors":[],"tax_additional":{"categories":{"linked":["<a href=\"https:\/\/sindaopcpb.org.br\/caso-no-stf\/\" class=\"advgb-post-tax-term\">caso no STF<\/a>","<a href=\"https:\/\/sindaopcpb.org.br\/cicero-lucena\/\" class=\"advgb-post-tax-term\">cicero lucena<\/a>","<a href=\"https:\/\/sindaopcpb.org.br\/ex-governador\/\" class=\"advgb-post-tax-term\">ex-governador<\/a>","<a href=\"https:\/\/sindaopcpb.org.br\/g1\/\" class=\"advgb-post-tax-term\">G1<\/a>","<a href=\"https:\/\/sindaopcpb.org.br\/pensao-vitalicia\/\" class=\"advgb-post-tax-term\">Pens\u00e3o Vital\u00edcia<\/a>","<a href=\"https:\/\/sindaopcpb.org.br\/politica\/\" class=\"advgb-post-tax-term\">POLITICA<\/a>"],"unlinked":["<span class=\"advgb-post-tax-term\">caso no STF<\/span>","<span class=\"advgb-post-tax-term\">cicero lucena<\/span>","<span class=\"advgb-post-tax-term\">ex-governador<\/span>","<span class=\"advgb-post-tax-term\">G1<\/span>","<span class=\"advgb-post-tax-term\">Pens\u00e3o Vital\u00edcia<\/span>","<span class=\"advgb-post-tax-term\">POLITICA<\/span>"]},"tags":{"linked":["<a href=\"https:\/\/sindaopcpb.org.br\/politica\/\" class=\"advgb-post-tax-term\">g1<\/a>"],"unlinked":["<span class=\"advgb-post-tax-term\">g1<\/span>"]}},"comment_count":"0","relative_dates":{"created":"Publicado 3 anos atr\u00e1s","modified":"Atualizado 3 anos atr\u00e1s"},"absolute_dates":{"created":"Publicado em 23 de agosto de 2023","modified":"Atualizado em 23 de agosto de 2023"},"absolute_dates_time":{"created":"Publicado em 23 de agosto de 2023 14:55","modified":"Atualizado em 23 de agosto de 2023 14:55"},"featured_img_caption":"","series_order":"","_links":{"self":[{"href":"https:\/\/sindaopcpb.org.br\/index.php\/wp-json\/wp\/v2\/posts\/30987","targetHints":{"allow":["GET"]}}],"collection":[{"href":"https:\/\/sindaopcpb.org.br\/index.php\/wp-json\/wp\/v2\/posts"}],"about":[{"href":"https:\/\/sindaopcpb.org.br\/index.php\/wp-json\/wp\/v2\/types\/post"}],"author":[{"embeddable":true,"href":"https:\/\/sindaopcpb.org.br\/index.php\/wp-json\/wp\/v2\/users\/49"}],"replies":[{"embeddable":true,"href":"https:\/\/sindaopcpb.org.br\/index.php\/wp-json\/wp\/v2\/comments?post=30987"}],"version-history":[{"count":1,"href":"https:\/\/sindaopcpb.org.br\/index.php\/wp-json\/wp\/v2\/posts\/30987\/revisions"}],"predecessor-version":[{"id":30988,"href":"https:\/\/sindaopcpb.org.br\/index.php\/wp-json\/wp\/v2\/posts\/30987\/revisions\/30988"}],"wp:attachment":[{"href":"https:\/\/sindaopcpb.org.br\/index.php\/wp-json\/wp\/v2\/media?parent=30987"}],"wp:term":[{"taxonomy":"category","embeddable":true,"href":"https:\/\/sindaopcpb.org.br\/index.php\/wp-json\/wp\/v2\/categories?post=30987"},{"taxonomy":"post_tag","embeddable":true,"href":"https:\/\/sindaopcpb.org.br\/index.php\/wp-json\/wp\/v2\/tags?post=30987"}],"curies":[{"name":"wp","href":"https:\/\/api.w.org\/{rel}","templated":true}]}}