{"id":30970,"date":"2023-08-23T14:09:04","date_gmt":"2023-08-23T17:09:04","guid":{"rendered":"https:\/\/www.infomoney.com.br\/?p=2223491"},"modified":"2023-08-23T14:09:04","modified_gmt":"2023-08-23T17:09:04","slug":"margem-equatorial-marina-nao-ve-controversia-e-diz-que-decisao-nao-cabe-somente-ao-meio-ambiente","status":"publish","type":"post","link":"https:\/\/sindaopcpb.org.br\/index.php\/2023\/08\/23\/margem-equatorial-marina-nao-ve-controversia-e-diz-que-decisao-nao-cabe-somente-ao-meio-ambiente\/","title":{"rendered":"Margem Equatorial: Marina n\u00e3o v\u00ea controv\u00e9rsia e diz que decis\u00e3o n\u00e3o cabe somente ao Meio Ambiente"},"content":{"rendered":"<p><img loading=\"lazy\" width=\"300\" height=\"225\" src=\"https:\/\/www.infomoney.com.br\/wp-content\/uploads\/2023\/01\/marina_silva1.jpg?fit=300%2C225&amp;quality=70&amp;strip=all\" class=\"attachment-medium size-medium wp-post-image\" alt=\"\" decoding=\"async\" style=\"float:right; margin:0 0 10px 10px;\" srcset=\"https:\/\/www.infomoney.com.br\/wp-content\/uploads\/2023\/01\/marina_silva1.jpg?w=1024&amp;quality=70&amp;strip=all 1024w, https:\/\/www.infomoney.com.br\/wp-content\/uploads\/2023\/01\/marina_silva1.jpg?w=300&amp;quality=70&amp;strip=all 300w, https:\/\/www.infomoney.com.br\/wp-content\/uploads\/2023\/01\/marina_silva1.jpg?w=768&amp;quality=70&amp;strip=all 768w, https:\/\/www.infomoney.com.br\/wp-content\/uploads\/2023\/01\/marina_silva1.jpg?w=150&amp;quality=70&amp;strip=all 150w\" sizes=\"auto, (max-width: 300px) 100vw, 300px\" data-attachment-id=\"2022841\" data-permalink=\"https:\/\/www.infomoney.com.br\/?attachment_id=2022841\" data-orig-file=\"https:\/\/www.infomoney.com.br\/wp-content\/uploads\/2023\/01\/marina_silva1.jpg?fit=1024%2C768&amp;quality=70&amp;strip=all\" data-orig-size=\"1024,768\" data-comments-opened=\"0\" data-image-meta=\"{&quot;aperture&quot;:&quot;3.5&quot;,&quot;credit&quot;:&quot;Valter Campanato\\\/Ag\\u00eancia Brasil&quot;,&quot;camera&quot;:&quot;Canon EOS-1D X&quot;,&quot;caption&quot;:&quot;A ministra do Meio Ambiente, Marina Silva, assume o cargo, durante cerim\\u00f4nia de transmiss\\u00e3o, no Sal\\u00e3o Nobre no Pal\\u00e1cio do Planalto&quot;,&quot;created_timestamp&quot;:&quot;1672851387&quot;,&quot;copyright&quot;:&quot;Ag\\u00eancia Brasil\\\/EBC&quot;,&quot;focal_length&quot;:&quot;168&quot;,&quot;iso&quot;:&quot;1000&quot;,&quot;shutter_speed&quot;:&quot;0.005&quot;,&quot;title&quot;:&quot;&quot;,&quot;orientation&quot;:&quot;1&quot;}\" data-image-title=\"Marina Silva\" data-image-description=\"\" data-image-caption=\"&lt;p&gt;A ministra do Meio Ambiente, Marina Silva (Rede), assume o cargo, durante cerim\u00f4nia de transmiss\u00e3o, no Sal\u00e3o Nobre no Pal\u00e1cio do Planalto (Foto: Valter Campanato\/Ag\u00eancia Brasil)&lt;\/p&gt;\n\" data-medium-file=\"https:\/\/www.infomoney.com.br\/wp-content\/uploads\/2023\/01\/marina_silva1.jpg?fit=300%2C225&amp;quality=70&amp;strip=all\" data-large-file=\"https:\/\/www.infomoney.com.br\/wp-content\/uploads\/2023\/01\/marina_silva1.jpg?fit=1024%2C768&amp;quality=70&amp;strip=all\" title=\"\"><\/p>\n<p>A ministra do Meio Ambiente e Mudan&ccedil;a do Clima, <strong>Marina Silva<\/strong> (Rede Sustentabilidade), concordou com parecer divulgado pela Advocacia Geral da Uni&atilde;o (AGU) na ter&ccedil;a-feira (22), ao dizer, na Comiss&atilde;o de Meio Ambiente do Senado Federal, que a conclus&atilde;o de uma Avalia&ccedil;&atilde;o Ambiental de &Aacute;rea Sedimentar n&atilde;o &eacute; condicionante para a explora&ccedil;&atilde;o do petr&oacute;leo na Margem Equatorial, situada a 175 quil&ocirc;metros da Foz do Rio Amazonas.<\/p>\n<p>Na v&eacute;spera, a AGU publicou decis&atilde;o indicando que a falta desse estudo n&atilde;o deve bloquear as a&ccedil;&otilde;es para o licenciamento ambiental visando a explora&ccedil;&atilde;o de petr&oacute;leo e g&aacute;s natural. Em julho, o minist&eacute;rio de Minas e Energia acionou a AGU alegando que o Ibama havia indeferido licen&ccedil;a para a perfura&ccedil;&atilde;o de po&ccedil;os na regi&atilde;o, justificando que era necess&aacute;rio elaborar essa avalia&ccedil;&atilde;o, al&eacute;m de destacar eventuais impactos sobre comunidades ind&iacute;genas na regi&atilde;o de Oiapoque\/AP, e riscos de vazamento de &oacute;leo.<\/p>\n<p>&ldquo;N&atilde;o havia uma controv&eacute;rsia entre Minist&eacute;rio de Minas e Energia e Meio Ambiente porque nunca dissemos que <em>[a Avalia&ccedil;&atilde;o Ambiental de &Aacute;rea Sedimentar]<\/em> era condicionante <em>[para o licenciamento ambiental]<\/em>&ldquo;, frisou Marina.<\/p>\n<p>Segundo Marina, o Ibama fez um parecer t&eacute;cnico em que julgou insuficientes as propostas de mitiga&ccedil;&atilde;o dos impactos ambientes apresentadas pela Petrobras, por entender que a &aacute;rea &eacute; sens&iacute;vel e h&aacute; pouco conhecimento sobre as correntes marinhas na regi&atilde;o. A pasta de Minas e Energia alega que o empreendimento j&aacute; havia sido autorizado por meio de portaria conjunta com o Meio Ambiente, assinada em 2012.<\/p>\n<p>&ldquo;O Meio Ambiente n&atilde;o faz a decis&atilde;o se vai ou n&atilde;o vai <em>[haver explora&ccedil;&atilde;o de petr&oacute;leo na regi&atilde;o]<\/em>. Acho que a Petrobras deve deixar de ser apenas uma empresa de explora&ccedil;&atilde;o de petr&oacute;leo e se transformar numa empresa de gera&ccedil;&atilde;o de energia. Precisamos ver onde a bola vai estar&rdquo;, completou Marina, ao lembrar que o Minist&eacute;rio do Meio Ambiente conta com um assento no Conselho Nacional de Pol&iacute;tica Energ&eacute;tica.<\/p>\n<p>Segundo a AGU, o entendimento estabelecido por meio do parecer est&aacute; respaldado em manifesta&ccedil;&otilde;es jur&iacute;dicas do Sumpreo Tribunal Federal (STF). Na aprecia&ccedil;&atilde;o das Argui&ccedil;&otilde;es de Descumprimento de Preceito Fundamental (ADPFs n&ordm; 825 e n&ordm; 887), a Corte decidiu que a viabilidade ambiental de um empreendimento deve ser atestada no pr&oacute;prio licenciamento, e n&atilde;o por meio da avalia&ccedil;&atilde;o de &aacute;rea sedimentar.<\/p>\n<p>&ldquo;<em>[Avalia&ccedil;&atilde;o Ambiental de &Aacute;rea Sedimentar]<\/em> trata-se de uma avalia&ccedil;&atilde;o pr&eacute;via &agrave; licita&ccedil;&atilde;o de concess&atilde;o dos blocos sobre a aptid&atilde;o de determinada regi&atilde;o com potencial de explora&ccedil;&atilde;o de petr&oacute;leo e g&aacute;s. O licenciamento ambiental, por sua vez, &eacute; um procedimento da pol&iacute;tica nacional de meio ambiente, utilizado para avaliar a viabilidade de projetos espec&iacute;ficos, a partir de identifica&ccedil;&atilde;o de impactos potenciais associados aos projetos&rdquo;, diz o parecer da AGU.<\/p>\n<p>Para buscar um consenso, entre as partes envolvidas a AGU encaminhou &agrave; C&acirc;mara de Media&ccedil;&atilde;o e de Concilia&ccedil;&atilde;o da Administra&ccedil;&atilde;o P&uacute;blica Federal (CCAF) uma solicita&ccedil;&atilde;o de abertura de processo administrativo para avaliar os pontos divergentes entre os &oacute;rg&atilde;os federais. Caso seja encontrada uma alternativa, a solu&ccedil;&atilde;o ser&aacute; formalizada em um termo de concilia&ccedil;&atilde;o.<\/p>\n<\/p>\n<div class=\"cta-end\">\n<div class=\"im-cta\" >\n<div class=\"im-shortcode-forms bg-light bg-opacity-25 border rounded-4 p-3 p-sm-4 p-md-3 p-lg-4 px-xxl-5 my-5\" data-configuration='{\"form_name\":false,\"form_hat\":\"Newsletter\",\"form_email\":true,\"form_icon\":\"newsletter\",\"form_phone\":false,\"form_campaign\":\"NIM\",\"form_thankyou\":\"\",\"form_journey\":\"APIEvent-26a5198d-8e09-06ef-5f80-cd9127757ad1\",\"form_button\":\"Quero receber\",\"form_context\":\"newsletter\",\"form_origin\":\"https:\\\/\\\/www.infomoney.com.br\\\/politica\\\/feed\\\/?utm_medium=materia&#038;utm_source=infomoney&#038;utm_campaign=NIM&#038;utm_term=politica&#038;utm_content=newsletter\",\"form_position\":\"final\",\"form_category\":\"cta_form\"}'>\n<div class=\"d-flex flex-column align-items-center align-items-lg-start mb-4 flex-lg-row\">\n<div class=\"rounded-circle mb-2 mb-lg-0 mr-lg-4 me-lg-4 p-3 p-lg-4 bg-blue-400\"><svg width=\"40\" height=\"40\" viewBox=\"0 0 40 40\" fill=\"none\" xmlns=\"http:\/\/www.w3.org\/2000\/svg\"><path d=\"M20 20.25 6.042 11.042v19.041c0 .167.048.299.146.396a.535.535 0 0 0 .395.146h15.792V32.5H6.583a2.328 2.328 0 0 1-1.708-.708 2.328 2.328 0 0 1-.708-1.709V9.917c0-.667.236-1.236.708-1.709A2.328 2.328 0 0 1 6.583 7.5h26.834c.666 0 1.236.236 1.708.708a2.33 2.33 0 0 1 .708 1.709v12.458h-1.875V11.042L20 20.25Zm0-2 13.667-8.875H6.333L20 18.25Zm11.75 18.958-1.292-1.333 3.334-3.375h-9v-1.875h9l-3.375-3.417 1.333-1.291 5.667 5.625-5.667 5.666ZM6.042 11.042v20.791-9.458.25-13.25 1.667Z\" fill=\"#fff\"\/><\/svg><\/div>\n<div class=\"flex-fill text-center text-lg-left\">\n<div class=\"h6 small text-orange-700 lh-base mb-1\">Newsletter<\/div>\n<div class=\"text-body h4 m-0\">Infomorning<\/div>\n<div class=\"text-body small lh-base mt-2\">Receba no seu e-mail logo pela manh&atilde; as not&iacute;cias que v&atilde;o mexer com os mercados, com os seus investimentos e o seu bolso durante o dia<\/div>\n<\/div>\n<\/div>\n<\/div>\n<\/div>\n<\/div>\n<p>The post <a rel=\"nofollow noopener\" href=\"https:\/\/www.infomoney.com.br\/politica\/margem-equatorial-marina-nao-ve-controversia-e-diz-que-decisao-nao-cabe-somente-ao-meio-ambiente\/\" target=\"_blank\">Margem Equatorial: Marina n\u00e3o v\u00ea controv\u00e9rsia e diz que decis\u00e3o n\u00e3o cabe somente ao Meio Ambiente<\/a> appeared first on <a rel=\"nofollow noopener\" href=\"https:\/\/www.infomoney.com.br\/\" target=\"_blank\">InfoMoney<\/a>.<\/p>\n","protected":false},"excerpt":{"rendered":"<p><img loading=\"lazy\" decoding=\"async\" width=\"300\" height=\"225\" src=\"https:\/\/www.infomoney.com.br\/wp-content\/uploads\/2023\/01\/marina_silva1.jpg?fit=300%2C225&amp;quality=70&amp;strip=all\" class=\"attachment-medium size-medium wp-post-image\" alt=\"\" data-attachment-id=\"2022841\" data-permalink=\"https:\/\/www.infomoney.com.br\/?attachment_id=2022841\" data-orig-file=\"https:\/\/www.infomoney.com.br\/wp-content\/uploads\/2023\/01\/marina_silva1.jpg?fit=1024%2C768&amp;quality=70&amp;strip=all\" data-orig-size=\"1024,768\" data-comments-opened=\"0\" data-image-meta='{\"aperture\":\"3.5\",\"credit\":\"Valter Campanato\\\/Ag\\u00eancia Brasil\",\"camera\":\"Canon EOS-1D X\",\"caption\":\"A ministra do Meio Ambiente, Marina Silva, assume o cargo, durante cerim\\u00f4nia de transmiss\\u00e3o, no Sal\\u00e3o Nobre no Pal\\u00e1cio do Planalto\",\"created_timestamp\":\"1672851387\",\"copyright\":\"Ag\\u00eancia Brasil\\\/EBC\",\"focal_length\":\"168\",\"iso\":\"1000\",\"shutter_speed\":\"0.005\",\"title\":\"\",\"orientation\":\"1\"}' data-image-title=\"Marina Silva\" data-image-description=\"\" data-image-caption=\"&lt;p&gt;A ministra do Meio Ambiente, Marina Silva (Rede), assume o cargo, durante cerim\u00f4nia de transmiss\u00e3o, no Sal\u00e3o Nobre no Pal\u00e1cio do Planalto (Foto: Valter Campanato\/Ag\u00eancia Brasil)&lt;\/p&gt;\n\" data-medium-file=\"https:\/\/www.infomoney.com.br\/wp-content\/uploads\/2023\/01\/marina_silva1.jpg?fit=300%2C225&amp;quality=70&amp;strip=all\" data-large-file=\"https:\/\/www.infomoney.com.br\/wp-content\/uploads\/2023\/01\/marina_silva1.jpg?fit=1024%2C768&amp;quality=70&amp;strip=all\">Ministra do Meio Ambiente comentou decis\u00e3o da AGU na Comiss\u00e3o de Meio Ambiente do Senado<\/p>\n<p>The post <a rel=\"nofollow\" href=\"https:\/\/www.infomoney.com.br\/politica\/margem-equatorial-marina-nao-ve-controversia-e-diz-que-decisao-nao-cabe-somente-ao-meio-ambiente\/\">Margem Equatorial: Marina n\u00e3o v\u00ea controv\u00e9rsia e diz que decis\u00e3o n\u00e3o cabe somente ao Meio Ambiente<\/a> appeared first on <a rel=\"nofollow\" href=\"https:\/\/www.infomoney.com.br\/\">InfoMoney<\/a>.<\/p>\n","protected":false},"author":47,"featured_media":0,"comment_status":"closed","ping_status":"closed","sticky":false,"template":"","format":"standard","meta":{"advgb_blocks_editor_width":"","advgb_blocks_columns_visual_guide":"","footnotes":""},"categories":[34,2378,950,123,318,47],"tags":[35],"class_list":["post-30970","post","type-post","status-publish","format-standard","hentry","category-g1","category-marina-silva","category-meio-ambiente","category-ministerio-de-minas-e-energia","category-petrobras","category-politica","tag-g1"],"author_meta":{"display_name":"luispereira","author_link":"https:\/\/sindaopcpb.org.br\/author\/luispereira\/"},"featured_img":null,"coauthors":[],"tax_additional":{"categories":{"linked":["<a href=\"https:\/\/sindaopcpb.org.br\/g1\/\" class=\"advgb-post-tax-term\">G1<\/a>","<a href=\"https:\/\/sindaopcpb.org.br\/marina-silva\/\" class=\"advgb-post-tax-term\">Marina Silva<\/a>","<a href=\"https:\/\/sindaopcpb.org.br\/meio-ambiente\/\" class=\"advgb-post-tax-term\">Meio Ambiente<\/a>","<a href=\"https:\/\/sindaopcpb.org.br\/ministerio-de-minas-e-energia\/\" class=\"advgb-post-tax-term\">Minist\u00e9rio de Minas e Energia<\/a>","<a href=\"https:\/\/sindaopcpb.org.br\/petrobras\/\" class=\"advgb-post-tax-term\">Petrobras<\/a>","<a href=\"https:\/\/sindaopcpb.org.br\/politica\/\" class=\"advgb-post-tax-term\">POLITICA<\/a>"],"unlinked":["<span class=\"advgb-post-tax-term\">G1<\/span>","<span class=\"advgb-post-tax-term\">Marina Silva<\/span>","<span class=\"advgb-post-tax-term\">Meio Ambiente<\/span>","<span class=\"advgb-post-tax-term\">Minist\u00e9rio de Minas e Energia<\/span>","<span class=\"advgb-post-tax-term\">Petrobras<\/span>","<span class=\"advgb-post-tax-term\">POLITICA<\/span>"]},"tags":{"linked":["<a href=\"https:\/\/sindaopcpb.org.br\/politica\/\" class=\"advgb-post-tax-term\">g1<\/a>"],"unlinked":["<span class=\"advgb-post-tax-term\">g1<\/span>"]}},"comment_count":"0","relative_dates":{"created":"Publicado 3 anos atr\u00e1s","modified":"Atualizado 3 anos atr\u00e1s"},"absolute_dates":{"created":"Publicado em 23 de agosto de 2023","modified":"Atualizado em 23 de agosto de 2023"},"absolute_dates_time":{"created":"Publicado em 23 de agosto de 2023 14:09","modified":"Atualizado em 23 de agosto de 2023 14:09"},"featured_img_caption":"","series_order":"","_links":{"self":[{"href":"https:\/\/sindaopcpb.org.br\/index.php\/wp-json\/wp\/v2\/posts\/30970","targetHints":{"allow":["GET"]}}],"collection":[{"href":"https:\/\/sindaopcpb.org.br\/index.php\/wp-json\/wp\/v2\/posts"}],"about":[{"href":"https:\/\/sindaopcpb.org.br\/index.php\/wp-json\/wp\/v2\/types\/post"}],"author":[{"embeddable":true,"href":"https:\/\/sindaopcpb.org.br\/index.php\/wp-json\/wp\/v2\/users\/47"}],"replies":[{"embeddable":true,"href":"https:\/\/sindaopcpb.org.br\/index.php\/wp-json\/wp\/v2\/comments?post=30970"}],"version-history":[{"count":2,"href":"https:\/\/sindaopcpb.org.br\/index.php\/wp-json\/wp\/v2\/posts\/30970\/revisions"}],"predecessor-version":[{"id":30999,"href":"https:\/\/sindaopcpb.org.br\/index.php\/wp-json\/wp\/v2\/posts\/30970\/revisions\/30999"}],"wp:attachment":[{"href":"https:\/\/sindaopcpb.org.br\/index.php\/wp-json\/wp\/v2\/media?parent=30970"}],"wp:term":[{"taxonomy":"category","embeddable":true,"href":"https:\/\/sindaopcpb.org.br\/index.php\/wp-json\/wp\/v2\/categories?post=30970"},{"taxonomy":"post_tag","embeddable":true,"href":"https:\/\/sindaopcpb.org.br\/index.php\/wp-json\/wp\/v2\/tags?post=30970"}],"curies":[{"name":"wp","href":"https:\/\/api.w.org\/{rel}","templated":true}]}}