{"id":30961,"date":"2023-08-23T13:13:30","date_gmt":"2023-08-23T16:13:30","guid":{"rendered":"https:\/\/g1.globo.com\/pb\/paraiba\/noticia\/2023\/08\/23\/oito-pessoas-participaram-de-ataque-a-onibus-em-joao-pessoa-que-deixou-motorista-morto-aponta-investigacao-policial.ghtml"},"modified":"2023-08-23T13:13:30","modified_gmt":"2023-08-23T16:13:30","slug":"oito-pessoas-participaram-de-ataque-a-onibus-em-joao-pessoa-que-deixou-motorista-morto-aponta-investigacao-policial","status":"publish","type":"post","link":"https:\/\/sindaopcpb.org.br\/index.php\/2023\/08\/23\/oito-pessoas-participaram-de-ataque-a-onibus-em-joao-pessoa-que-deixou-motorista-morto-aponta-investigacao-policial\/","title":{"rendered":"Oito pessoas participaram de ataque a \u00f4nibus em Jo\u00e3o Pessoa que deixou motorista morto, aponta investiga\u00e7\u00e3o policial"},"content":{"rendered":"   <img src=\"https:\/\/s2.glbimg.com\/ibZ1-7mBM91dc6dkGZDaDb_jiZ4=\/i.s3.glbimg.com\/v1\/AUTH_59edd422c0c84a879bd37670ae4f538a\/internal_photos\/bs\/2023\/8\/K\/BZcrAiRcA8IALhuPVS5w\/onibus-1.jpg\" \/><br \/>     Dos oito, s\u00e3o tr\u00eas mandantes e cinco executores. For\u00e7a-tarefa indica que tr\u00eas est\u00e3o presos, dois est\u00e3o foragidos, dois ainda faltam ser identificados e um est\u00e1 morto. \u00d4nibus ficou completamente destru\u00eddo ap\u00f3s ser incendiado com passageiros e motorista dentro, em Jo\u00e3o Pessoa, no dia 17 de julho de 2023\nReprodu\u00e7\u00e3o\/TV Cabo Branco\nAs investiga\u00e7\u00f5es da For\u00e7a-Tarefa de Combate ao Crime Organizado na Para\u00edba j\u00e1 conseguiram definir uma esp\u00e9cie de radiografia sobre o inc\u00eandio a \u00f4nibus registrado em 17 de julho deste ano, em Jo\u00e3o Pessoa, que deixou o motorista do ve\u00edculo morto e tr\u00eas passageiros feridos. Ao todo seriam oito criminosos envolvidos, sendo tr\u00eas mandantes e cinco executores. \nAs informa\u00e7\u00f5es foram repassadas nesta quarta-feira (23), na sede da Pol\u00edcia Federal na Para\u00edba, durante entrevista coletiva realizada algumas horas depois de ter sido desencadeada a Opera\u00e7\u00e3o Kerberos 2, que cumpriu mandados de pris\u00e3o e de busca e apreens\u00e3o em Jo\u00e3o Pessoa e Bayeux.\nDelegada da Pol\u00edcia Civil da Para\u00edba, Ma\u00edra Ara\u00fajo explica que, dos cinco executores do crime, dois j\u00e1 est\u00e3o presos, um foi morto em conflitos entre os pr\u00f3prios criminosos, um est\u00e1 com mandado de pris\u00e3o em aberto e \u00e9 considerado foragido, um ainda falta ser identificado. J\u00e1 com rela\u00e7\u00e3o aos mandantes, um est\u00e1 preso, um est\u00e1 foragido, com mandado de pris\u00e3o j\u00e1 expedido, um ainda falta ser identificado.\nEla explica ainda que foram apreendidos carregadores, pistolas, muni\u00e7\u00f5es e drogas. Nessa ter\u00e7a-feira (22), houve tamb\u00e9m a apreens\u00e3o de um carro clonado, inclusive com confronto entre policiais e criminosos.\nOpera\u00e7\u00e3o Kerberos 2 foi desencadeada nesta quarta-feira (23)\nTV Cabo Branco\/Reprodu\u00e7\u00e3o\nDiante das caracter\u00edsticas que a for\u00e7a-tarefa j\u00e1 conseguiu reunir, por sinal, a delegada destacou que n\u00e3o existem mais d\u00favidas de que o ataque ao \u00f4nibus foi realizado por pessoas ligadas a organiza\u00e7\u00f5es criminosas, mas que a motiva\u00e7\u00e3o do crime ainda est\u00e1 sendo investigada.\nApesar de todo o avan\u00e7o nos trabalhos, de toda forma, o entendimento geral \u00e9 de que muito mais ainda precisa ser feito. \u00c9 o que garante a superintendente da Pol\u00edcia Federal na Para\u00edba, a delegada Christiane Machado, que prev\u00ea outras fases da opera\u00e7\u00e3o.\n\"Haver\u00e1 ainda mais desdobramentos\", destaca.\nEla explica tamb\u00e9m que a primeira pris\u00e3o aconteceu 11 dias depois dos fatos, quando o homem respons\u00e1vel pela log\u00edstica do crime foi preso. A partir da\u00ed e de novas investiga\u00e7\u00f5es, os demais envolvidos foram sendo identificados. Dos quatro novos mandados de pris\u00e3o expedidos para esta quarta-feira (23), dois foram cumpridos.\nPor fim, o comandante da Pol\u00edcia Militar da Para\u00edba, S\u00e9rgio Fonseca, comentou que a for\u00e7a-tarefa tenta com as \u00faltimas a\u00e7\u00f5es dar uma resposta a um \"crime b\u00e1rbaro\" e que muito do foco das investiga\u00e7\u00f5es se concentrou em Bayeux. Ele frisa que, s\u00f3 no m\u00eas de agosto, foram apreendidos mais de 20 armas de fogo, tr\u00eas coletes bal\u00edsticas e mias de duas mil embalagens de drogas no munic\u00edpio, que era onde parte dos envolvidos moravam.\nPoliciais militares participaram da opera\u00e7\u00e3o em Bayeux, na Grande Jo\u00e3o Pessoa\nTV Cabo Branco\/Reprodu\u00e7\u00e3o\nSobre os dois homens presos nesta quarta-feira (23), ele classificou como sendo de \"alta periculosidade\". Um deles, inclusive, teria participado efetivamente do inc\u00eandio criminoso que resultou na morte do motorista do \u00f4nibus.\nAs identidades, contudo, ser\u00e3o mantidas em sigilo, para n\u00e3o atrapalhar as investiga\u00e7\u00f5es.\nParticiparam da entrevista coletiva ainda a Pol\u00edcia Rodovi\u00e1ria Federal e a Secretaria de Administra\u00e7\u00e3o Penitenci\u00e1ria. Essa \u00faltima, porque dois dos alvos dos mandados de pris\u00e3o s\u00e3o pessoas que estavam presas e que foram postas em liberdade sob a condi\u00e7\u00e3o de usarem tornozeleiras eletr\u00f4nicas.\nV\u00eddeos mais assistidos da Para\u00edba  ","protected":false},"excerpt":{"rendered":"<p>        Dos oito, s\u00e3o tr\u00eas mandantes e cinco executores. For\u00e7a-tarefa indica que tr\u00eas est\u00e3o presos, dois est\u00e3o foragidos, dois ainda faltam ser identificados e um est\u00e1 morto. \u00d4nibus ficou completamente destru\u00eddo ap\u00f3s ser incendiado com passageiros e mo&#8230;<\/p>\n","protected":false},"author":2,"featured_media":0,"comment_status":"closed","ping_status":"closed","sticky":false,"template":"","format":"standard","meta":{"advgb_blocks_editor_width":"","advgb_blocks_columns_visual_guide":"","footnotes":""},"categories":[34],"tags":[35],"class_list":["post-30961","post","type-post","status-publish","format-standard","hentry","category-g1","tag-g1"],"author_meta":{"display_name":"g1 &gt; Para\u00edba","author_link":"https:\/\/sindaopcpb.org.br\/author\/g1-paraiba\/"},"featured_img":null,"coauthors":[],"tax_additional":{"categories":{"linked":["<a href=\"https:\/\/sindaopcpb.org.br\/g1\/\" class=\"advgb-post-tax-term\">G1<\/a>"],"unlinked":["<span class=\"advgb-post-tax-term\">G1<\/span>"]},"tags":{"linked":["<a href=\"https:\/\/sindaopcpb.org.br\/g1\/\" class=\"advgb-post-tax-term\">g1<\/a>"],"unlinked":["<span class=\"advgb-post-tax-term\">g1<\/span>"]}},"comment_count":"0","relative_dates":{"created":"Publicado 3 anos atr\u00e1s","modified":"Atualizado 3 anos atr\u00e1s"},"absolute_dates":{"created":"Publicado em 23 de agosto de 2023","modified":"Atualizado em 23 de agosto de 2023"},"absolute_dates_time":{"created":"Publicado em 23 de agosto de 2023 13:13","modified":"Atualizado em 23 de agosto de 2023 13:13"},"featured_img_caption":"","series_order":"","_links":{"self":[{"href":"https:\/\/sindaopcpb.org.br\/index.php\/wp-json\/wp\/v2\/posts\/30961","targetHints":{"allow":["GET"]}}],"collection":[{"href":"https:\/\/sindaopcpb.org.br\/index.php\/wp-json\/wp\/v2\/posts"}],"about":[{"href":"https:\/\/sindaopcpb.org.br\/index.php\/wp-json\/wp\/v2\/types\/post"}],"author":[{"embeddable":true,"href":"https:\/\/sindaopcpb.org.br\/index.php\/wp-json\/wp\/v2\/users\/2"}],"replies":[{"embeddable":true,"href":"https:\/\/sindaopcpb.org.br\/index.php\/wp-json\/wp\/v2\/comments?post=30961"}],"version-history":[{"count":1,"href":"https:\/\/sindaopcpb.org.br\/index.php\/wp-json\/wp\/v2\/posts\/30961\/revisions"}],"predecessor-version":[{"id":30962,"href":"https:\/\/sindaopcpb.org.br\/index.php\/wp-json\/wp\/v2\/posts\/30961\/revisions\/30962"}],"wp:attachment":[{"href":"https:\/\/sindaopcpb.org.br\/index.php\/wp-json\/wp\/v2\/media?parent=30961"}],"wp:term":[{"taxonomy":"category","embeddable":true,"href":"https:\/\/sindaopcpb.org.br\/index.php\/wp-json\/wp\/v2\/categories?post=30961"},{"taxonomy":"post_tag","embeddable":true,"href":"https:\/\/sindaopcpb.org.br\/index.php\/wp-json\/wp\/v2\/tags?post=30961"}],"curies":[{"name":"wp","href":"https:\/\/api.w.org\/{rel}","templated":true}]}}