{"id":30959,"date":"2023-08-23T11:20:02","date_gmt":"2023-08-23T14:20:02","guid":{"rendered":"https:\/\/wpa.wscom.com.br\/?p=919374"},"modified":"2023-08-23T11:20:02","modified_gmt":"2023-08-23T14:20:02","slug":"crise-em-municipios-prefeitos-paraibanos-buscarao-bancada-federal-para-sensibilizar-governo-lula-por-repasses-de-recursos","status":"publish","type":"post","link":"https:\/\/sindaopcpb.org.br\/index.php\/2023\/08\/23\/crise-em-municipios-prefeitos-paraibanos-buscarao-bancada-federal-para-sensibilizar-governo-lula-por-repasses-de-recursos\/","title":{"rendered":"Crise em munic\u00edpios: prefeitos paraibanos buscar\u00e3o bancada federal para \u2018sensibilizar\u2019 Governo Lula por repasses de recursos"},"content":{"rendered":"<p>A Assembleia Legislativa da Para\u00edba (ALPB) realizou, nesta quarta-feira (23), uma sess\u00e3o especial para debater a queda de repasse de recursos do Fundo de Participa\u00e7\u00e3o dos Munic\u00edpios (FPM). O objetivo foi discutir com a Federa\u00e7\u00e3o das Associa\u00e7\u00f5es de Munic\u00edpios da Para\u00edba (FAMUP) e prefeitos a redu\u00e7\u00e3o de recursos relativos ao FPM.<\/p>\n<p>Na ocasi\u00e3o, o presidente da Casa, Adriano Galdino, reiterou o momento de crise vivido pelas prefeituras e disse que o objetivo \u00e9 sensibilizar o Governo Federal.<\/p>\n<p>&#8220;O que se pretende \u00e9 sensibilizar o governo federal para ajudar os prefeitos a sa\u00edrem dessa crise. As prefeituras hoje passam por uma crise. No ano passado, os prefeitos receberam muito mais recursos do que este ano. Pode ser elaborado um documento para que possamos encaminhar ao Minist\u00e9rio da Economia e \u00e0 bancada federal&#8221;, disse.<\/p>\n<p><iframe loading=\"lazy\" title=\"Crise em munic\u00edpios: prefeitos paraibanos buscar\u00e3o bancada federal para &#039;sensibilizar&#039; Governo\" width=\"600\" height=\"338\" src=\"https:\/\/www.youtube.com\/embed\/Sw4ult0ZksM?feature=oembed\" frameborder=\"0\" allow=\"accelerometer; autoplay; clipboard-write; encrypted-media; gyroscope; picture-in-picture; web-share\" allowfullscreen><\/iframe><\/p>\n<p>O deputado Eduardo Carneiro declarou que ser\u00e1 constru\u00eddo um documento e levado \u00e0 bancada federal, que deve solicitar uma agenda com o Minist\u00e9rio das Rela\u00e7\u00f5es Institucionais buscando um acordo com o Governo Federal.<\/p>\n<p>&#8220;A realidade \u00e9 que os prefeitos vivenciam, nesse momento, uma situa\u00e7\u00e3o preocupante. Aqui na Para\u00edba e em todo o Brasil, os prefeitos demonstram suas insatisfa\u00e7\u00f5es com essa diminui\u00e7\u00e3o dos repasses. Portanto, esse debate \u00e9 fundamental, e a cobran\u00e7a tem que ser forte em rela\u00e7\u00e3o \u00e0 nossa bancada federal de deputados e senadores. S\u00e3o eles que t\u00eam contato direto com o governo federal. A ideia de hoje aqui \u00e9 exatamente encaminhar uma agenda com o Ministro das Rela\u00e7\u00f5es Institucionais, assinada pelos Prefeitos paraibanos, toda a bancada estadual e a bancada Federal, para que possamos realmente resolver esse grave problema que temos aqui no estado da Para\u00edba. \u00c9 algo muito s\u00e9rio e com certeza absoluta \u00e9 a nossa for\u00e7a&#8221;, pontuou.<\/p>\n<p>Uma poss\u00edvel solu\u00e7\u00e3o apontada foi aumentar a al\u00edquota do repasse do FPM para 1.5%. O presidente da Famup, George Coelho, declarou que essa medida poderia resolver &#8220;uma grande parte&#8221; do problema.<\/p>\n<p>Ele tamb\u00e9m criticou o Governo Federal por n\u00e3o atuar em conjunto com a pauta municipalista.<\/p>\n<p>&#8220;O governo federal n\u00e3o participou em momento nenhum e em nenhuma tratativa at\u00e9 agora do movimento municipalista. Prometeu que resolveria muitas das quest\u00f5es que est\u00e3o em falta, principalmente no Congresso, mas at\u00e9 agora nada. Para voc\u00eas terem uma ideia, a Para\u00edba at\u00e9 o momento est\u00e1 com um d\u00e9ficit de 300 milh\u00f5es de repasses de emendas impositivas, emendas comerciais e emendas de conv\u00eanios. Portanto, estamos enfrentando esse problema, e os prefeitos n\u00e3o t\u00eam recursos suficientes para trabalhar de forma apropriada em suas gest\u00f5es&#8221;, declarou<\/p>\n<p>O post <a rel=\"nofollow noopener\" href=\"https:\/\/wscom.com.br\/crise-em-municipios-prefeitos-buscarao-bancada-federa-e-agenda-com-ministro-para-sensibilizar-governo-federal-por-repasses-de-recursos\/\" target=\"_blank\">Crise em munic\u00edpios: prefeitos paraibanos buscar\u00e3o bancada federal para &#8216;sensibilizar&#8217; Governo Lula por repasses de recursos<\/a> apareceu primeiro em <a rel=\"nofollow noopener\" href=\"https:\/\/wscom.com.br\/\" target=\"_blank\">WSCOM<\/a>.<\/p>\n","protected":false},"excerpt":{"rendered":"<p>A Assembleia Legislativa da Para\u00edba (ALPB) realizou, nesta quarta-feira (23), uma sess\u00e3o especial para debater a queda de repasse de recursos do Fundo de Participa\u00e7\u00e3o dos Munic\u00edpios (FPM). O objetivo foi discutir com a Federa\u00e7\u00e3o das Associa\u00e7\u00f5es de Munic\u00edpios da Para\u00edba (FAMUP) e prefeitos a redu\u00e7\u00e3o de recursos relativos ao FPM. Na ocasi\u00e3o, o presidente [\u2026]<\/p>\n<p>O post <a rel=\"nofollow\" href=\"https:\/\/wscom.com.br\/crise-em-municipios-prefeitos-buscarao-bancada-federa-e-agenda-com-ministro-para-sensibilizar-governo-federal-por-repasses-de-recursos\/\">Crise em munic\u00edpios: prefeitos paraibanos buscar\u00e3o bancada federal para \u2018sensibilizar\u2019 Governo Lula por repasses de recursos<\/a> apareceu primeiro em <a rel=\"nofollow\" href=\"https:\/\/wscom.com.br\/\">WSCOM<\/a>.<\/p>\n","protected":false},"author":50,"featured_media":0,"comment_status":"closed","ping_status":"closed","sticky":false,"template":"","format":"standard","meta":{"advgb_blocks_editor_width":"","advgb_blocks_columns_visual_guide":"","footnotes":""},"categories":[546,34,54,47,3180],"tags":[35],"class_list":["post-30959","post","type-post","status-publish","format-standard","hentry","category-alpb","category-g1","category-paraiba","category-politica","category-recursos","tag-g1"],"author_meta":{"display_name":"Wallyson","author_link":"https:\/\/sindaopcpb.org.br\/author\/wallyson\/"},"featured_img":null,"coauthors":[],"tax_additional":{"categories":{"linked":["<a href=\"https:\/\/sindaopcpb.org.br\/alpb\/\" class=\"advgb-post-tax-term\">ALPB<\/a>","<a href=\"https:\/\/sindaopcpb.org.br\/g1\/\" class=\"advgb-post-tax-term\">G1<\/a>","<a href=\"https:\/\/sindaopcpb.org.br\/paraiba\/\" class=\"advgb-post-tax-term\">Para\u00edba<\/a>","<a href=\"https:\/\/sindaopcpb.org.br\/politica\/\" class=\"advgb-post-tax-term\">POLITICA<\/a>","<a href=\"https:\/\/sindaopcpb.org.br\/recursos\/\" class=\"advgb-post-tax-term\">recursos<\/a>"],"unlinked":["<span class=\"advgb-post-tax-term\">ALPB<\/span>","<span class=\"advgb-post-tax-term\">G1<\/span>","<span class=\"advgb-post-tax-term\">Para\u00edba<\/span>","<span class=\"advgb-post-tax-term\">POLITICA<\/span>","<span class=\"advgb-post-tax-term\">recursos<\/span>"]},"tags":{"linked":["<a href=\"https:\/\/sindaopcpb.org.br\/recursos\/\" class=\"advgb-post-tax-term\">g1<\/a>"],"unlinked":["<span class=\"advgb-post-tax-term\">g1<\/span>"]}},"comment_count":"0","relative_dates":{"created":"Publicado 3 anos atr\u00e1s","modified":"Atualizado 3 anos atr\u00e1s"},"absolute_dates":{"created":"Publicado em 23 de agosto de 2023","modified":"Atualizado em 23 de agosto de 2023"},"absolute_dates_time":{"created":"Publicado em 23 de agosto de 2023 11:20","modified":"Atualizado em 23 de agosto de 2023 11:20"},"featured_img_caption":"","series_order":"","_links":{"self":[{"href":"https:\/\/sindaopcpb.org.br\/index.php\/wp-json\/wp\/v2\/posts\/30959","targetHints":{"allow":["GET"]}}],"collection":[{"href":"https:\/\/sindaopcpb.org.br\/index.php\/wp-json\/wp\/v2\/posts"}],"about":[{"href":"https:\/\/sindaopcpb.org.br\/index.php\/wp-json\/wp\/v2\/types\/post"}],"author":[{"embeddable":true,"href":"https:\/\/sindaopcpb.org.br\/index.php\/wp-json\/wp\/v2\/users\/50"}],"replies":[{"embeddable":true,"href":"https:\/\/sindaopcpb.org.br\/index.php\/wp-json\/wp\/v2\/comments?post=30959"}],"version-history":[{"count":1,"href":"https:\/\/sindaopcpb.org.br\/index.php\/wp-json\/wp\/v2\/posts\/30959\/revisions"}],"predecessor-version":[{"id":30960,"href":"https:\/\/sindaopcpb.org.br\/index.php\/wp-json\/wp\/v2\/posts\/30959\/revisions\/30960"}],"wp:attachment":[{"href":"https:\/\/sindaopcpb.org.br\/index.php\/wp-json\/wp\/v2\/media?parent=30959"}],"wp:term":[{"taxonomy":"category","embeddable":true,"href":"https:\/\/sindaopcpb.org.br\/index.php\/wp-json\/wp\/v2\/categories?post=30959"},{"taxonomy":"post_tag","embeddable":true,"href":"https:\/\/sindaopcpb.org.br\/index.php\/wp-json\/wp\/v2\/tags?post=30959"}],"curies":[{"name":"wp","href":"https:\/\/api.w.org\/{rel}","templated":true}]}}