{"id":30902,"date":"2023-08-23T09:43:09","date_gmt":"2023-08-23T12:43:09","guid":{"rendered":"https:\/\/wpa.wscom.com.br\/?p=919357"},"modified":"2023-08-23T09:43:09","modified_gmt":"2023-08-23T12:43:09","slug":"botafogo-pb-anuncia-dois-reforcos-para-o-ataque-visando-a-reta-final-da-serie-c","status":"publish","type":"post","link":"https:\/\/sindaopcpb.org.br\/index.php\/2023\/08\/23\/botafogo-pb-anuncia-dois-reforcos-para-o-ataque-visando-a-reta-final-da-serie-c\/","title":{"rendered":"Botafogo-PB anuncia dois refor\u00e7os para o ataque visando a reta final da S\u00e9rie C"},"content":{"rendered":"<p>O Botafogo-PB anunciou, na noite dessa ter\u00e7a-feira (23), duas novas contrata\u00e7\u00f5es para refor\u00e7ar sua equipe de ataque. Radsley e Giva, ambos vindos do Retr\u00f4-PE, se juntam ao clube em busca de fortalecer o setor ofensivo para o quadrangular da S\u00e9rie C do Campeonato Brasileiro.<\/p>\n<p>Radsley, atacante de 28 anos, chega ao clube ap\u00f3s passagens por v\u00e1rias equipes, incluindo Juventus-SP, Altos-PI e Vila Nova-GO.<\/p>\n<p>Sua \u00faltima temporada no Retr\u00f4-PE foi marcada por uma participa\u00e7\u00e3o na Copa do Brasil e no Campeonato Brasileiro da S\u00e9rie D. O time foi vice-campe\u00e3o do Campeonato Pernambucano.<\/p>\n<p>Giva, centro-atacante de 30 anos, tem experi\u00eancia tanto no cen\u00e1rio nacional quanto internacional. Ele teve passagens por equipes espanholas, como Llagostera e Badalona, al\u00e9m de ter defendido clubes brasileiros como CSA, Figueirense, ABC e N\u00e1utico. Sua trajet\u00f3ria tamb\u00e9m inclui um per\u00edodo na base do Santos, onde conquistou a Copa S\u00e3o Paulo de Futebol Junior em 2013.<\/p>\n<p>&nbsp;<\/p>\n<p>O post <a rel=\"nofollow noopener\" href=\"https:\/\/wscom.com.br\/botafogo-pb-anuncia-dois-reforcos-para-o-ataque-visando-a-reta-final-da-serie-c\/\" target=\"_blank\">Botafogo-PB anuncia dois refor\u00e7os para o ataque visando a reta final da S\u00e9rie C<\/a> apareceu primeiro em <a rel=\"nofollow noopener\" href=\"https:\/\/wscom.com.br\/\" target=\"_blank\">WSCOM<\/a>.<\/p>\n","protected":false},"excerpt":{"rendered":"<p>O Botafogo-PB anunciou, na noite dessa ter\u00e7a-feira (23), duas novas contrata\u00e7\u00f5es para refor\u00e7ar sua equipe de ataque. Radsley e Giva, ambos vindos do Retr\u00f4-PE, se juntam ao clube em busca de fortalecer o setor ofensivo para o quadrangular da S\u00e9rie C do Campeonato Brasileiro. Radsley, atacante de 28 anos, chega ao clube ap\u00f3s passagens por [\u2026]<\/p>\n<p>O post <a rel=\"nofollow\" href=\"https:\/\/wscom.com.br\/botafogo-pb-anuncia-dois-reforcos-para-o-ataque-visando-a-reta-final-da-serie-c\/\">Botafogo-PB anuncia dois refor\u00e7os para o ataque visando a reta final da S\u00e9rie C<\/a> apareceu primeiro em <a rel=\"nofollow\" href=\"https:\/\/wscom.com.br\/\">WSCOM<\/a>.<\/p>\n","protected":false},"author":50,"featured_media":0,"comment_status":"closed","ping_status":"closed","sticky":false,"template":"","format":"standard","meta":{"advgb_blocks_editor_width":"","advgb_blocks_columns_visual_guide":"","footnotes":""},"categories":[156,8082,79,34],"tags":[35],"class_list":["post-30902","post","type-post","status-publish","format-standard","hentry","category-botafogo-pb","category-contratacoes","category-futebol","category-g1","tag-g1"],"author_meta":{"display_name":"Wallyson","author_link":"https:\/\/sindaopcpb.org.br\/author\/wallyson\/"},"featured_img":null,"coauthors":[],"tax_additional":{"categories":{"linked":["<a href=\"https:\/\/sindaopcpb.org.br\/botafogo-pb\/\" class=\"advgb-post-tax-term\">Botafogo-PB<\/a>","<a href=\"https:\/\/sindaopcpb.org.br\/contratacoes\/\" class=\"advgb-post-tax-term\">CONTRATA\u00c7\u00d5ES<\/a>","<a href=\"https:\/\/sindaopcpb.org.br\/futebol\/\" class=\"advgb-post-tax-term\">Futebol<\/a>","<a href=\"https:\/\/sindaopcpb.org.br\/g1\/\" class=\"advgb-post-tax-term\">G1<\/a>"],"unlinked":["<span class=\"advgb-post-tax-term\">Botafogo-PB<\/span>","<span class=\"advgb-post-tax-term\">CONTRATA\u00c7\u00d5ES<\/span>","<span class=\"advgb-post-tax-term\">Futebol<\/span>","<span class=\"advgb-post-tax-term\">G1<\/span>"]},"tags":{"linked":["<a href=\"https:\/\/sindaopcpb.org.br\/g1\/\" class=\"advgb-post-tax-term\">g1<\/a>"],"unlinked":["<span class=\"advgb-post-tax-term\">g1<\/span>"]}},"comment_count":"0","relative_dates":{"created":"Publicado 3 anos atr\u00e1s","modified":"Atualizado 3 anos atr\u00e1s"},"absolute_dates":{"created":"Publicado em 23 de agosto de 2023","modified":"Atualizado em 23 de agosto de 2023"},"absolute_dates_time":{"created":"Publicado em 23 de agosto de 2023 09:43","modified":"Atualizado em 23 de agosto de 2023 09:43"},"featured_img_caption":"","series_order":"","_links":{"self":[{"href":"https:\/\/sindaopcpb.org.br\/index.php\/wp-json\/wp\/v2\/posts\/30902","targetHints":{"allow":["GET"]}}],"collection":[{"href":"https:\/\/sindaopcpb.org.br\/index.php\/wp-json\/wp\/v2\/posts"}],"about":[{"href":"https:\/\/sindaopcpb.org.br\/index.php\/wp-json\/wp\/v2\/types\/post"}],"author":[{"embeddable":true,"href":"https:\/\/sindaopcpb.org.br\/index.php\/wp-json\/wp\/v2\/users\/50"}],"replies":[{"embeddable":true,"href":"https:\/\/sindaopcpb.org.br\/index.php\/wp-json\/wp\/v2\/comments?post=30902"}],"version-history":[{"count":1,"href":"https:\/\/sindaopcpb.org.br\/index.php\/wp-json\/wp\/v2\/posts\/30902\/revisions"}],"predecessor-version":[{"id":30903,"href":"https:\/\/sindaopcpb.org.br\/index.php\/wp-json\/wp\/v2\/posts\/30902\/revisions\/30903"}],"wp:attachment":[{"href":"https:\/\/sindaopcpb.org.br\/index.php\/wp-json\/wp\/v2\/media?parent=30902"}],"wp:term":[{"taxonomy":"category","embeddable":true,"href":"https:\/\/sindaopcpb.org.br\/index.php\/wp-json\/wp\/v2\/categories?post=30902"},{"taxonomy":"post_tag","embeddable":true,"href":"https:\/\/sindaopcpb.org.br\/index.php\/wp-json\/wp\/v2\/tags?post=30902"}],"curies":[{"name":"wp","href":"https:\/\/api.w.org\/{rel}","templated":true}]}}