{"id":30871,"date":"2023-08-23T08:29:20","date_gmt":"2023-08-23T11:29:20","guid":{"rendered":"https:\/\/g1.globo.com\/pb\/paraiba\/noticia\/2023\/08\/23\/operacao-em-bayeux-e-joao-pessoa-identifica-suspeitos-de-incendio-a-onibus-em-joao-pessoa.ghtml"},"modified":"2023-08-23T08:29:20","modified_gmt":"2023-08-23T11:29:20","slug":"operacao-em-bayeux-e-joao-pessoa-identifica-suspeitos-de-incendio-a-onibus-em-joao-pessoa","status":"publish","type":"post","link":"https:\/\/sindaopcpb.org.br\/index.php\/2023\/08\/23\/operacao-em-bayeux-e-joao-pessoa-identifica-suspeitos-de-incendio-a-onibus-em-joao-pessoa\/","title":{"rendered":"Opera\u00e7\u00e3o em Bayeux e Jo\u00e3o Pessoa identifica suspeitos de inc\u00eandio a \u00f4nibus em Jo\u00e3o Pessoa"},"content":{"rendered":"    Quatro mandados de pris\u00e3o e 12 de buscas e apreens\u00e3o foram cumpridos por for\u00e7a-tarefa. Um homem j\u00e1 havia sido preso em 28 de julho em Bayeux. Quatro mandados de pris\u00e3o e 12 mandados de busca e apreens\u00e3o foram cumpridos nesta quarta-feira (23) em Bayeux e em Jo\u00e3o Pessoa. A a\u00e7\u00e3o se deu em meio \u00e0 opera\u00e7\u00e3o Kerberos 2, que investiga o inc\u00eandio de um \u00f4nibus registrado em julho em Jo\u00e3o Pessoa, quando o motorista morreu e tr\u00eas passageiros ficaram feridos.\nOs mandados, todos expedidos pela 2\u00aa Vara Criminal da Capital, foram cumpridos a partir das cinco da manh\u00e3 nos bairros de M\u00e1rio Andreazza e Conjunto Aeroporto por policiais da For\u00e7a-Tarefa de Combate ao Crime Organizado, formada por policiais federais, rodovi\u00e1rios federais, civis, militares e penais da Para\u00edba.\nEm 28 de julho, um homem suspeito de ser respons\u00e1vel pela parte de log\u00edstica do ataque, e que teria dirigido o ve\u00edculo que transportou os autores do crime, j\u00e1 havia sido preso na primeira etapa da opera\u00e7\u00e3o. E, a partir da\u00ed, as investiga\u00e7\u00f5es conseguiram se aprofundar e identificar mais quatro pessoas.\nDe acordo com a assessoria de imprensa da Pol\u00edcia Federal na Para\u00edba, foram presos dois homens suspeitos de entrar no \u00f4nibus para realizar o ataque e dois mandantes do crime. \nEm paralelo a isso, a a\u00e7\u00e3o serviu tamb\u00e9m para tentar levar mais seguran\u00e7a aos dos bairros, que nas \u00faltimas semanas foram tomados por alguns homic\u00eddios e por amea\u00e7as do crime organizado que determinavam fechamento de escolas, creches e postos de sa\u00fade. \nCerca de 150 policiais participaram da a\u00e7\u00e3o. E em ao menos uma das pris\u00f5es houve troca de tiros contra o suspeito, que j\u00e1 usava tornozeleira eletr\u00f4nica e tentou resistir \u00e0 pris\u00e3o.\nAl\u00e9m disso, numa movimenta\u00e7\u00e3o que a princ\u00edpio n\u00e3o estava prevista, dezenas de aves silvestres foram apreendidas na casa de um dos suspeitos. Elas eram mantidas em gaiolas e colocadas para venda, duas pr\u00e1ticas proibidas no pa\u00eds.\nV\u00eddeos mais assistidos da Para\u00edba  ","protected":false},"excerpt":{"rendered":"<p>    Quatro mandados de pris\u00e3o e 12 de buscas e apreens\u00e3o foram cumpridos por for\u00e7a-tarefa. Um homem j\u00e1 havia sido preso em 28 de julho em Bayeux. Quatro mandados de pris\u00e3o e 12 mandados de busca e apreens\u00e3o foram cumpridos nesta quarta-feira (23) em Ba&#8230;<\/p>\n","protected":false},"author":2,"featured_media":0,"comment_status":"closed","ping_status":"closed","sticky":false,"template":"","format":"standard","meta":{"advgb_blocks_editor_width":"","advgb_blocks_columns_visual_guide":"","footnotes":""},"categories":[34],"tags":[35],"class_list":["post-30871","post","type-post","status-publish","format-standard","hentry","category-g1","tag-g1"],"author_meta":{"display_name":"g1 &gt; Para\u00edba","author_link":"https:\/\/sindaopcpb.org.br\/author\/g1-paraiba\/"},"featured_img":null,"coauthors":[],"tax_additional":{"categories":{"linked":["<a href=\"https:\/\/sindaopcpb.org.br\/g1\/\" class=\"advgb-post-tax-term\">G1<\/a>"],"unlinked":["<span class=\"advgb-post-tax-term\">G1<\/span>"]},"tags":{"linked":["<a href=\"https:\/\/sindaopcpb.org.br\/g1\/\" class=\"advgb-post-tax-term\">g1<\/a>"],"unlinked":["<span class=\"advgb-post-tax-term\">g1<\/span>"]}},"comment_count":"0","relative_dates":{"created":"Publicado 3 anos atr\u00e1s","modified":"Atualizado 3 anos atr\u00e1s"},"absolute_dates":{"created":"Publicado em 23 de agosto de 2023","modified":"Atualizado em 23 de agosto de 2023"},"absolute_dates_time":{"created":"Publicado em 23 de agosto de 2023 08:29","modified":"Atualizado em 23 de agosto de 2023 08:29"},"featured_img_caption":"","series_order":"","_links":{"self":[{"href":"https:\/\/sindaopcpb.org.br\/index.php\/wp-json\/wp\/v2\/posts\/30871","targetHints":{"allow":["GET"]}}],"collection":[{"href":"https:\/\/sindaopcpb.org.br\/index.php\/wp-json\/wp\/v2\/posts"}],"about":[{"href":"https:\/\/sindaopcpb.org.br\/index.php\/wp-json\/wp\/v2\/types\/post"}],"author":[{"embeddable":true,"href":"https:\/\/sindaopcpb.org.br\/index.php\/wp-json\/wp\/v2\/users\/2"}],"replies":[{"embeddable":true,"href":"https:\/\/sindaopcpb.org.br\/index.php\/wp-json\/wp\/v2\/comments?post=30871"}],"version-history":[{"count":6,"href":"https:\/\/sindaopcpb.org.br\/index.php\/wp-json\/wp\/v2\/posts\/30871\/revisions"}],"predecessor-version":[{"id":31096,"href":"https:\/\/sindaopcpb.org.br\/index.php\/wp-json\/wp\/v2\/posts\/30871\/revisions\/31096"}],"wp:attachment":[{"href":"https:\/\/sindaopcpb.org.br\/index.php\/wp-json\/wp\/v2\/media?parent=30871"}],"wp:term":[{"taxonomy":"category","embeddable":true,"href":"https:\/\/sindaopcpb.org.br\/index.php\/wp-json\/wp\/v2\/categories?post=30871"},{"taxonomy":"post_tag","embeddable":true,"href":"https:\/\/sindaopcpb.org.br\/index.php\/wp-json\/wp\/v2\/tags?post=30871"}],"curies":[{"name":"wp","href":"https:\/\/api.w.org\/{rel}","templated":true}]}}