{"id":30866,"date":"2023-08-23T06:00:27","date_gmt":"2023-08-23T09:00:27","guid":{"rendered":"https:\/\/www.infomoney.com.br\/?p=2222695"},"modified":"2023-08-23T06:00:27","modified_gmt":"2023-08-23T09:00:27","slug":"para-solucionar-manicomio-tributario-debatedores-concordam-que-criacao-do-iva-deve-levar-em-conta-realidade-brasileira","status":"publish","type":"post","link":"https:\/\/sindaopcpb.org.br\/index.php\/2023\/08\/23\/para-solucionar-manicomio-tributario-debatedores-concordam-que-criacao-do-iva-deve-levar-em-conta-realidade-brasileira\/","title":{"rendered":"Para solucionar \u201cmanic\u00f4mio tribut\u00e1rio\u201d, debatedores concordam que cria\u00e7\u00e3o do IVA deve levar em conta realidade brasileira"},"content":{"rendered":"<p><img loading=\"lazy\" width=\"300\" height=\"200\" src=\"https:\/\/www.infomoney.com.br\/wp-content\/uploads\/2019\/06\/congresso-nacional-4.jpg?fit=300%2C200&amp;quality=70&amp;strip=all\" class=\"attachment-medium size-medium wp-post-image\" alt=\"\" decoding=\"async\" style=\"float:right; margin:0 0 10px 10px;\" srcset=\"https:\/\/www.infomoney.com.br\/wp-content\/uploads\/2019\/06\/congresso-nacional-4.jpg?w=900&amp;quality=70&amp;strip=all 900w, https:\/\/www.infomoney.com.br\/wp-content\/uploads\/2019\/06\/congresso-nacional-4.jpg?w=300&amp;quality=70&amp;strip=all 300w, https:\/\/www.infomoney.com.br\/wp-content\/uploads\/2019\/06\/congresso-nacional-4.jpg?w=768&amp;quality=70&amp;strip=all 768w, https:\/\/www.infomoney.com.br\/wp-content\/uploads\/2019\/06\/congresso-nacional-4.jpg?w=150&amp;quality=70&amp;strip=all 150w\" sizes=\"auto, (max-width: 300px) 100vw, 300px\" data-attachment-id=\"1422\" data-permalink=\"https:\/\/www.infomoney.com.br\/congresso-nacional-4\/\" data-orig-file=\"https:\/\/www.infomoney.com.br\/wp-content\/uploads\/2019\/06\/congresso-nacional-4.jpg?fit=900%2C601&amp;quality=70&amp;strip=all\" data-orig-size=\"900,601\" data-comments-opened=\"1\" data-image-meta=\"{&quot;aperture&quot;:&quot;0&quot;,&quot;credit&quot;:&quot;&quot;,&quot;camera&quot;:&quot;&quot;,&quot;caption&quot;:&quot;&quot;,&quot;created_timestamp&quot;:&quot;0&quot;,&quot;copyright&quot;:&quot;&quot;,&quot;focal_length&quot;:&quot;0&quot;,&quot;iso&quot;:&quot;0&quot;,&quot;shutter_speed&quot;:&quot;0&quot;,&quot;title&quot;:&quot;&quot;,&quot;orientation&quot;:&quot;0&quot;}\" data-image-title=\"congresso-nacional-4\" data-image-description=\"\" data-image-caption=\"\" data-medium-file=\"https:\/\/www.infomoney.com.br\/wp-content\/uploads\/2019\/06\/congresso-nacional-4.jpg?fit=300%2C200&amp;quality=70&amp;strip=all\" data-large-file=\"https:\/\/www.infomoney.com.br\/wp-content\/uploads\/2019\/06\/congresso-nacional-4.jpg?fit=900%2C601&amp;quality=70&amp;strip=all\" title=\"\"><\/p>\n<p>A primeira audi&ecirc;ncia p&uacute;blica sobre <strong>reforma tribut&aacute;ria<\/strong> das oito previstas no plano de trabalho do relator da mat&eacute;ria no Senado Federal, Eduardo Braga (MDB-AM), tratou de temas como os regimes diferenciados e a necessidade de adequa&ccedil;&atilde;o de um novo sistema &agrave; realidade brasileira.<\/p>\n<p>Foram convidados o secret&aacute;rio extraordin&aacute;rio da reforma tribut&aacute;ria do Minist&eacute;rio da Fazenda, Bernard Appy; o presidente da Institui&ccedil;&atilde;o Fiscal Independente (IFI), Marcus Pestana; e o secret&aacute;rio de Monitoramento e Avalia&ccedil;&atilde;o de Pol&iacute;ticas P&uacute;blicas e Assuntos Econ&ocirc;micos do Minist&eacute;rio do Planejamento e Or&ccedil;amento, S&eacute;rgio Pinheiro Firpo.<\/p>\n<p>Tamb&eacute;m participaram o professor de Direito Financeiro da Universidade de S&atilde;o Paulo (USP) Heleno Torres; a professora de Direito Tribut&aacute;rio na Universidade de Leeds (Reino Unido); e especialista em Imposto sobre Valor Agregado (IVA), Rita de La Feria; e o ex-secret&aacute;rio da Receita Federal, Everardo Maciel.<\/p>\n<p>O encontro iniciou durante a tarde, e teve aproximadamente cinco horas de dura&ccedil;&atilde;o, e os participantes lembraram que h&aacute; atualmente 27 regimes de Imposto sobre Circula&ccedil;&atilde;o de Mercadorias e Servi&ccedil;os (ICMS) vigentes, o que representa um custo elevado ao poder p&uacute;blico e tamb&eacute;m ao setor privado, que se se organiza de maneira pouco eficiente, sob o ponto de vista produtivo.<\/p>\n<p>S&eacute;rgio Firpo abriu a sess&atilde;o apresentando um estudo sobre os custos associados a exce&ccedil;&otilde;es relacionadas &agrave; desonera&ccedil;&atilde;o dos produtos da cesta b&aacute;sica. Segundo ele, enquanto os 20% mais ricos gastam 10% da renda com alimentos, os 20% mais pobres gastam 25%.<\/p>\n<p>&ldquo;A reforma traz ganhos mais claros sobre efici&ecirc;ncia econ&ocirc;mica do que ganhos redistributivos. Lembrando que temos uma estrutura tribut&aacute;ria que onera sobremaneira o consumo. Os mais pobres s&atilde;o mais onerados&rdquo;, argumentou.<\/p>\n<p>Firpo demonstrou que, de acordo com simula&ccedil;&otilde;es usando modelos matem&aacute;ticos, reonerar e reduzir a al&iacute;quota de PIS\/Cofins significaria em um aumento de pre&ccedil;os em 10% sem impactos negativos sobre atividade econ&ocirc;mica. Dessa forma, para n&atilde;o afetar o bem-estar dos mais pobres, seria necess&aacute;rio compensa&ccedil;&atilde;o direta de renda, que poderia ocorrer pelo mecanismo de <em>&lsquo;cashback&rsquo;<\/em>.<\/p>\n<p>Atualmente, produtos da cesta b&aacute;sica s&atilde;o isentos de tributos federais e obedecem a diferentes regimes em cada estado. Ainda assim, a vers&atilde;o do texto da reforma tribut&aacute;ria aprovada pelos deputados em julho, e que se encontra no Senado, cria uma &ldquo;Cesta B&aacute;sica Nacional de Alimentos&rdquo;, com objetivo de assegurar o direito &agrave; alimenta&ccedil;&atilde;o.<\/p>\n<p>&ldquo;Se voc&ecirc; quer baixar o pre&ccedil;o dos alimentos para os mais pobres, voc&ecirc; n&atilde;o precisa baixar o pre&ccedil;o dos alimentos para todos, inclusive para os mais ricos&rdquo;, afirmou.<\/p>\n<p>&ldquo;Existem mecanismos como devolu&ccedil;&atilde;o de impostos, que possibilitam que haja um ressarcimento para os mais pobres, com maior focaliza&ccedil;&atilde;o&rdquo;, explicou.<\/p>\n<p>A professora Rita de La Feria, especialista em direito fiscal, defendeu que o Imposto sobre Valor Agregado (IVA) seja debatido a partir das circunst&acirc;ncias socioecon&ocirc;micas do pa&iacute;s. Ela considera que as exce&ccedil;&otilde;es dentro de um regime fiscal s&atilde;o um erro porque n&atilde;o obedecem crit&eacute;rios t&eacute;cnicos, e citou um relat&oacute;rio em que o governo holand&ecirc;s conclui que a ado&ccedil;&atilde;o de al&iacute;quotas reduzidas no passado n&atilde;o atingiu o objetivo de beneficiar a parcela mais pobre da popula&ccedil;&atilde;o.<\/p>\n<p>&ldquo;N&atilde;o h&aacute; hoje nenhuma raz&atilde;o t&eacute;cnica para al&iacute;quotas reduzidas. Na Europa, isso acontece por raz&otilde;es pol&iacute;ticas. A melhor pr&aacute;tica para encorajar o consumo &eacute; por meio de despesas e n&atilde;o por meio de gastos tribut&aacute;rios. Se menos pagam, os que pagam tem que pagar mais&rdquo;, pontuou.<\/p>\n<p>Segundo La Feria, independentemente da condi&ccedil;&atilde;o econ&ocirc;mica do pa&iacute;s, a lista de produtos beneficiados por al&iacute;quotas menores tende a aumentar, j&aacute; que, ao longo do tempo, &eacute; natural que outros setores, ao enxergar uma vantagem competitiva, se organizem para pressionar o governo.<\/p>\n<p>Antes da fala da participante estrangeira, o professor Direito Financeiro da Universidade de S&atilde;o Paulo (USP) Heleno Torres Heleno Torres, da USP, chamou aten&ccedil;&atilde;o para os aspectos particulares da legisla&ccedil;&atilde;o brasileira, e defendeu que o texto constitucional n&atilde;o tem espa&ccedil;o para inclus&atilde;o de al&iacute;quotas. Torres chamou aten&ccedil;&atilde;o para o fato de que caber&aacute; ao Supremo Tribunal Federal (STF) a resolu&ccedil;&atilde;o de conflitos envolvendo eventuais diferen&ccedil;as de interpreta&ccedil;&atilde;o, e por isso a concretiza&ccedil;&atilde;o do tributo dever ocorrer com o trabalho de coordena&ccedil;&atilde;o de leis complementares.<\/p>\n<p>&ldquo;&Eacute; preciso deixar claro que o Brasil tem um modelo constitucional, um modelo de sistema tribut&aacute;rio que n&atilde;o conta com paralelo em qualquer outro pa&iacute;s. N&atilde;o h&aacute; outro pa&iacute;s que traga o sistema tribut&aacute;rio inteiro na constitui&ccedil;&atilde;o&rdquo;, frisou.<\/p>\n<p>&ldquo;O tema central, que &eacute; a al&iacute;quota, &eacute; imposs&iacute;vel de ser atendido por alguns motivos fundamentais. S&oacute; lei posterior vai poder indicar al&iacute;quota zero ou al&iacute;quota padr&atilde;o. O imposto seletivo s&oacute; ser&aacute; estabelecido em 2024 ou 2025. Ele &eacute; redutor do IVA. A concep&ccedil;&atilde;o era cigarro e bebida, mas o Parlamento &eacute; que vai decidir, h&aacute; uma porta aberta&rdquo;,&nbsp; enumerou o presidente da Institui&ccedil;&atilde;o Fiscal Independente (IFI), Marcus Pestana, que tamb&eacute;m participou da audi&ecirc;ncia.<\/p>\n<h2><strong>Licen&ccedil;a para tributar?<\/strong><\/h2>\n<p>O ex-secret&aacute;rio da Receita Federal, Everardo Maciel, afirmou que a reforma n&atilde;o garante por si s&oacute; uma melhora no sistema tribut&aacute;rio. Segundo ele, a falta de uma lei para estabelecer condi&ccedil;&otilde;es para concess&atilde;o e revoga&ccedil;&atilde;o de benef&iacute;cios criou o ambiente de guerra fiscal entre os estados, que tem se expandido desde os anos 90. No in&iacute;cio de sua fala ele disse quer faria um contraponto aos outros participantes.<\/p>\n<p>Segundo Maciel, considerados altamente burocr&aacute;ticos tendem a confundir o entendimento sobre o sistema tribut&aacute;rio atual, e colaboram para que a opini&atilde;o p&uacute;blica considere a realidade tribut&aacute;ria do pa&iacute;s como algo pior do que ele de fato &eacute;. Ele tamb&eacute;m criticou a poss&iacute;vel cria&ccedil;&atilde;o de um imposto seletivo, que segundo ele seria uma &ldquo;licen&ccedil;a para tributar&rdquo;, porque &ldquo;d&aacute; uma abertura completa e imprevis&iacute;vel&rdquo;.<\/p>\n<p>&ldquo;O nosso processo tribut&aacute;rio favorece o lit&iacute;gio. S&atilde;o 40 dispositivos a serem regulamentados. O cap&iacute;tulo tributa&ccedil;&atilde;o da constitui&ccedil;&atilde;o de 1988 tem duas vezes o n&uacute;mero de palavras que a constitui&ccedil;&atilde;o de 967. E agora, chegaria a tr&ecirc;s vezes mais&rdquo;, questionou.<\/p>\n<p>O argumento foi rebatido pelo secret&aacute;rio extraordin&aacute;rio da Fazenda, Bernard Appy, que tamb&eacute;m participou da audi&ecirc;ncia. Segundo ele, a ind&uacute;stria &eacute; o setor mais prejudicado pelo sistema atual, e uma mudan&ccedil;a poder&aacute; beneficiar inclusive empresas prestadoras de servi&ccedil;o. Atualmente, empresas no meio da cadeia n&atilde;o transferem cr&eacute;dito para o tomador de servi&ccedil;os. Uma mudan&ccedil;a nesse crit&eacute;rio significaria em uma redu&ccedil;&atilde;o para quem toma o servi&ccedil;o.<\/p>\n<p>&ldquo;Complexidade gera lit&iacute;gio. Defini&ccedil;&atilde;o do que d&aacute; e do que n&atilde;o d&aacute; cr&eacute;dito no &acirc;mbito do ICMS e do PIS\/Cofins gera lit&iacute;gio, que tem custo para as empresas e para o governo, gerando inseguran&ccedil;a jur&iacute;dica que afeta o crescimento&rdquo;, afirmou.<\/p>\n<p>&ldquo;H&aacute; tributos pagos ao longo da cadeia que n&atilde;o s&atilde;o recuperados. Isso faz o pa&iacute;s tributar investimento e exporta&ccedil;&otilde;es, produ&ccedil;&atilde;o nacional mais do que importado acaba tendo efeito muito negativo sobre o crescimento&rdquo;, destacou.<\/p>\n<p>O secret&aacute;rio extraordin&aacute;rio reiterou que o aporte que chegar&aacute; ao montante de R$ 40 bilh&otilde;es anuais pela Uni&atilde;o para o Fundo de Desenvolvimento Regional (FDR) na reforma tribut&aacute;ria ser&aacute; suficiente. Ele defendeu que o novo modelo ter&aacute; efeito positivo para os Estados menos desenvolvidos.<\/p>\n<p>&ldquo;(Os R$ 40 bilh&otilde;es) ser&atilde;o suficientes. Acho que esse novo modelo ter&aacute; efeito muito positivo para estados menos desenvolvidos. Todos os Estados d&atilde;o benef&iacute;cios fiscais, dos mais pobres aos mais ricos. Com o Fundo, os Estados ter&atilde;o recursos or&ccedil;ament&aacute;rios para investir no que gera mais emprego e renda&rdquo;, disse Appy.<\/p>\n<p>Dando seguimento &agrave;s audi&ecirc;ncias, na quarta-feira (23), participam de uma outra audi&ecirc;ncia representantes do Servi&ccedil;o Brasileiro de Apoio &agrave;s Micro e Pequenas Empresas (Sebrae), da Ordem dos Advogados do Brasil (OAB) e da Confedera&ccedil;&atilde;o Nacional de Bens, Servi&ccedil;os e Turismo. Entre os pontos que devem ser abordados est&aacute; o tratamento diferenciado proposto a servi&ccedil;os de hotelaria, parques de divers&otilde;es e avia&ccedil;&atilde;o regional, inclu&iacute;do no texto que passou pela C&acirc;mara.<\/p>\n<p>(Com Ag&ecirc;ncia Estado)<\/p>\n<\/p>\n<div class=\"cta-end\">\n<div class=\"im-cta\" >\n<div class=\"im-shortcode-forms bg-light bg-opacity-25 border rounded-4 p-3 p-sm-4 p-md-3 p-lg-4 px-xxl-5 my-5\" data-configuration='{\"form_name\":false,\"form_hat\":\"Newsletter\",\"form_email\":true,\"form_icon\":\"newsletter\",\"form_phone\":false,\"form_campaign\":\"NIM\",\"form_thankyou\":\"\",\"form_journey\":\"APIEvent-26a5198d-8e09-06ef-5f80-cd9127757ad1\",\"form_button\":\"Quero receber\",\"form_context\":\"newsletter\",\"form_origin\":\"https:\\\/\\\/www.infomoney.com.br\\\/politica\\\/feed\\\/?utm_medium=materia&#038;utm_source=infomoney&#038;utm_campaign=NIM&#038;utm_term=politica&#038;utm_content=newsletter\",\"form_position\":\"final\",\"form_category\":\"cta_form\"}'>\n<div class=\"d-flex flex-column align-items-center align-items-lg-start mb-4 flex-lg-row\">\n<div class=\"rounded-circle mb-2 mb-lg-0 mr-lg-4 me-lg-4 p-3 p-lg-4 bg-blue-400\"><svg width=\"40\" height=\"40\" viewBox=\"0 0 40 40\" fill=\"none\" xmlns=\"http:\/\/www.w3.org\/2000\/svg\"><path d=\"M20 20.25 6.042 11.042v19.041c0 .167.048.299.146.396a.535.535 0 0 0 .395.146h15.792V32.5H6.583a2.328 2.328 0 0 1-1.708-.708 2.328 2.328 0 0 1-.708-1.709V9.917c0-.667.236-1.236.708-1.709A2.328 2.328 0 0 1 6.583 7.5h26.834c.666 0 1.236.236 1.708.708a2.33 2.33 0 0 1 .708 1.709v12.458h-1.875V11.042L20 20.25Zm0-2 13.667-8.875H6.333L20 18.25Zm11.75 18.958-1.292-1.333 3.334-3.375h-9v-1.875h9l-3.375-3.417 1.333-1.291 5.667 5.625-5.667 5.666ZM6.042 11.042v20.791-9.458.25-13.25 1.667Z\" fill=\"#fff\"\/><\/svg><\/div>\n<div class=\"flex-fill text-center text-lg-left\">\n<div class=\"h6 small text-orange-700 lh-base mb-1\">Newsletter<\/div>\n<div class=\"text-body h4 m-0\">Infomorning<\/div>\n<div class=\"text-body small lh-base mt-2\">Receba no seu e-mail logo pela manh&atilde; as not&iacute;cias que v&atilde;o mexer com os mercados, com os seus investimentos e o seu bolso durante o dia<\/div>\n<\/div>\n<\/div>\n<\/div>\n<\/div>\n<\/div>\n<p>The post <a rel=\"nofollow noopener\" href=\"https:\/\/www.infomoney.com.br\/politica\/para-solucionar-manicomio-tributario-debatedores-concordam-que-criacao-do-iva-deve-levar-em-conta-realidade-brasileira\/\" target=\"_blank\">Para solucionar &#8220;manic\u00f4mio tribut\u00e1rio&#8221;, debatedores concordam que cria\u00e7\u00e3o do IVA deve levar em conta realidade brasileira<\/a> appeared first on <a rel=\"nofollow noopener\" href=\"https:\/\/www.infomoney.com.br\/\" target=\"_blank\">InfoMoney<\/a>.<\/p>\n","protected":false},"excerpt":{"rendered":"<p><img loading=\"lazy\" decoding=\"async\" width=\"300\" height=\"200\" src=\"https:\/\/www.infomoney.com.br\/wp-content\/uploads\/2019\/06\/congresso-nacional-4.jpg?fit=300%2C200&amp;quality=70&amp;strip=all\" class=\"attachment-medium size-medium wp-post-image\" alt=\"\" data-attachment-id=\"1422\" data-permalink=\"https:\/\/www.infomoney.com.br\/congresso-nacional-4\/\" data-orig-file=\"https:\/\/www.infomoney.com.br\/wp-content\/uploads\/2019\/06\/congresso-nacional-4.jpg?fit=900%2C601&amp;quality=70&amp;strip=all\" data-orig-size=\"900,601\" data-comments-opened=\"1\" data-image-meta='{\"aperture\":\"0\",\"credit\":\"\",\"camera\":\"\",\"caption\":\"\",\"created_timestamp\":\"0\",\"copyright\":\"\",\"focal_length\":\"0\",\"iso\":\"0\",\"shutter_speed\":\"0\",\"title\":\"\",\"orientation\":\"0\"}' data-image-title=\"congresso-nacional-4\" data-image-description=\"\" data-image-caption=\"\" data-medium-file=\"https:\/\/www.infomoney.com.br\/wp-content\/uploads\/2019\/06\/congresso-nacional-4.jpg?fit=300%2C200&amp;quality=70&amp;strip=all\" data-large-file=\"https:\/\/www.infomoney.com.br\/wp-content\/uploads\/2019\/06\/congresso-nacional-4.jpg?fit=900%2C601&amp;quality=70&amp;strip=all\">Primeiro encontro do plano de trabalho sobre a PEC 45\/2019 reuniu parlamentares e especialistas<\/p>\n<p>The post <a rel=\"nofollow\" href=\"https:\/\/www.infomoney.com.br\/politica\/para-solucionar-manicomio-tributario-debatedores-concordam-que-criacao-do-iva-deve-levar-em-conta-realidade-brasileira\/\">Para solucionar \u201cmanic\u00f4mio tribut\u00e1rio\u201d, debatedores concordam que cria\u00e7\u00e3o do IVA deve levar em conta realidade brasileira<\/a> appeared first on <a rel=\"nofollow\" href=\"https:\/\/www.infomoney.com.br\/\">InfoMoney<\/a>.<\/p>\n","protected":false},"author":47,"featured_media":0,"comment_status":"closed","ping_status":"closed","sticky":false,"template":"","format":"standard","meta":{"advgb_blocks_editor_width":"","advgb_blocks_columns_visual_guide":"","footnotes":""},"categories":[3354,34,556,47,191,403],"tags":[35],"class_list":["post-30866","post","type-post","status-publish","format-standard","hentry","category-audiencia-publica","category-g1","category-impostos","category-politica","category-reforma-tributaria","category-senado","tag-g1"],"author_meta":{"display_name":"luispereira","author_link":"https:\/\/sindaopcpb.org.br\/author\/luispereira\/"},"featured_img":null,"coauthors":[],"tax_additional":{"categories":{"linked":["<a href=\"https:\/\/sindaopcpb.org.br\/audiencia-publica\/\" class=\"advgb-post-tax-term\">audi\u00eancia p\u00fablica<\/a>","<a href=\"https:\/\/sindaopcpb.org.br\/g1\/\" class=\"advgb-post-tax-term\">G1<\/a>","<a href=\"https:\/\/sindaopcpb.org.br\/impostos\/\" class=\"advgb-post-tax-term\">Impostos<\/a>","<a href=\"https:\/\/sindaopcpb.org.br\/politica\/\" class=\"advgb-post-tax-term\">POLITICA<\/a>","<a href=\"https:\/\/sindaopcpb.org.br\/reforma-tributaria\/\" class=\"advgb-post-tax-term\">reforma tribut\u00e1ria<\/a>","<a href=\"https:\/\/sindaopcpb.org.br\/senado\/\" class=\"advgb-post-tax-term\">Senado<\/a>"],"unlinked":["<span class=\"advgb-post-tax-term\">audi\u00eancia p\u00fablica<\/span>","<span class=\"advgb-post-tax-term\">G1<\/span>","<span class=\"advgb-post-tax-term\">Impostos<\/span>","<span class=\"advgb-post-tax-term\">POLITICA<\/span>","<span class=\"advgb-post-tax-term\">reforma tribut\u00e1ria<\/span>","<span class=\"advgb-post-tax-term\">Senado<\/span>"]},"tags":{"linked":["<a href=\"https:\/\/sindaopcpb.org.br\/senado\/\" class=\"advgb-post-tax-term\">g1<\/a>"],"unlinked":["<span class=\"advgb-post-tax-term\">g1<\/span>"]}},"comment_count":"0","relative_dates":{"created":"Publicado 3 anos atr\u00e1s","modified":"Atualizado 3 anos atr\u00e1s"},"absolute_dates":{"created":"Publicado em 23 de agosto de 2023","modified":"Atualizado em 23 de agosto de 2023"},"absolute_dates_time":{"created":"Publicado em 23 de agosto de 2023 06:00","modified":"Atualizado em 23 de agosto de 2023 06:00"},"featured_img_caption":"","series_order":"","_links":{"self":[{"href":"https:\/\/sindaopcpb.org.br\/index.php\/wp-json\/wp\/v2\/posts\/30866","targetHints":{"allow":["GET"]}}],"collection":[{"href":"https:\/\/sindaopcpb.org.br\/index.php\/wp-json\/wp\/v2\/posts"}],"about":[{"href":"https:\/\/sindaopcpb.org.br\/index.php\/wp-json\/wp\/v2\/types\/post"}],"author":[{"embeddable":true,"href":"https:\/\/sindaopcpb.org.br\/index.php\/wp-json\/wp\/v2\/users\/47"}],"replies":[{"embeddable":true,"href":"https:\/\/sindaopcpb.org.br\/index.php\/wp-json\/wp\/v2\/comments?post=30866"}],"version-history":[{"count":3,"href":"https:\/\/sindaopcpb.org.br\/index.php\/wp-json\/wp\/v2\/posts\/30866\/revisions"}],"predecessor-version":[{"id":30914,"href":"https:\/\/sindaopcpb.org.br\/index.php\/wp-json\/wp\/v2\/posts\/30866\/revisions\/30914"}],"wp:attachment":[{"href":"https:\/\/sindaopcpb.org.br\/index.php\/wp-json\/wp\/v2\/media?parent=30866"}],"wp:term":[{"taxonomy":"category","embeddable":true,"href":"https:\/\/sindaopcpb.org.br\/index.php\/wp-json\/wp\/v2\/categories?post=30866"},{"taxonomy":"post_tag","embeddable":true,"href":"https:\/\/sindaopcpb.org.br\/index.php\/wp-json\/wp\/v2\/tags?post=30866"}],"curies":[{"name":"wp","href":"https:\/\/api.w.org\/{rel}","templated":true}]}}