{"id":30854,"date":"2023-08-22T21:36:10","date_gmt":"2023-08-23T00:36:10","guid":{"rendered":"https:\/\/wpa.wscom.com.br\/?p=919294"},"modified":"2023-08-22T21:36:10","modified_gmt":"2023-08-23T00:36:10","slug":"camara-aprova-texto-base-do-arcabouco-fiscal-e-decreta-o-fim-do-teto-de-gastos","status":"publish","type":"post","link":"https:\/\/sindaopcpb.org.br\/index.php\/2023\/08\/22\/camara-aprova-texto-base-do-arcabouco-fiscal-e-decreta-o-fim-do-teto-de-gastos\/","title":{"rendered":"C\u00e2mara aprova texto-base do arcabou\u00e7o fiscal e decreta o fim do teto de gastos"},"content":{"rendered":"<h1><span style=\"font-weight: 400; font-size: 16px;\">A proposta retornou para an\u00e1lise dos deputados ap\u00f3s algumas mudan\u00e7as feitas pelos senadores<\/span><\/h1>\n<p>&nbsp;<\/p>\n<p style=\"font-weight: 400;\"><b>247<\/b><span style=\"font-weight: 400;\"> &#8211; A C\u00e2mara dos Deputados aprovou nesta ter\u00e7a-feira (22) o texto-base do projeto. A proposta retornou para an\u00e1lise dos deputados ap\u00f3s algumas mudan\u00e7as feitas pelos senadores, em vota\u00e7\u00e3o que ocorreu h\u00e1 mais de dois meses O arcabou\u00e7o representa o fim do teto de gastos implementado por Michel Temer e Jair Bolsonaro (PL).<\/span><\/p>\n<p>&nbsp;<\/p>\n<p style=\"font-weight: 400;\"><span style=\"font-weight: 400;\">Entre as altera\u00e7\u00f5es feitas pelos senadores e mantidas pelos deputados <\/span><a href=\"https:\/\/www.brasil247.com\/regionais\/brasilia\/camara-aprova-dispositivos-do-senado-que-isentam-fundeb-e-fundo-do-df-das-regras-do-arcabouco\" rel=\"nofollow noopener\" target=\"_blank\"><span style=\"font-weight: 400;\">isentam das regras do arcabou\u00e7o<\/span><\/a><span style=\"font-weight: 400;\"> o Fundo de Manuten\u00e7\u00e3o e Desenvolvimento da Educa\u00e7\u00e3o B\u00e1sica (Fundeb) e o Fundo Constitucional do Distrito Federal.<\/span><\/p>\n<p>&nbsp;<\/p>\n<p style=\"font-weight: 400;\"><span style=\"font-weight: 400;\">De acordo com as regras da proposta, as despesas p\u00fablicas poder\u00e3o aumentar acima da infla\u00e7\u00e3o, mas respeitando uma margem de 0,6% a 2,5% de crescimento real ao ano. Se as contas estiverem dentro da meta, o aumento de gastos ter\u00e1 limite de 70% do crescimento das receitas prim\u00e1rias. Se o resultado prim\u00e1rio ficar abaixo da meta, o limite para os gastos diminui para 50% do crescimento da receita.<\/span><\/p>\n<p style=\"font-weight: 400;\"><span style=\"font-weight: 400;\">A C\u00e2mara derrubou um item inclu\u00eddo no Senado e defendido pelo governo. O placar foi 423 a 19 pela rejei\u00e7\u00e3o. Esse artigo retirado permitia \u00e0 administra\u00e7\u00e3o federal enviar, na proposta de Or\u00e7amento de 2024, o valor das despesas considerando a proje\u00e7\u00e3o da infla\u00e7\u00e3o at\u00e9 o fim do ano.<\/span><\/p>\n<p>&nbsp;<\/p>\n<p>O post <a rel=\"nofollow noopener\" href=\"https:\/\/wscom.com.br\/camara-aprova-texto-base-do-arcabouco-fiscal-e-decreta-o-fim-do-teto-de-gastos\/\" target=\"_blank\">C\u00e2mara aprova texto-base do arcabou\u00e7o fiscal e decreta o fim do teto de gastos<\/a> apareceu primeiro em <a rel=\"nofollow noopener\" href=\"https:\/\/wscom.com.br\/\" target=\"_blank\">WSCOM<\/a>.<\/p>\n","protected":false},"excerpt":{"rendered":"<p>A proposta retornou para an\u00e1lise dos deputados ap\u00f3s algumas mudan\u00e7as feitas pelos senadores \u00a0 247 \u2013 A C\u00e2mara dos Deputados aprovou nesta ter\u00e7a-feira (22) o texto-base do projeto. A proposta retornou para an\u00e1lise dos deputados ap\u00f3s algumas mudan\u00e7as feitas pelos senadores, em vota\u00e7\u00e3o que ocorreu h\u00e1 mais de dois meses O arcabou\u00e7o representa o fim [\u2026]<\/p>\n<p>O post <a rel=\"nofollow\" href=\"https:\/\/wscom.com.br\/camara-aprova-texto-base-do-arcabouco-fiscal-e-decreta-o-fim-do-teto-de-gastos\/\">C\u00e2mara aprova texto-base do arcabou\u00e7o fiscal e decreta o fim do teto de gastos<\/a> apareceu primeiro em <a rel=\"nofollow\" href=\"https:\/\/wscom.com.br\/\">WSCOM<\/a>.<\/p>\n","protected":false},"author":48,"featured_media":0,"comment_status":"closed","ping_status":"closed","sticky":false,"template":"","format":"standard","meta":{"advgb_blocks_editor_width":"","advgb_blocks_columns_visual_guide":"","footnotes":""},"categories":[34,3],"tags":[35],"class_list":["post-30854","post","type-post","status-publish","format-standard","hentry","category-g1","category-uncategorised","tag-g1"],"author_meta":{"display_name":"Walter Santos","author_link":"https:\/\/sindaopcpb.org.br\/author\/walter-santos\/"},"featured_img":null,"coauthors":[],"tax_additional":{"categories":{"linked":["<a href=\"https:\/\/sindaopcpb.org.br\/g1\/\" class=\"advgb-post-tax-term\">G1<\/a>","<a href=\"https:\/\/sindaopcpb.org.br\/uncategorised\/\" class=\"advgb-post-tax-term\">Geral<\/a>"],"unlinked":["<span class=\"advgb-post-tax-term\">G1<\/span>","<span class=\"advgb-post-tax-term\">Geral<\/span>"]},"tags":{"linked":["<a href=\"https:\/\/sindaopcpb.org.br\/uncategorised\/\" class=\"advgb-post-tax-term\">g1<\/a>"],"unlinked":["<span class=\"advgb-post-tax-term\">g1<\/span>"]}},"comment_count":"0","relative_dates":{"created":"Publicado 3 anos atr\u00e1s","modified":"Atualizado 3 anos atr\u00e1s"},"absolute_dates":{"created":"Publicado em 22 de agosto de 2023","modified":"Atualizado em 22 de agosto de 2023"},"absolute_dates_time":{"created":"Publicado em 22 de agosto de 2023 21:36","modified":"Atualizado em 22 de agosto de 2023 21:36"},"featured_img_caption":"","series_order":"","_links":{"self":[{"href":"https:\/\/sindaopcpb.org.br\/index.php\/wp-json\/wp\/v2\/posts\/30854","targetHints":{"allow":["GET"]}}],"collection":[{"href":"https:\/\/sindaopcpb.org.br\/index.php\/wp-json\/wp\/v2\/posts"}],"about":[{"href":"https:\/\/sindaopcpb.org.br\/index.php\/wp-json\/wp\/v2\/types\/post"}],"author":[{"embeddable":true,"href":"https:\/\/sindaopcpb.org.br\/index.php\/wp-json\/wp\/v2\/users\/48"}],"replies":[{"embeddable":true,"href":"https:\/\/sindaopcpb.org.br\/index.php\/wp-json\/wp\/v2\/comments?post=30854"}],"version-history":[{"count":1,"href":"https:\/\/sindaopcpb.org.br\/index.php\/wp-json\/wp\/v2\/posts\/30854\/revisions"}],"predecessor-version":[{"id":30856,"href":"https:\/\/sindaopcpb.org.br\/index.php\/wp-json\/wp\/v2\/posts\/30854\/revisions\/30856"}],"wp:attachment":[{"href":"https:\/\/sindaopcpb.org.br\/index.php\/wp-json\/wp\/v2\/media?parent=30854"}],"wp:term":[{"taxonomy":"category","embeddable":true,"href":"https:\/\/sindaopcpb.org.br\/index.php\/wp-json\/wp\/v2\/categories?post=30854"},{"taxonomy":"post_tag","embeddable":true,"href":"https:\/\/sindaopcpb.org.br\/index.php\/wp-json\/wp\/v2\/tags?post=30854"}],"curies":[{"name":"wp","href":"https:\/\/api.w.org\/{rel}","templated":true}]}}