{"id":30843,"date":"2023-08-22T20:30:14","date_gmt":"2023-08-22T23:30:14","guid":{"rendered":"https:\/\/g1.globo.com\/pb\/paraiba\/noticia\/2023\/08\/22\/inscricoes-para-empreendedores-no-expo-favela-paraiba-sao-prorrogadas-veja-como-participar.ghtml"},"modified":"2023-08-22T20:30:14","modified_gmt":"2023-08-22T23:30:14","slug":"inscricoes-para-empreendedores-no-expo-favela-paraiba-sao-prorrogadas-veja-como-participar-2","status":"publish","type":"post","link":"https:\/\/sindaopcpb.org.br\/index.php\/2023\/08\/22\/inscricoes-para-empreendedores-no-expo-favela-paraiba-sao-prorrogadas-veja-como-participar-2\/","title":{"rendered":"Inscri\u00e7\u00f5es para empreendedores no Expo Favela Para\u00edba s\u00e3o prorrogadas; veja como participar"},"content":{"rendered":"   <img src=\"https:\/\/s2.glbimg.com\/OOonRbJXDc05Xczg1joWS3uun3k=\/i.s3.glbimg.com\/v1\/AUTH_59edd422c0c84a879bd37670ae4f538a\/internal_photos\/bs\/2023\/l\/H\/N6UUvmSmqPwjq5HtJA4Q\/expo-favela-2022-acervo-expo-favela-09-1024x683.jpeg\" \/><br \/>     Resultado do processo de inscri\u00e7\u00e3o ser\u00e1 divulgado no mesmo endere\u00e7o web utilizado para a inscri\u00e7\u00e3o e os participantes selecionados tamb\u00e9m ser\u00e3o informados por e-mail e SMS.  Expo Favela re\u00fane expositores de empreendedores e startups da favela\nAssessoria\nAs inscri\u00e7\u00f5es para a Expo Favela 2023, que ocorre pela primeira vez na Para\u00edba foram prorrogadas at\u00e9 1\u00ba de setembro. O evento \u00e9 voltado para empreendedores ou pessoas que t\u00eam uma startup de favela e t\u00eam interesse em ter um stand no evento. Anteriormente, as inscri\u00e7\u00f5es do evento se encerrariam na \u00faltima sexta-feira (18). (Confira como se inscrever abaixo)\nA Expo Favela 2023 vai acontecer nos dias 22, 23 e 24 de setembro, no Espa\u00e7o Cultural, em Jo\u00e3o Pessoa.\nComo se inscrever\nPara se inscrever e participar do processo seletivo, o interessado deve acessar o site do Expo Favela Para\u00edba e clicar no bot\u00e3o \u201cInscreva-se\u201d na parte de \u201cNovas Oportunidades\u201d.\nCom isso, o interessado ser\u00e1 redirecionado para uma nova p\u00e1gina para preencher um formul\u00e1rio com os seguintes dados:\nNome completo;\nWhatsapp;\n\u00a0E-mail;\nSe o interessado \u00e9 morador de favela ou periferia;\nO nome da Favela\/Periferia;\nEstado;\nCidade;\nNome do Neg\u00f3cio;\nRede social que mais usa;\nResumo da ideia do neg\u00f3cio.\nAo preencher o formul\u00e1rio, os candidatos dever\u00e3o criar uma conta no site da Escola de Neg\u00f3cios da Favela, para acompanhar o status do seu processo seletivo, assim como acessar outros conte\u00fados educacionais durante a inscri\u00e7\u00e3o.\nNa \u00faltima etapa do cadastro o candidato receber\u00e1 instru\u00e7\u00f5es para a grava\u00e7\u00e3o e envio de um v\u00eddeo, de at\u00e9 2 minutos, sobre os seus empreendimentos\/startups.\u00a0\nNas semanas que antecedem o evento, os empreendedores pr\u00e9-selecionados ir\u00e3o receber mentoria para auxili\u00e1-los na apresenta\u00e7\u00e3o dos seus neg\u00f3cios para os investidores que participar\u00e3o da Expo Favela.\nUma curadoria especializada do evento selecionar\u00e1 empreendedores de favelas e periferias de todo o Brasil para participarem das etapas regionais e nacional da Expo Favela 2023.\nOs candidatos pr\u00e9-selecionados poder\u00e3o receber em seus estabelecimentos ou endere\u00e7os indicados no cadastro de inscri\u00e7\u00e3o a visita social de integrantes da Cufa (Central \u00danica de Favelas).\nOs empreendedores que forem selecionados receber\u00e3o acesso ao credenciamento, palestras, mentorias e espa\u00e7o para exposi\u00e7\u00e3o de seu neg\u00f3cio ou startup.\nCrit\u00e9rios de sele\u00e7\u00e3o\nOs curadores da Expo Favela analisaram as inscri\u00e7\u00f5es, verificando e triando os participantes eleg\u00edveis para a Expo Favela.\nDepois, eles analisar\u00e3o o v\u00eddeo, de at\u00e9 dois minutos, que o candidato enviou e as informa\u00e7\u00f5es compartilhadas de acordo com o regulamento e a possibilidade de uma visita social no estabelecimento ou endere\u00e7o indicado na inscri\u00e7\u00e3o.\u00a0\nSer\u00e1 feita uma avalia\u00e7\u00e3o pelo comit\u00ea de mentores e a elabora\u00e7\u00e3o de uma lista final, composta pelos empreendedores classificados e empreendedores em lista de espera.\u00a0\n\u00a0As quantidades de empreendedores classificados ser\u00e3o divulgadas de acordo com os limites definidos por cada regi\u00e3o.\nCom base nos dados e informa\u00e7\u00f5es apresentados no ato da inscri\u00e7\u00e3o, uma lista classificat\u00f3ria composta por empreendedores que atendam \u00e0s condi\u00e7\u00f5es de participa\u00e7\u00e3o ser\u00e1 elaborada levando-se em considera\u00e7\u00e3o os seguintes crit\u00e9rios:\nAlinhamento \u00e0s diretrizes do regulamento;\nMorador de favela ou de periferia;\nNeg\u00f3cio j\u00e1 existente ou ideia de neg\u00f3cio que seja vi\u00e1vel.\nRepresentatividade de empreendimentos liderados por mulheres;\u00a0\nRepresentatividade geogr\u00e1fica: sele\u00e7\u00e3o de empreendedores que reflitam diversidade de atua\u00e7\u00e3o;\nGrau de novidade da solu\u00e7\u00e3o;\nPotencial de mercado do neg\u00f3cio;\nImpacto do neg\u00f3cio dentro e fora da comunidade;\nDurante a etapa de avalia\u00e7\u00e3o, a Escola de Neg\u00f3cios da Favela poder\u00e1 solicitar ao empreendedor inscrito qualquer tipo de esclarecimento complementar, incluindo envio de documentos adicionais, atrav\u00e9s do endere\u00e7o eletr\u00f4nico cadastrado ou telefone, ou ainda fazer uma visita social ao empreendimento.\u00a0\nA inexist\u00eancia destes dados, ou a impossibilidade de comunica\u00e7\u00e3o pelos organizadores, ser\u00e1 de responsabilidade exclusiva do respons\u00e1vel pela inscri\u00e7\u00e3o.\nDesclassifica\u00e7\u00e3o\nCaso o empreendedor inscrito descumpra os termos do regulamento, ele poder\u00e1 ser notificado e chamado para solucionar o problema comunicado dentro de um prazo razo\u00e1vel acordado entre a gest\u00e3o organizadora do evento.\nSe o empreendedor se mostrar incapaz ou indisposto a solucionar o problema dentro do prazo acordado, sem justificativa, ele poder\u00e1 ser eliminado do evento, ap\u00f3s recomenda\u00e7\u00e3o justificada da equipe da Expo Favela.\nO resultado desse processo ser\u00e1 divulgado no mesmo endere\u00e7o web utilizado para a inscri\u00e7\u00e3o e apenas os participantes selecionados tamb\u00e9m ser\u00e3o informados por e-mail e SMS.\u00a0\nV\u00eddeos mais assistidos do g1 Para\u00edba  ","protected":false},"excerpt":{"rendered":"<p>        Resultado do processo de inscri\u00e7\u00e3o ser\u00e1 divulgado no mesmo endere\u00e7o web utilizado para a inscri\u00e7\u00e3o e os participantes selecionados tamb\u00e9m ser\u00e3o informados por e-mail e SMS.  Expo Favela re\u00fane expositores de empreendedores e startups da favela<br \/>\nA&#8230;<\/p>\n","protected":false},"author":2,"featured_media":0,"comment_status":"closed","ping_status":"closed","sticky":false,"template":"","format":"standard","meta":{"advgb_blocks_editor_width":"","advgb_blocks_columns_visual_guide":"","footnotes":""},"categories":[34],"tags":[35],"class_list":["post-30843","post","type-post","status-publish","format-standard","hentry","category-g1","tag-g1"],"author_meta":{"display_name":"g1 &gt; Para\u00edba","author_link":"https:\/\/sindaopcpb.org.br\/author\/g1-paraiba\/"},"featured_img":null,"coauthors":[],"tax_additional":{"categories":{"linked":["<a href=\"https:\/\/sindaopcpb.org.br\/g1\/\" class=\"advgb-post-tax-term\">G1<\/a>"],"unlinked":["<span class=\"advgb-post-tax-term\">G1<\/span>"]},"tags":{"linked":["<a href=\"https:\/\/sindaopcpb.org.br\/g1\/\" class=\"advgb-post-tax-term\">g1<\/a>"],"unlinked":["<span class=\"advgb-post-tax-term\">g1<\/span>"]}},"comment_count":"0","relative_dates":{"created":"Publicado 3 anos atr\u00e1s","modified":"Atualizado 3 anos atr\u00e1s"},"absolute_dates":{"created":"Publicado em 22 de agosto de 2023","modified":"Atualizado em 22 de agosto de 2023"},"absolute_dates_time":{"created":"Publicado em 22 de agosto de 2023 20:30","modified":"Atualizado em 22 de agosto de 2023 20:30"},"featured_img_caption":"","series_order":"","_links":{"self":[{"href":"https:\/\/sindaopcpb.org.br\/index.php\/wp-json\/wp\/v2\/posts\/30843","targetHints":{"allow":["GET"]}}],"collection":[{"href":"https:\/\/sindaopcpb.org.br\/index.php\/wp-json\/wp\/v2\/posts"}],"about":[{"href":"https:\/\/sindaopcpb.org.br\/index.php\/wp-json\/wp\/v2\/types\/post"}],"author":[{"embeddable":true,"href":"https:\/\/sindaopcpb.org.br\/index.php\/wp-json\/wp\/v2\/users\/2"}],"replies":[{"embeddable":true,"href":"https:\/\/sindaopcpb.org.br\/index.php\/wp-json\/wp\/v2\/comments?post=30843"}],"version-history":[{"count":1,"href":"https:\/\/sindaopcpb.org.br\/index.php\/wp-json\/wp\/v2\/posts\/30843\/revisions"}],"predecessor-version":[{"id":30844,"href":"https:\/\/sindaopcpb.org.br\/index.php\/wp-json\/wp\/v2\/posts\/30843\/revisions\/30844"}],"wp:attachment":[{"href":"https:\/\/sindaopcpb.org.br\/index.php\/wp-json\/wp\/v2\/media?parent=30843"}],"wp:term":[{"taxonomy":"category","embeddable":true,"href":"https:\/\/sindaopcpb.org.br\/index.php\/wp-json\/wp\/v2\/categories?post=30843"},{"taxonomy":"post_tag","embeddable":true,"href":"https:\/\/sindaopcpb.org.br\/index.php\/wp-json\/wp\/v2\/tags?post=30843"}],"curies":[{"name":"wp","href":"https:\/\/api.w.org\/{rel}","templated":true}]}}