{"id":30832,"date":"2023-08-22T19:42:00","date_gmt":"2023-08-22T22:42:00","guid":{"rendered":"https:\/\/www.infomoney.com.br\/?p=2222769"},"modified":"2023-08-22T19:42:00","modified_gmt":"2023-08-22T22:42:00","slug":"decisao-de-moraes-permitiu-continuidade-dos-estudos-para-construcao-da-ferrograo-diz-ministro","status":"publish","type":"post","link":"https:\/\/sindaopcpb.org.br\/index.php\/2023\/08\/22\/decisao-de-moraes-permitiu-continuidade-dos-estudos-para-construcao-da-ferrograo-diz-ministro\/","title":{"rendered":"Decis\u00e3o de Moraes permitiu continuidade dos estudos para constru\u00e7\u00e3o da Ferrogr\u00e3o, diz ministro"},"content":{"rendered":"<p><img loading=\"lazy\" width=\"300\" height=\"225\" src=\"https:\/\/www.infomoney.com.br\/wp-content\/uploads\/2023\/08\/vac_abr0305232546.jpg?fit=300%2C225&amp;quality=70&amp;strip=all\" class=\"attachment-medium size-medium wp-post-image\" alt=\"\" decoding=\"async\" style=\"float:right; margin:0 0 10px 10px;\" srcset=\"https:\/\/www.infomoney.com.br\/wp-content\/uploads\/2023\/08\/vac_abr0305232546.jpg?w=1024&amp;quality=70&amp;strip=all 1024w, https:\/\/www.infomoney.com.br\/wp-content\/uploads\/2023\/08\/vac_abr0305232546.jpg?w=300&amp;quality=70&amp;strip=all 300w, https:\/\/www.infomoney.com.br\/wp-content\/uploads\/2023\/08\/vac_abr0305232546.jpg?w=768&amp;quality=70&amp;strip=all 768w, https:\/\/www.infomoney.com.br\/wp-content\/uploads\/2023\/08\/vac_abr0305232546.jpg?w=150&amp;quality=70&amp;strip=all 150w\" sizes=\"auto, (max-width: 300px) 100vw, 300px\" data-attachment-id=\"2202505\" data-permalink=\"https:\/\/www.infomoney.com.br\/politica\/renan-filho-quer-ampliar-uso-de-ferrovias-para-escoamento-de-graos-e-aumentar-competicao-entre-portos\/attachment\/vac_abr0305232546\/\" data-orig-file=\"https:\/\/www.infomoney.com.br\/wp-content\/uploads\/2023\/08\/vac_abr0305232546.jpg?fit=1024%2C768&amp;quality=70&amp;strip=all\" data-orig-size=\"1024,768\" data-comments-opened=\"0\" data-image-meta=\"{&quot;aperture&quot;:&quot;3.2&quot;,&quot;credit&quot;:&quot;Valter Campanato\\\/Ag\\u00eancia Brasil&quot;,&quot;camera&quot;:&quot;Canon EOS-1D X&quot;,&quot;caption&quot;:&quot;Bras\\u00edlia (DF), 03\\\/05\\\/2023 \\u2013 Entrevista coletiva do Ministro dos Transportes, Renan Filho,  ap\\u00f3s encontro com o presidente Lula, e o Governador do Paran\\u00e1, Ratinho Junior, no palacio do Planalto. Foto Valter Campanato\\\/Ag\\u00eancia Brasil.&quot;,&quot;created_timestamp&quot;:&quot;1683135878&quot;,&quot;copyright&quot;:&quot;Ag\\u00eancia Brasil\\\/EBC&quot;,&quot;focal_length&quot;:&quot;120&quot;,&quot;iso&quot;:&quot;1600&quot;,&quot;shutter_speed&quot;:&quot;0.008&quot;,&quot;title&quot;:&quot;&quot;,&quot;orientation&quot;:&quot;0&quot;}\" data-image-title=\"Renan Filho\" data-image-description=\"\" data-image-caption=\"&lt;p&gt;O ministro dos Transportes, Renan Filho (MDB), ap\u00f3s encontro com o presidente Luiz In\u00e1cio Lula da Silva (PT), e o governador do Paran\u00e1, Ratinho Junior (PSD), no Pal\u00e1cio do Planalto (Foto: Valter Campanato\/Ag\u00eancia Brasil)&lt;\/p&gt;\n\" data-medium-file=\"https:\/\/www.infomoney.com.br\/wp-content\/uploads\/2023\/08\/vac_abr0305232546.jpg?fit=300%2C225&amp;quality=70&amp;strip=all\" data-large-file=\"https:\/\/www.infomoney.com.br\/wp-content\/uploads\/2023\/08\/vac_abr0305232546.jpg?fit=1024%2C768&amp;quality=70&amp;strip=all\" title=\"\"><\/p>\n<p>O ministro dos Transportes, Renan Filho, elogiou nesta ter&ccedil;a-feira (22), a decis&atilde;o do ministro Alexandre de Moraes, do Supremo Tribunal Federal (STF), em permitir a continuidade dos estudos para a constru&ccedil;&atilde;o da Ferrogr&atilde;o, ferrovia de 933 quil&ocirc;metros que ligar&aacute; Sinop (MT) a Miritituba (PA). A afirma&ccedil;&atilde;o foi feita durante reuni&atilde;o na Federa&ccedil;&atilde;o das Ind&uacute;strias do Estado de S&atilde;o Paulo (Fiesp), que contou com a presen&ccedil;a de membros do Conselho Superior de Infraestrutura (Coinfra) e do Conselho Superior do Agroneg&oacute;cio (Cosag), no per&iacute;odo da tarde desta ter&ccedil;a.<\/p>\n<p>A Ferrogr&atilde;o, assim como a BR-319, ficou de fora do novo do Programa de Acelera&ccedil;&atilde;o do Crescimento (PAC), mas continua em estudos.<\/p>\n<p>Segundo Renan Filho, caso os estudos n&atilde;o fossem permitidos, levaria muito mais tempo para a constru&ccedil;&atilde;o da Ferrogr&atilde;o.<\/p>\n<p>Os atuais passos, de acordo com ele, s&atilde;o atualizar a viabilidade econ&ocirc;mica para o projeto, al&eacute;m dos desafios ambientais. No entanto, ele tamb&eacute;m destacou que o momento demonstra que o governo n&atilde;o descarta a possibilidade de investir em infraestrutura.<\/p>\n<p>&ldquo;Vamos fazer um amplo debate com setores produtivos (sobre Ferrogr&atilde;o)&rdquo;, acrescentou Renan Filho.<\/p>\n<p>Durante o encontro, o ministro tamb&eacute;m mencionou outras obras do setor ferrovi&aacute;rio, como a Ferrovia de Integra&ccedil;&atilde;o Oeste-Leste (Fiol) e a Transnordestina, a qual ele prev&ecirc; que o prazo de entrega deveria ser para 2026, mas deve se estender at&eacute; 2027.<\/p>\n<p>As ferrovias j&aacute; est&atilde;o sendo constru&iacute;das, de forma que ele as considera poss&iacute;veis alternativas para o escoamento de cargas para os portos para exporta&ccedil;&atilde;o.<\/p>\n<\/p>\n<div class=\"cta-end\">\n<div class=\"im-cta\" >\n<div class=\"im-shortcode-forms bg-light bg-opacity-25 border rounded-4 p-3 p-sm-4 p-md-3 p-lg-4 px-xxl-5 my-5\" data-configuration='{\"form_name\":false,\"form_hat\":\"Newsletter\",\"form_email\":true,\"form_icon\":\"newsletter\",\"form_phone\":false,\"form_campaign\":\"NIM\",\"form_thankyou\":\"\",\"form_journey\":\"APIEvent-26a5198d-8e09-06ef-5f80-cd9127757ad1\",\"form_button\":\"Quero receber\",\"form_context\":\"newsletter\",\"form_origin\":\"https:\\\/\\\/www.infomoney.com.br\\\/politica\\\/feed\\\/?utm_medium=materia&#038;utm_source=infomoney&#038;utm_campaign=NIM&#038;utm_term=politica&#038;utm_content=newsletter\",\"form_position\":\"final\",\"form_category\":\"cta_form\"}'>\n<div class=\"d-flex flex-column align-items-center align-items-lg-start mb-4 flex-lg-row\">\n<div class=\"rounded-circle mb-2 mb-lg-0 mr-lg-4 me-lg-4 p-3 p-lg-4 bg-blue-400\"><svg width=\"40\" height=\"40\" viewBox=\"0 0 40 40\" fill=\"none\" xmlns=\"http:\/\/www.w3.org\/2000\/svg\"><path d=\"M20 20.25 6.042 11.042v19.041c0 .167.048.299.146.396a.535.535 0 0 0 .395.146h15.792V32.5H6.583a2.328 2.328 0 0 1-1.708-.708 2.328 2.328 0 0 1-.708-1.709V9.917c0-.667.236-1.236.708-1.709A2.328 2.328 0 0 1 6.583 7.5h26.834c.666 0 1.236.236 1.708.708a2.33 2.33 0 0 1 .708 1.709v12.458h-1.875V11.042L20 20.25Zm0-2 13.667-8.875H6.333L20 18.25Zm11.75 18.958-1.292-1.333 3.334-3.375h-9v-1.875h9l-3.375-3.417 1.333-1.291 5.667 5.625-5.667 5.666ZM6.042 11.042v20.791-9.458.25-13.25 1.667Z\" fill=\"#fff\"\/><\/svg><\/div>\n<div class=\"flex-fill text-center text-lg-left\">\n<div class=\"h6 small text-orange-700 lh-base mb-1\">Newsletter<\/div>\n<div class=\"text-body h4 m-0\">Infomorning<\/div>\n<div class=\"text-body small lh-base mt-2\">Receba no seu e-mail logo pela manh&atilde; as not&iacute;cias que v&atilde;o mexer com os mercados, com os seus investimentos e o seu bolso durante o dia<\/div>\n<\/div>\n<\/div>\n<\/div>\n<\/div>\n<\/div>\n<p>The post <a rel=\"nofollow noopener\" href=\"https:\/\/www.infomoney.com.br\/politica\/decisao-de-moraes-permitiu-continuidade-dos-estudos-para-construcao-da-ferrograo-diz-ministro\/\" target=\"_blank\">Decis\u00e3o de Moraes permitiu continuidade dos estudos para constru\u00e7\u00e3o da Ferrogr\u00e3o, diz ministro<\/a> appeared first on <a rel=\"nofollow noopener\" href=\"https:\/\/www.infomoney.com.br\/\" target=\"_blank\">InfoMoney<\/a>.<\/p>\n","protected":false},"excerpt":{"rendered":"<p><img loading=\"lazy\" decoding=\"async\" width=\"300\" height=\"225\" src=\"https:\/\/www.infomoney.com.br\/wp-content\/uploads\/2023\/08\/vac_abr0305232546.jpg?fit=300%2C225&amp;quality=70&amp;strip=all\" class=\"attachment-medium size-medium wp-post-image\" alt=\"\" data-attachment-id=\"2202505\" data-permalink=\"https:\/\/www.infomoney.com.br\/politica\/renan-filho-quer-ampliar-uso-de-ferrovias-para-escoamento-de-graos-e-aumentar-competicao-entre-portos\/attachment\/vac_abr0305232546\/\" data-orig-file=\"https:\/\/www.infomoney.com.br\/wp-content\/uploads\/2023\/08\/vac_abr0305232546.jpg?fit=1024%2C768&amp;quality=70&amp;strip=all\" data-orig-size=\"1024,768\" data-comments-opened=\"0\" data-image-meta='{\"aperture\":\"3.2\",\"credit\":\"Valter Campanato\\\/Ag\\u00eancia Brasil\",\"camera\":\"Canon EOS-1D X\",\"caption\":\"Bras\\u00edlia (DF), 03\\\/05\\\/2023 \\u2013 Entrevista coletiva do Ministro dos Transportes, Renan Filho,  ap\\u00f3s encontro com o presidente Lula, e o Governador do Paran\\u00e1, Ratinho Junior, no palacio do Planalto. Foto Valter Campanato\\\/Ag\\u00eancia Brasil.\",\"created_timestamp\":\"1683135878\",\"copyright\":\"Ag\\u00eancia Brasil\\\/EBC\",\"focal_length\":\"120\",\"iso\":\"1600\",\"shutter_speed\":\"0.008\",\"title\":\"\",\"orientation\":\"0\"}' data-image-title=\"Renan Filho\" data-image-description=\"\" data-image-caption=\"&lt;p&gt;O ministro dos Transportes, Renan Filho (MDB), ap\u00f3s encontro com o presidente Luiz In\u00e1cio Lula da Silva (PT), e o governador do Paran\u00e1, Ratinho Junior (PSD), no Pal\u00e1cio do Planalto (Foto: Valter Campanato\/Ag\u00eancia Brasil)&lt;\/p&gt;\n\" data-medium-file=\"https:\/\/www.infomoney.com.br\/wp-content\/uploads\/2023\/08\/vac_abr0305232546.jpg?fit=300%2C225&amp;quality=70&amp;strip=all\" data-large-file=\"https:\/\/www.infomoney.com.br\/wp-content\/uploads\/2023\/08\/vac_abr0305232546.jpg?fit=1024%2C768&amp;quality=70&amp;strip=all\">Ministro tamb\u00e9m mencionou outras obras do setor ferrovi\u00e1rio, como a Ferrovia de Integra\u00e7\u00e3o Oeste-Leste (Fiol) e a Transnordestina<\/p>\n<p>The post <a rel=\"nofollow\" href=\"https:\/\/www.infomoney.com.br\/politica\/decisao-de-moraes-permitiu-continuidade-dos-estudos-para-construcao-da-ferrograo-diz-ministro\/\">Decis\u00e3o de Moraes permitiu continuidade dos estudos para constru\u00e7\u00e3o da Ferrogr\u00e3o, diz ministro<\/a> appeared first on <a rel=\"nofollow\" href=\"https:\/\/www.infomoney.com.br\/\">InfoMoney<\/a>.<\/p>\n","protected":false},"author":43,"featured_media":0,"comment_status":"closed","ping_status":"closed","sticky":false,"template":"","format":"standard","meta":{"advgb_blocks_editor_width":"","advgb_blocks_columns_visual_guide":"","footnotes":""},"categories":[34,607,47,5738,608],"tags":[35],"class_list":["post-30832","post","type-post","status-publish","format-standard","hentry","category-g1","category-ministerio-dos-transportes","category-politica","category-programa-de-aceleracao-do-crescimento","category-renan-filho","tag-g1"],"author_meta":{"display_name":"Estad\u00e3o Conte\u00fado","author_link":"https:\/\/sindaopcpb.org.br\/author\/estadao-conteudo\/"},"featured_img":null,"coauthors":[],"tax_additional":{"categories":{"linked":["<a href=\"https:\/\/sindaopcpb.org.br\/g1\/\" class=\"advgb-post-tax-term\">G1<\/a>","<a href=\"https:\/\/sindaopcpb.org.br\/ministerio-dos-transportes\/\" class=\"advgb-post-tax-term\">Minist\u00e9rio dos Transportes<\/a>","<a href=\"https:\/\/sindaopcpb.org.br\/politica\/\" class=\"advgb-post-tax-term\">POLITICA<\/a>","<a href=\"https:\/\/sindaopcpb.org.br\/programa-de-aceleracao-do-crescimento\/\" class=\"advgb-post-tax-term\">Programa de Acelera\u00e7\u00e3o do Crescimento<\/a>","<a href=\"https:\/\/sindaopcpb.org.br\/renan-filho\/\" class=\"advgb-post-tax-term\">Renan Filho<\/a>"],"unlinked":["<span class=\"advgb-post-tax-term\">G1<\/span>","<span class=\"advgb-post-tax-term\">Minist\u00e9rio dos Transportes<\/span>","<span class=\"advgb-post-tax-term\">POLITICA<\/span>","<span class=\"advgb-post-tax-term\">Programa de Acelera\u00e7\u00e3o do Crescimento<\/span>","<span class=\"advgb-post-tax-term\">Renan Filho<\/span>"]},"tags":{"linked":["<a href=\"https:\/\/sindaopcpb.org.br\/renan-filho\/\" class=\"advgb-post-tax-term\">g1<\/a>"],"unlinked":["<span class=\"advgb-post-tax-term\">g1<\/span>"]}},"comment_count":"0","relative_dates":{"created":"Publicado 3 anos atr\u00e1s","modified":"Atualizado 3 anos atr\u00e1s"},"absolute_dates":{"created":"Publicado em 22 de agosto de 2023","modified":"Atualizado em 22 de agosto de 2023"},"absolute_dates_time":{"created":"Publicado em 22 de agosto de 2023 19:42","modified":"Atualizado em 22 de agosto de 2023 19:42"},"featured_img_caption":"","series_order":"","_links":{"self":[{"href":"https:\/\/sindaopcpb.org.br\/index.php\/wp-json\/wp\/v2\/posts\/30832","targetHints":{"allow":["GET"]}}],"collection":[{"href":"https:\/\/sindaopcpb.org.br\/index.php\/wp-json\/wp\/v2\/posts"}],"about":[{"href":"https:\/\/sindaopcpb.org.br\/index.php\/wp-json\/wp\/v2\/types\/post"}],"author":[{"embeddable":true,"href":"https:\/\/sindaopcpb.org.br\/index.php\/wp-json\/wp\/v2\/users\/43"}],"replies":[{"embeddable":true,"href":"https:\/\/sindaopcpb.org.br\/index.php\/wp-json\/wp\/v2\/comments?post=30832"}],"version-history":[{"count":1,"href":"https:\/\/sindaopcpb.org.br\/index.php\/wp-json\/wp\/v2\/posts\/30832\/revisions"}],"predecessor-version":[{"id":30833,"href":"https:\/\/sindaopcpb.org.br\/index.php\/wp-json\/wp\/v2\/posts\/30832\/revisions\/30833"}],"wp:attachment":[{"href":"https:\/\/sindaopcpb.org.br\/index.php\/wp-json\/wp\/v2\/media?parent=30832"}],"wp:term":[{"taxonomy":"category","embeddable":true,"href":"https:\/\/sindaopcpb.org.br\/index.php\/wp-json\/wp\/v2\/categories?post=30832"},{"taxonomy":"post_tag","embeddable":true,"href":"https:\/\/sindaopcpb.org.br\/index.php\/wp-json\/wp\/v2\/tags?post=30832"}],"curies":[{"name":"wp","href":"https:\/\/api.w.org\/{rel}","templated":true}]}}