{"id":30826,"date":"2023-08-22T19:21:19","date_gmt":"2023-08-22T22:21:19","guid":{"rendered":"https:\/\/wpa.wscom.com.br\/?p=919277"},"modified":"2023-08-22T19:21:19","modified_gmt":"2023-08-22T22:21:19","slug":"pdt-de-joao-pessoa-quer-filiacao-de-cicero-lucena-para-aproximar-gestor-do-eleitorado-de-lula-para-2024","status":"publish","type":"post","link":"https:\/\/sindaopcpb.org.br\/index.php\/2023\/08\/22\/pdt-de-joao-pessoa-quer-filiacao-de-cicero-lucena-para-aproximar-gestor-do-eleitorado-de-lula-para-2024\/","title":{"rendered":"PDT de Jo\u00e3o Pessoa quer filia\u00e7\u00e3o de C\u00edcero Lucena para aproximar gestor do eleitorado de Lula para 2024"},"content":{"rendered":"<div class=\"group w-full text-token-text-primary border-b border-black\/10 dark:border-gray-900\/50 bg-gray-50 dark:bg-[#444654]\">\n<div class=\"flex p-4 gap-4 text-base md:gap-6 md:max-w-2xl lg:max-w-[38rem] xl:max-w-3xl md:py-6 lg:px-0 m-auto\">\n<div class=\"relative flex w-[calc(100%-50px)] flex-col gap-1 md:gap-3 lg:w-[calc(100%-115px)]\">\n<div class=\"flex flex-grow flex-col gap-3\">\n<div class=\"min-h-[20px] flex flex-col items-start gap-3 overflow-x-auto whitespace-pre-wrap break-words\">\n<div class=\"markdown prose w-full break-words dark:prose-invert light\">\n<p>O presidente do diret\u00f3rio municipal do PDT de Jo\u00e3o Pessoa, Junio Leandro, confirmou nesta ter\u00e7a-feira (22) que a legenda fez convites de filia\u00e7\u00e3o aos prefeitos Vitor Hugo (Uni\u00e3o Brasil), de Cabedelo, e C\u00edcero Lucena (PP),\u00a0 de Jo\u00e3o Pessoa.<\/p>\n<p>No caso do gestor de Cabedelo, conforme J\u00fanio Leandro, as conversas seguem o objetivo de convid\u00e1-lo para assumir a presid\u00eancia estadual do partido.<\/p>\n<p>Em rela\u00e7\u00e3o ao prefeito de Jo\u00e3o Pessoa, a inten\u00e7\u00e3o \u00e9 aproximar sua gest\u00e3o do governo do presidente Lu\u00eds In\u00e1cio Lula da Silva (PT). A aproxima\u00e7\u00e3o poderia atrair o eleitorado petista para o entorno de C\u00edcero Lucena.<\/p>\n<\/div>\n<\/div>\n<\/div>\n<div class=\"flex justify-between lg:block\">\n<div class=\"text-gray-400 flex self-end lg:self-center justify-center mt-2 gap-2 md:gap-3 lg:gap-1 lg:absolute lg:top-0 lg:translate-x-full lg:right-0 lg:mt-0 lg:pl-2 visible\">\n<div class=\"flex gap-1\">&#8220;Tive conversando com o prefeito e o convidei para vir ao PDT. Ele estando no PP fica dif\u00edcil ter apoio de partidos do campo democr\u00e1tico, j\u00e1 que o PP n\u00e3o dial\u00f3ga bem com o Governo Lula. Ele vindo ao PDT, cria esperan\u00e7as para at\u00e9 um apoio unificado e em 2026 estar todo mundo junto no mesmo barco&#8221;, declarou.<\/div>\n<\/div>\n<\/div>\n<\/div>\n<\/div>\n<\/div>\n<p>O post <a rel=\"nofollow noopener\" href=\"https:\/\/wscom.com.br\/pdt-de-joao-pessoa-quer-filiacao-de-cicero-lucena-para-aproximar-gestor-do-eleitorado-de-lula-para-2024\/\" target=\"_blank\">PDT de Jo\u00e3o Pessoa quer filia\u00e7\u00e3o de C\u00edcero Lucena para aproximar gestor do eleitorado de Lula para 2024<\/a> apareceu primeiro em <a rel=\"nofollow noopener\" href=\"https:\/\/wscom.com.br\/\" target=\"_blank\">WSCOM<\/a>.<\/p>\n","protected":false},"excerpt":{"rendered":"<p>O presidente do diret\u00f3rio municipal do PDT de Jo\u00e3o Pessoa, Junio Leandro, confirmou nesta ter\u00e7a-feira (22) que a legenda fez convites de filia\u00e7\u00e3o aos prefeitos Vitor Hugo (Uni\u00e3o Brasil), de Cabedelo, e C\u00edcero Lucena (PP),\u00a0 de Jo\u00e3o Pessoa. No caso do gestor de Cabedelo, conforme J\u00fanio Leandro, as conversas seguem o objetivo de convid\u00e1-lo para [\u2026]<\/p>\n<p>O post <a rel=\"nofollow\" href=\"https:\/\/wscom.com.br\/pdt-de-joao-pessoa-quer-filiacao-de-cicero-lucena-para-aproximar-gestor-do-eleitorado-de-lula-para-2024\/\">PDT de Jo\u00e3o Pessoa quer filia\u00e7\u00e3o de C\u00edcero Lucena para aproximar gestor do eleitorado de Lula para 2024<\/a> apareceu primeiro em <a rel=\"nofollow\" href=\"https:\/\/wscom.com.br\/\">WSCOM<\/a>.<\/p>\n","protected":false},"author":50,"featured_media":0,"comment_status":"closed","ping_status":"closed","sticky":false,"template":"","format":"standard","meta":{"advgb_blocks_editor_width":"","advgb_blocks_columns_visual_guide":"","footnotes":""},"categories":[34,8060,4093,1597,47],"tags":[35],"class_list":["post-30826","post","type-post","status-publish","format-standard","hentry","category-g1","category-joaop","category-pdt","category-pessoa","category-politica","tag-g1"],"author_meta":{"display_name":"Wallyson","author_link":"https:\/\/sindaopcpb.org.br\/author\/wallyson\/"},"featured_img":null,"coauthors":[],"tax_additional":{"categories":{"linked":["<a href=\"https:\/\/sindaopcpb.org.br\/g1\/\" class=\"advgb-post-tax-term\">G1<\/a>","<a href=\"https:\/\/sindaopcpb.org.br\/joaop\/\" class=\"advgb-post-tax-term\">joaop<\/a>","<a href=\"https:\/\/sindaopcpb.org.br\/pdt\/\" class=\"advgb-post-tax-term\">PDT<\/a>","<a href=\"https:\/\/sindaopcpb.org.br\/pessoa\/\" class=\"advgb-post-tax-term\">Pessoa<\/a>","<a href=\"https:\/\/sindaopcpb.org.br\/politica\/\" class=\"advgb-post-tax-term\">POLITICA<\/a>"],"unlinked":["<span class=\"advgb-post-tax-term\">G1<\/span>","<span class=\"advgb-post-tax-term\">joaop<\/span>","<span class=\"advgb-post-tax-term\">PDT<\/span>","<span class=\"advgb-post-tax-term\">Pessoa<\/span>","<span class=\"advgb-post-tax-term\">POLITICA<\/span>"]},"tags":{"linked":["<a href=\"https:\/\/sindaopcpb.org.br\/politica\/\" class=\"advgb-post-tax-term\">g1<\/a>"],"unlinked":["<span class=\"advgb-post-tax-term\">g1<\/span>"]}},"comment_count":"0","relative_dates":{"created":"Publicado 3 anos atr\u00e1s","modified":"Atualizado 3 anos atr\u00e1s"},"absolute_dates":{"created":"Publicado em 22 de agosto de 2023","modified":"Atualizado em 22 de agosto de 2023"},"absolute_dates_time":{"created":"Publicado em 22 de agosto de 2023 19:21","modified":"Atualizado em 22 de agosto de 2023 19:21"},"featured_img_caption":"","series_order":"","_links":{"self":[{"href":"https:\/\/sindaopcpb.org.br\/index.php\/wp-json\/wp\/v2\/posts\/30826","targetHints":{"allow":["GET"]}}],"collection":[{"href":"https:\/\/sindaopcpb.org.br\/index.php\/wp-json\/wp\/v2\/posts"}],"about":[{"href":"https:\/\/sindaopcpb.org.br\/index.php\/wp-json\/wp\/v2\/types\/post"}],"author":[{"embeddable":true,"href":"https:\/\/sindaopcpb.org.br\/index.php\/wp-json\/wp\/v2\/users\/50"}],"replies":[{"embeddable":true,"href":"https:\/\/sindaopcpb.org.br\/index.php\/wp-json\/wp\/v2\/comments?post=30826"}],"version-history":[{"count":1,"href":"https:\/\/sindaopcpb.org.br\/index.php\/wp-json\/wp\/v2\/posts\/30826\/revisions"}],"predecessor-version":[{"id":30827,"href":"https:\/\/sindaopcpb.org.br\/index.php\/wp-json\/wp\/v2\/posts\/30826\/revisions\/30827"}],"wp:attachment":[{"href":"https:\/\/sindaopcpb.org.br\/index.php\/wp-json\/wp\/v2\/media?parent=30826"}],"wp:term":[{"taxonomy":"category","embeddable":true,"href":"https:\/\/sindaopcpb.org.br\/index.php\/wp-json\/wp\/v2\/categories?post=30826"},{"taxonomy":"post_tag","embeddable":true,"href":"https:\/\/sindaopcpb.org.br\/index.php\/wp-json\/wp\/v2\/tags?post=30826"}],"curies":[{"name":"wp","href":"https:\/\/api.w.org\/{rel}","templated":true}]}}