{"id":30824,"date":"2023-08-22T19:34:16","date_gmt":"2023-08-22T22:34:16","guid":{"rendered":"https:\/\/wpa.wscom.com.br\/?p=919280"},"modified":"2023-08-22T19:34:16","modified_gmt":"2023-08-22T22:34:16","slug":"ministro-do-stf-nega-mais-uma-vez-posse-de-marcio-roberto-na-alpb","status":"publish","type":"post","link":"https:\/\/sindaopcpb.org.br\/index.php\/2023\/08\/22\/ministro-do-stf-nega-mais-uma-vez-posse-de-marcio-roberto-na-alpb\/","title":{"rendered":"Ministro do STF nega mais uma vez posse de M\u00e1rcio Roberto na ALPB"},"content":{"rendered":"<p>O ministro Andr\u00e9 Mendon\u00e7a,\u00a0 do Supremo Tribunal Federal (STF), rejeitou nesta ter\u00e7a-feira (22) pedido do ex-deputado M\u00e1rcio Roberto (Republicanos) para ocupar o cargo na Assembleia Legislativa da Para\u00edba, que foi conquistado nas Elei\u00e7\u00f5es de 2022. O parlamentar enfrentou rejei\u00e7\u00f5es em todas as inst\u00e2ncias da Justi\u00e7a Eleitoral devido \u00e0 sua situa\u00e7\u00e3o enquadrada na Lei da Ficha Limpa.<\/p>\n<p>O recurso extraordin\u00e1rio apresentado ao STF buscava anular a decis\u00e3o do Tribunal Superior Eleitoral (TSE), que ratificou a impugna\u00e7\u00e3o do registro de sua candidatura determinada pelo Tribunal Regional Eleitoral da Para\u00edba. Isso ocorreu devido \u00e0 suspens\u00e3o de seus direitos pol\u00edticos no per\u00edodo de sua filia\u00e7\u00e3o partid\u00e1ria.<\/p>\n<p>O TSE tamb\u00e9m determinou a posse do suplente Jo\u00e3o Bosco Carneiro (Republicanos).<\/p>\n<p>M\u00e1rcio Roberto teve sua candidatura impugnada pelo Minist\u00e9rio P\u00fablico Eleitoral por causa das contas rejeitadas pelo Tribunal de Contas da Uni\u00e3o durante seu per\u00edodo como prefeito de S\u00e3o Bento, cidade localizada no sert\u00e3o paraibano.<\/p>\n<p>Roberto foi nomeado para o cargo de secret\u00e1rio de Articula\u00e7\u00e3o Pol\u00edtica no governo de Jo\u00e3o Azev\u00eado (PSB).<\/p>\n<p>O post <a rel=\"nofollow noopener\" href=\"https:\/\/wscom.com.br\/ministro-do-stf-nega-mais-uma-vez-posse-de-marcio-roberto-na-alpb\/\" target=\"_blank\">Ministro do STF nega mais uma vez posse de M\u00e1rcio Roberto na ALPB<\/a> apareceu primeiro em <a rel=\"nofollow noopener\" href=\"https:\/\/wscom.com.br\/\" target=\"_blank\">WSCOM<\/a>.<\/p>\n","protected":false},"excerpt":{"rendered":"<p>O ministro Andr\u00e9 Mendon\u00e7a,\u00a0 do Supremo Tribunal Federal (STF), rejeitou nesta ter\u00e7a-feira (22) pedido do ex-deputado M\u00e1rcio Roberto (Republicanos) para ocupar o cargo na Assembleia Legislativa da Para\u00edba, que foi conquistado nas Elei\u00e7\u00f5es de 2022. O parlamentar enfrentou rejei\u00e7\u00f5es em todas as inst\u00e2ncias da Justi\u00e7a Eleitoral devido \u00e0 sua situa\u00e7\u00e3o enquadrada na Lei da Ficha [\u2026]<\/p>\n<p>O post <a rel=\"nofollow\" href=\"https:\/\/wscom.com.br\/ministro-do-stf-nega-mais-uma-vez-posse-de-marcio-roberto-na-alpb\/\">Ministro do STF nega mais uma vez posse de M\u00e1rcio Roberto na ALPB<\/a> apareceu primeiro em <a rel=\"nofollow\" href=\"https:\/\/wscom.com.br\/\">WSCOM<\/a>.<\/p>\n","protected":false},"author":50,"featured_media":0,"comment_status":"closed","ping_status":"closed","sticky":false,"template":"","format":"standard","meta":{"advgb_blocks_editor_width":"","advgb_blocks_columns_visual_guide":"","footnotes":""},"categories":[34,2826,47,6257,449],"tags":[35],"class_list":["post-30824","post","type-post","status-publish","format-standard","hentry","category-g1","category-marcio","category-politica","category-roberto","category-stf","tag-g1"],"author_meta":{"display_name":"Wallyson","author_link":"https:\/\/sindaopcpb.org.br\/author\/wallyson\/"},"featured_img":null,"coauthors":[],"tax_additional":{"categories":{"linked":["<a href=\"https:\/\/sindaopcpb.org.br\/g1\/\" class=\"advgb-post-tax-term\">G1<\/a>","<a href=\"https:\/\/sindaopcpb.org.br\/marcio\/\" class=\"advgb-post-tax-term\">MARCIO<\/a>","<a href=\"https:\/\/sindaopcpb.org.br\/politica\/\" class=\"advgb-post-tax-term\">POLITICA<\/a>","<a href=\"https:\/\/sindaopcpb.org.br\/roberto\/\" class=\"advgb-post-tax-term\">roberto<\/a>","<a href=\"https:\/\/sindaopcpb.org.br\/stf\/\" class=\"advgb-post-tax-term\">STF<\/a>"],"unlinked":["<span class=\"advgb-post-tax-term\">G1<\/span>","<span class=\"advgb-post-tax-term\">MARCIO<\/span>","<span class=\"advgb-post-tax-term\">POLITICA<\/span>","<span class=\"advgb-post-tax-term\">roberto<\/span>","<span class=\"advgb-post-tax-term\">STF<\/span>"]},"tags":{"linked":["<a href=\"https:\/\/sindaopcpb.org.br\/stf\/\" class=\"advgb-post-tax-term\">g1<\/a>"],"unlinked":["<span class=\"advgb-post-tax-term\">g1<\/span>"]}},"comment_count":"0","relative_dates":{"created":"Publicado 3 anos atr\u00e1s","modified":"Atualizado 3 anos atr\u00e1s"},"absolute_dates":{"created":"Publicado em 22 de agosto de 2023","modified":"Atualizado em 22 de agosto de 2023"},"absolute_dates_time":{"created":"Publicado em 22 de agosto de 2023 19:34","modified":"Atualizado em 22 de agosto de 2023 19:34"},"featured_img_caption":"","series_order":"","_links":{"self":[{"href":"https:\/\/sindaopcpb.org.br\/index.php\/wp-json\/wp\/v2\/posts\/30824","targetHints":{"allow":["GET"]}}],"collection":[{"href":"https:\/\/sindaopcpb.org.br\/index.php\/wp-json\/wp\/v2\/posts"}],"about":[{"href":"https:\/\/sindaopcpb.org.br\/index.php\/wp-json\/wp\/v2\/types\/post"}],"author":[{"embeddable":true,"href":"https:\/\/sindaopcpb.org.br\/index.php\/wp-json\/wp\/v2\/users\/50"}],"replies":[{"embeddable":true,"href":"https:\/\/sindaopcpb.org.br\/index.php\/wp-json\/wp\/v2\/comments?post=30824"}],"version-history":[{"count":1,"href":"https:\/\/sindaopcpb.org.br\/index.php\/wp-json\/wp\/v2\/posts\/30824\/revisions"}],"predecessor-version":[{"id":30825,"href":"https:\/\/sindaopcpb.org.br\/index.php\/wp-json\/wp\/v2\/posts\/30824\/revisions\/30825"}],"wp:attachment":[{"href":"https:\/\/sindaopcpb.org.br\/index.php\/wp-json\/wp\/v2\/media?parent=30824"}],"wp:term":[{"taxonomy":"category","embeddable":true,"href":"https:\/\/sindaopcpb.org.br\/index.php\/wp-json\/wp\/v2\/categories?post=30824"},{"taxonomy":"post_tag","embeddable":true,"href":"https:\/\/sindaopcpb.org.br\/index.php\/wp-json\/wp\/v2\/tags?post=30824"}],"curies":[{"name":"wp","href":"https:\/\/api.w.org\/{rel}","templated":true}]}}