{"id":30810,"date":"2023-08-22T18:26:38","date_gmt":"2023-08-22T21:26:38","guid":{"rendered":"https:\/\/wpa.wscom.com.br\/?p=919256"},"modified":"2023-08-22T18:26:38","modified_gmt":"2023-08-22T21:26:38","slug":"marina-elali-e-maestro-eduardo-lages-celebram-o-rei-em-joao-pessoa","status":"publish","type":"post","link":"https:\/\/sindaopcpb.org.br\/index.php\/2023\/08\/22\/marina-elali-e-maestro-eduardo-lages-celebram-o-rei-em-joao-pessoa\/","title":{"rendered":"Marina Elali e maestro Eduardo Lages celebram o \u201cRei\u201d em Jo\u00e3o Pessoa"},"content":{"rendered":"<p style=\"font-weight: 400;\">Uma parceria entre dois artistas que amam o Roberto Carlos s\u00f3 poderia render um encontro bastante inspirado. No dia 25 de agosto, Jo\u00e3o Pessoa receber\u00e1 Eduardo Lages, maestro do rei h\u00e1 45 anos, e a cantora Marina Elali chegam com o show \u201cSucessos do Rei\u201d. A dupla lembrar\u00e1 grandes cl\u00e1ssicos, em apresenta\u00e7\u00e3o \u00fanica, \u00e0s 20h, no Teatro Paulo Pontes. Com ingressos a partir de R$ 60 podem ser adquiridos no site\u00a0<a href=\"mailto:https:\/\/www.ingressodigital.com\/evento\/9221\/Sucessos_do_Rei__Marina_Elali_e_Maestro_Eduardo_Lage\">Ingresso Digital<\/a>\u00a0ou na loja Via Mia (Liv Mall).<\/p>\n<p style=\"font-weight: 400;\">\n<p style=\"font-weight: 400;\">Com uma carreira de mais de quatro d\u00e9cadas, o maestro Eduardo Lages \u00e9 um dos grandes nomes da m\u00fasica brasileira e ficou conhecido por sua longa parceria com o Rei Roberto Carlos. E \u00e9 com essa experi\u00eancia e talento que ele apresenta o espet\u00e1culo \u201cSucessos do Rei\u201d, ao lado da voz potente de Marina Elali.<\/p>\n<p style=\"font-weight: 400;\">\n\u201cInterpretar os sucessos de Roberto Carlos, ao vivo e acompanhada por seu grande maestro, \u00e9 sempre m\u00e1gico para mim e para o p\u00fablico\u201d, comenta a cantora Marina Elali.<\/p>\n<p style=\"font-weight: 400;\">\n<p style=\"font-weight: 400;\">O repert\u00f3rio inclui cl\u00e1ssicos como \u201cOlha\u201d, \u201cAmor Perfeito\u201d, \u201cComo Vai Voc\u00ea\u201d, \u201c\u00c9 Preciso Saber Viver\u201d, \u201cComo \u00e9 Grande o Meu Amor Por Voc\u00ea\u201d e outros hinos marcantes da carreira de Roberto Carlos.<\/p>\n<p style=\"font-weight: 400;\">\n<p style=\"font-weight: 400;\">Ao montar o espet\u00e1culo, Lages sabia que a voz que daria vida \u00e0s can\u00e7\u00f5es precisava ser especial. \u201cQuando imaginei uma cantora para dividir comigo o palco e as m\u00fasicas do Roberto Carlos, lembrei logo da interpreta\u00e7\u00e3o de Marina Elali: assim nasceu este show\u201d, lembra o maestro.<\/p>\n<p style=\"font-weight: 400;\">\n<p style=\"font-weight: 400;\"><strong>\u00a0<\/strong><\/p>\n<p style=\"font-weight: 400;\"><strong>Sobre os artistas<\/strong><\/p>\n<p style=\"font-weight: 400;\"><strong>\u00a0<\/strong><\/p>\n<p style=\"font-weight: 400;\">Com uma carreira marcada por sucessos, Marina Elali \u00e9 uma das vozes mais consagradas do cen\u00e1rio musical brasileiro. Com um estilo musical que mescla a MPB com a m\u00fasica pop e rom\u00e2ntica, a cantora conquistou f\u00e3s em todo o pa\u00eds e j\u00e1 teve suas m\u00fasicas tocadas em diversas novelas e filmes nacionais.<\/p>\n<p style=\"font-weight: 400;\">\n<p style=\"font-weight: 400;\">J\u00e1 o maestro Eduardo Lages \u00e9 um dos pianistas mais renomados do Brasil, tendo sido respons\u00e1vel por arranjos e grava\u00e7\u00f5es de artistas como Elis Regina, Roberto Carlos e Tom Jobim. Com uma carreira de mais de 50 anos, o m\u00fasico j\u00e1 se apresentou em diversos pa\u00edses e \u00e9 um \u00edcone da m\u00fasica brasileira.<\/p>\n<p style=\"font-weight: 400;\">\n<h2><\/h2>\n<p style=\"font-weight: 400;\"><strong>Sucessos do Rei | Marina Elali e Maestro Eduardo Lages<\/strong><\/p>\n<p style=\"font-weight: 400;\">Data: 25 de agosto, sexta-feira<\/p>\n<p style=\"font-weight: 400;\">Local: Teatro Paulo Pontes<\/p>\n<p style=\"font-weight: 400;\">Hor\u00e1rio: 20h<\/p>\n<p style=\"font-weight: 400;\">Ingressos: A partir de R$ 60,00<\/p>\n<p style=\"font-weight: 400;\">Vendas online\u00a0\u00a0<a href=\"https:\/\/www.ingressodigital.com\/evento\/9221\/Sucessos_do_Rei__Marina_Elali_e_Maestro_Eduardo_Lage\" data-saferedirecturl=\"https:\/\/www.google.com\/url?q=https:\/\/www.ingressodigital.com\/evento\/9221\/Sucessos_do_Rei__Marina_Elali_e_Maestro_Eduardo_Lage&amp;source=gmail&amp;ust=1692810519631000&amp;usg=AOvVaw1wT7oiXT7H9QBVlxyKmeUp\" rel=\"nofollow noopener\" target=\"_blank\">https:\/\/www.ingressodigital.com\/evento\/9221\/Sucessos_do_Rei__Marina_Elali_e_Maestro_Eduardo_Lage<\/a>\u00a0\u00a0ou na Loja Via Mia do (Liv Mall)<\/p>\n<p style=\"font-weight: 400;\">Informa\u00e7\u00f5es: (83) 2177-2341<\/p>\n<p>O post <a rel=\"nofollow noopener\" href=\"https:\/\/wscom.com.br\/marina-elali-e-maestro-eduardo-lages-celebram-o-rei-em-joao-pessoa\/\" target=\"_blank\">Marina Elali e maestro Eduardo Lages celebram o \u201cRei\u201d em Jo\u00e3o Pessoa<\/a> apareceu primeiro em <a rel=\"nofollow noopener\" href=\"https:\/\/wscom.com.br\/\" target=\"_blank\">WSCOM<\/a>.<\/p>\n","protected":false},"excerpt":{"rendered":"<p>Uma parceria entre dois artistas que amam o Roberto Carlos s\u00f3 poderia render um encontro bastante inspirado. No dia 25 de agosto, Jo\u00e3o Pessoa receber\u00e1 Eduardo Lages, maestro do rei h\u00e1 45 anos, e a cantora Marina Elali chegam com o show \u201cSucessos do Rei\u201d. A dupla lembrar\u00e1 grandes cl\u00e1ssicos, em apresenta\u00e7\u00e3o \u00fanica, \u00e0s 20h, [\u2026]<\/p>\n<p>O post <a rel=\"nofollow\" href=\"https:\/\/wscom.com.br\/marina-elali-e-maestro-eduardo-lages-celebram-o-rei-em-joao-pessoa\/\">Marina Elali e maestro Eduardo Lages celebram o \u201cRei\u201d em Jo\u00e3o Pessoa<\/a> apareceu primeiro em <a rel=\"nofollow\" href=\"https:\/\/wscom.com.br\/\">WSCOM<\/a>.<\/p>\n","protected":false},"author":49,"featured_media":0,"comment_status":"closed","ping_status":"closed","sticky":false,"template":"","format":"standard","meta":{"advgb_blocks_editor_width":"","advgb_blocks_columns_visual_guide":"","footnotes":""},"categories":[8050,34,8051,302,8052],"tags":[35],"class_list":["post-30810","post","type-post","status-publish","format-standard","hentry","category-cantora-marina-elali","category-g1","category-maestro-eduardo-lages","category-musica","category-rei-roberto-carlos","tag-g1"],"author_meta":{"display_name":"Cristiane Cavalcante","author_link":"https:\/\/sindaopcpb.org.br\/author\/cristiane-cavalcante\/"},"featured_img":null,"coauthors":[],"tax_additional":{"categories":{"linked":["<a href=\"https:\/\/sindaopcpb.org.br\/cantora-marina-elali\/\" class=\"advgb-post-tax-term\">cantora Marina Elali<\/a>","<a href=\"https:\/\/sindaopcpb.org.br\/g1\/\" class=\"advgb-post-tax-term\">G1<\/a>","<a href=\"https:\/\/sindaopcpb.org.br\/maestro-eduardo-lages\/\" class=\"advgb-post-tax-term\">maestro Eduardo Lages<\/a>","<a href=\"https:\/\/sindaopcpb.org.br\/musica\/\" class=\"advgb-post-tax-term\">M\u00fasica<\/a>","<a href=\"https:\/\/sindaopcpb.org.br\/rei-roberto-carlos\/\" class=\"advgb-post-tax-term\">Rei Roberto Carlos<\/a>"],"unlinked":["<span class=\"advgb-post-tax-term\">cantora Marina Elali<\/span>","<span class=\"advgb-post-tax-term\">G1<\/span>","<span class=\"advgb-post-tax-term\">maestro Eduardo Lages<\/span>","<span class=\"advgb-post-tax-term\">M\u00fasica<\/span>","<span class=\"advgb-post-tax-term\">Rei Roberto Carlos<\/span>"]},"tags":{"linked":["<a href=\"https:\/\/sindaopcpb.org.br\/rei-roberto-carlos\/\" class=\"advgb-post-tax-term\">g1<\/a>"],"unlinked":["<span class=\"advgb-post-tax-term\">g1<\/span>"]}},"comment_count":"0","relative_dates":{"created":"Publicado 3 anos atr\u00e1s","modified":"Atualizado 3 anos atr\u00e1s"},"absolute_dates":{"created":"Publicado em 22 de agosto de 2023","modified":"Atualizado em 22 de agosto de 2023"},"absolute_dates_time":{"created":"Publicado em 22 de agosto de 2023 18:26","modified":"Atualizado em 22 de agosto de 2023 18:26"},"featured_img_caption":"","series_order":"","_links":{"self":[{"href":"https:\/\/sindaopcpb.org.br\/index.php\/wp-json\/wp\/v2\/posts\/30810","targetHints":{"allow":["GET"]}}],"collection":[{"href":"https:\/\/sindaopcpb.org.br\/index.php\/wp-json\/wp\/v2\/posts"}],"about":[{"href":"https:\/\/sindaopcpb.org.br\/index.php\/wp-json\/wp\/v2\/types\/post"}],"author":[{"embeddable":true,"href":"https:\/\/sindaopcpb.org.br\/index.php\/wp-json\/wp\/v2\/users\/49"}],"replies":[{"embeddable":true,"href":"https:\/\/sindaopcpb.org.br\/index.php\/wp-json\/wp\/v2\/comments?post=30810"}],"version-history":[{"count":1,"href":"https:\/\/sindaopcpb.org.br\/index.php\/wp-json\/wp\/v2\/posts\/30810\/revisions"}],"predecessor-version":[{"id":30811,"href":"https:\/\/sindaopcpb.org.br\/index.php\/wp-json\/wp\/v2\/posts\/30810\/revisions\/30811"}],"wp:attachment":[{"href":"https:\/\/sindaopcpb.org.br\/index.php\/wp-json\/wp\/v2\/media?parent=30810"}],"wp:term":[{"taxonomy":"category","embeddable":true,"href":"https:\/\/sindaopcpb.org.br\/index.php\/wp-json\/wp\/v2\/categories?post=30810"},{"taxonomy":"post_tag","embeddable":true,"href":"https:\/\/sindaopcpb.org.br\/index.php\/wp-json\/wp\/v2\/tags?post=30810"}],"curies":[{"name":"wp","href":"https:\/\/api.w.org\/{rel}","templated":true}]}}