{"id":30808,"date":"2023-08-22T16:53:40","date_gmt":"2023-08-22T19:53:40","guid":{"rendered":"https:\/\/g1.globo.com\/pb\/paraiba\/noticia\/2023\/08\/22\/inmet-emite-alerta-amarelo-de-onda-de-calor-para-54-cidades-da-paraiba.ghtml"},"modified":"2023-08-22T16:53:40","modified_gmt":"2023-08-22T19:53:40","slug":"inmet-emite-alerta-amarelo-de-onda-de-calor-para-54-cidades-da-paraiba","status":"publish","type":"post","link":"https:\/\/sindaopcpb.org.br\/index.php\/2023\/08\/22\/inmet-emite-alerta-amarelo-de-onda-de-calor-para-54-cidades-da-paraiba\/","title":{"rendered":"Inmet emite alerta amarelo de onda de calor para 54 cidades da Para\u00edba"},"content":{"rendered":"   <img src=\"https:\/\/s2.glbimg.com\/wmv1Y1dDce5KH9Xyv2OZDHIszbY=\/i.s3.glbimg.com\/v1\/AUTH_59edd422c0c84a879bd37670ae4f538a\/internal_photos\/bs\/2023\/t\/G\/JVJcRcRqOeaB1XQN87MQ\/alerta-amarelo-onda-de-calor-22082023.png\" \/><br \/>     Temperaturas podem ficar 5\u00b0C acima da m\u00e9dia por um per\u00edodo de dois at\u00e9 tr\u00eas dias. \n Inmet emite alerta amarelo de onda de calor para 54 cidades da Para\u00edba.\nFoto: divulga\u00e7\u00e3o\/Inmet.\nO Instituto Nacional de Meteorologia (Inmet) emitiu um alerta amarelo de perigo potencial para onda de calor para 54 munic\u00edpios da Para\u00edba (confira lista de cidades afetadas abaixo). O alerta foi divulgado na tarde desta ter\u00e7a-feira (22) e vale at\u00e9 a quinta (24).\nDe acordo com o Inmet, as temperaturas podem ficar 5\u00b0C acima da m\u00e9dia durante o per\u00edodo de validade do alerta.\n\nAs cidades em alerta est\u00e3o localizadas na regi\u00e3o do Sert\u00e3o paraibano. A onda de calor representa um leve risco \u00e0 sa\u00fade da popula\u00e7\u00e3o destas localidades.\n\nNesses casos, o Instituto recomenda entrar em contato com:\nDefesa Civil (telefone: 199); e\nCorpo de Bombeiros (telefone 193).\nMunic\u00edpios em alerta amarelo de onda de calor\nAguiar\nAparecida\nBel\u00e9m do Brejo do Cruz\nBernardino Batista\nBoa Ventura\nBom Jesus\nBom Sucesso\nBonito de Santa F\u00e9\nBrejo do Cruz\nBrejo dos Santos\nCachoeira dos \u00cdndios\nCajazeiras\nCajazeirinhas\nCarrapateira\nCatol\u00e9 do Rocha\nConcei\u00e7\u00e3o\nCoremas\nCurral Velho\nDiamante\nIbiara\nIgaracy\nItaporanga\nJeric\u00f3\nJoca Claudino\nLagoa\nLastro\nMariz\u00f3polis\nMato Grosso\nMonte Horebe\nNazarezinho\nNova Olinda\nPaulista\nPedra Branca\nPianc\u00f3\nPo\u00e7o Dantas\nPo\u00e7o de Jos\u00e9 de Moura\nPombal\nRiacho dos Cavalos\nSanta Cruz\nSanta Helena\nSanta In\u00eas\nSantana de Mangueira\nSantana dos Garrotes\nS\u00e3o Domingos\nS\u00e3o Francisco\nS\u00e3o Jo\u00e3o do Rio do Peixe\nS\u00e3o Jos\u00e9 da Lagoa Tapada\nS\u00e3o Jos\u00e9 de Caiana\nS\u00e3o Jos\u00e9 de Piranhas\nSerra Grande\nSousa\nTriunfo\nUira\u00fana\nVieir\u00f3polis\nV\u00eddeos mais assistidos do g1 Para\u00edba  ","protected":false},"excerpt":{"rendered":"<p>        Temperaturas podem ficar 5\u00b0C acima da m\u00e9dia por um per\u00edodo de dois at\u00e9 tr\u00eas dias.<br \/>\n Inmet emite alerta amarelo de onda de calor para 54 cidades da Para\u00edba.<br \/>\nFoto: divulga\u00e7\u00e3o\/Inmet.<br \/>\nO Instituto Nacional de Meteorologia (Inmet) emitiu um alerta am&#8230;<\/p>\n","protected":false},"author":2,"featured_media":0,"comment_status":"closed","ping_status":"closed","sticky":false,"template":"","format":"standard","meta":{"advgb_blocks_editor_width":"","advgb_blocks_columns_visual_guide":"","footnotes":""},"categories":[34],"tags":[35],"class_list":["post-30808","post","type-post","status-publish","format-standard","hentry","category-g1","tag-g1"],"author_meta":{"display_name":"g1 &gt; Para\u00edba","author_link":"https:\/\/sindaopcpb.org.br\/author\/g1-paraiba\/"},"featured_img":null,"coauthors":[],"tax_additional":{"categories":{"linked":["<a href=\"https:\/\/sindaopcpb.org.br\/g1\/\" class=\"advgb-post-tax-term\">G1<\/a>"],"unlinked":["<span class=\"advgb-post-tax-term\">G1<\/span>"]},"tags":{"linked":["<a href=\"https:\/\/sindaopcpb.org.br\/g1\/\" class=\"advgb-post-tax-term\">g1<\/a>"],"unlinked":["<span class=\"advgb-post-tax-term\">g1<\/span>"]}},"comment_count":"0","relative_dates":{"created":"Publicado 3 anos atr\u00e1s","modified":"Atualizado 3 anos atr\u00e1s"},"absolute_dates":{"created":"Publicado em 22 de agosto de 2023","modified":"Atualizado em 22 de agosto de 2023"},"absolute_dates_time":{"created":"Publicado em 22 de agosto de 2023 16:53","modified":"Atualizado em 22 de agosto de 2023 16:53"},"featured_img_caption":"","series_order":"","_links":{"self":[{"href":"https:\/\/sindaopcpb.org.br\/index.php\/wp-json\/wp\/v2\/posts\/30808","targetHints":{"allow":["GET"]}}],"collection":[{"href":"https:\/\/sindaopcpb.org.br\/index.php\/wp-json\/wp\/v2\/posts"}],"about":[{"href":"https:\/\/sindaopcpb.org.br\/index.php\/wp-json\/wp\/v2\/types\/post"}],"author":[{"embeddable":true,"href":"https:\/\/sindaopcpb.org.br\/index.php\/wp-json\/wp\/v2\/users\/2"}],"replies":[{"embeddable":true,"href":"https:\/\/sindaopcpb.org.br\/index.php\/wp-json\/wp\/v2\/comments?post=30808"}],"version-history":[{"count":1,"href":"https:\/\/sindaopcpb.org.br\/index.php\/wp-json\/wp\/v2\/posts\/30808\/revisions"}],"predecessor-version":[{"id":30809,"href":"https:\/\/sindaopcpb.org.br\/index.php\/wp-json\/wp\/v2\/posts\/30808\/revisions\/30809"}],"wp:attachment":[{"href":"https:\/\/sindaopcpb.org.br\/index.php\/wp-json\/wp\/v2\/media?parent=30808"}],"wp:term":[{"taxonomy":"category","embeddable":true,"href":"https:\/\/sindaopcpb.org.br\/index.php\/wp-json\/wp\/v2\/categories?post=30808"},{"taxonomy":"post_tag","embeddable":true,"href":"https:\/\/sindaopcpb.org.br\/index.php\/wp-json\/wp\/v2\/tags?post=30808"}],"curies":[{"name":"wp","href":"https:\/\/api.w.org\/{rel}","templated":true}]}}