{"id":30782,"date":"2023-08-22T14:20:15","date_gmt":"2023-08-22T17:20:15","guid":{"rendered":"https:\/\/www.infomoney.com.br\/?p=2222517"},"modified":"2023-08-22T14:20:15","modified_gmt":"2023-08-22T17:20:15","slug":"candidato-libertario-javier-milei-lidera-pesquisas-e-governista-sergio-massa-conversa-com-o-fmi","status":"publish","type":"post","link":"https:\/\/sindaopcpb.org.br\/index.php\/2023\/08\/22\/candidato-libertario-javier-milei-lidera-pesquisas-e-governista-sergio-massa-conversa-com-o-fmi\/","title":{"rendered":"Candidato libert\u00e1rio Javier Milei lidera pesquisas e governista Sergio Massa conversa com o FMI"},"content":{"rendered":"<p><img loading=\"lazy\" width=\"300\" height=\"200\" src=\"https:\/\/www.infomoney.com.br\/wp-content\/uploads\/2023\/08\/GettyImages-1498579790.jpg?fit=300%2C200&amp;quality=70&amp;strip=all\" class=\"attachment-medium size-medium wp-post-image\" alt=\"Javier Milei\" decoding=\"async\" style=\"float:right; margin:0 0 10px 10px;\" srcset=\"https:\/\/www.infomoney.com.br\/wp-content\/uploads\/2023\/08\/GettyImages-1498579790.jpg?w=594&amp;quality=70&amp;strip=all 594w, https:\/\/www.infomoney.com.br\/wp-content\/uploads\/2023\/08\/GettyImages-1498579790.jpg?w=300&amp;quality=70&amp;strip=all 300w, https:\/\/www.infomoney.com.br\/wp-content\/uploads\/2023\/08\/GettyImages-1498579790.jpg?w=150&amp;quality=70&amp;strip=all 150w\" sizes=\"auto, (max-width: 300px) 100vw, 300px\" data-attachment-id=\"2214592\" data-permalink=\"https:\/\/www.infomoney.com.br\/javier-milei-presidential-campaign\/\" data-orig-file=\"https:\/\/www.infomoney.com.br\/wp-content\/uploads\/2023\/08\/GettyImages-1498579790.jpg?fit=594%2C396&amp;quality=70&amp;strip=all\" data-orig-size=\"594,396\" data-comments-opened=\"0\" data-image-meta=\"{&quot;aperture&quot;:&quot;2.8&quot;,&quot;credit&quot;:&quot;Getty Images&quot;,&quot;camera&quot;:&quot;Canon EOS R6&quot;,&quot;caption&quot;:&quot;BUENOS AIRES, ARGENTINA - JUNE 14: Presidential Candidate of La Libertad Avanza Javier Milei gestures during an interview in the political TV show A Dos Voces on June 14, 2023 in Buenos Aires, Argentina. Argentina&#039;s presidential election will take place on October 22, 2023. (Photo by Tomas Cuesta\\\/Getty Images)&quot;,&quot;created_timestamp&quot;:&quot;1686783899&quot;,&quot;copyright&quot;:&quot;2023 Getty Images&quot;,&quot;focal_length&quot;:&quot;200&quot;,&quot;iso&quot;:&quot;800&quot;,&quot;shutter_speed&quot;:&quot;0.0025&quot;,&quot;title&quot;:&quot;Javier Milei Presidential Campaign&quot;,&quot;orientation&quot;:&quot;0&quot;}\" data-image-title=\"Javier Milei Presidential Campaign\" data-image-description=\"\" data-image-caption=\"&lt;p&gt;Javier Milei, economista e candidato \u00e0 presid\u00eancia da Argentina (Foto: Tomas Cuesta\/Getty Images&lt;\/p&gt;\n\" data-medium-file=\"https:\/\/www.infomoney.com.br\/wp-content\/uploads\/2023\/08\/GettyImages-1498579790.jpg?fit=300%2C200&amp;quality=70&amp;strip=all\" data-large-file=\"https:\/\/www.infomoney.com.br\/wp-content\/uploads\/2023\/08\/GettyImages-1498579790.jpg?fit=594%2C396&amp;quality=70&amp;strip=all\" title=\"\"><\/p>\n<p><iframe loading=\"lazy\" class=\"youtube-player\" width=\"640\" height=\"360\" src=\"https:\/\/www.youtube.com\/embed\/bCaAWavv6jM?version=3&amp;rel=1&amp;showsearch=0&amp;showinfo=1&amp;iv_load_policy=1&amp;fs=1&amp;hl=pt-BR&amp;autohide=2&amp;wmode=transparent\" allowfullscreen=\"true\" style=\"border:0;\" sandbox=\"allow-scripts allow-same-origin allow-popups allow-presentation\"><\/iframe><\/p>\n<p>Javier Milei, o economista candidato de direita &agrave; presid&ecirc;ncia da Argentina, da coaliza&ccedil;&atilde;o &ldquo;La Libertad Avan&ccedil;a&rdquo; lidera as &uacute;ltimas pesquisas de inten&ccedil;&atilde;o de votos, segundo informou o jornal <em>Clar&iacute;n<\/em>. Ele ainda n&atilde;o conquista uma maioria de 40% das prefer&ecirc;ncias que evitaria uma vit&oacute;ria j&aacute; no primeiro turno, em 22 de outubro, mas tem boa vantagem sobre o ministro da Economia, Sergio Massa, da coliga&ccedil;&atilde;o &ldquo;Uni&oacute;n por La Patria&rdquo;, e sobre a pleiteante de centro-direita Patricia Bullrich, da coliga&ccedil;&atilde;o &ldquo;Juntos por El Cambio&rdquo;.<\/p>\n<p>Por enquanto, o mercado cambial argentino se acomodou, ap&oacute;s a forte volatilidade da semana passada. A cota&ccedil;&atilde;o o &ldquo;d&oacute;lar blue&rdquo;, a principal do mercado paralelo e a mais utilizada pela popula&ccedil;&atilde;o, est&aacute; em 720 pesos por unidade, ap&oacute;s chegar perto de 800 na semana passada.<\/p>\n<p>Pela pesquisa da CB Consultoria de Opini&atilde;o P&uacute;blica divulgada em 17 de agosto, Milei est&aacute; com 32,3% das inten&ccedil;&otilde;es, ante 28,1% de Massa e 25,3% de Bullrich. J&aacute; pela DC Consultores, Mieli tem 34%, Bullrich est&aacute; com 24,7% e Massa figura em terceiro lugar, com 23,1%. Essa enquete aponta que h&aacute; 15% de indecisos.<\/p>\n<p>Pelo levantamento do Observat&oacute;rio de Psicologia Social Aplicada (OPSA), que s&oacute; considerou as pessoas que disseram ter votado nas pr&eacute;vias do PASO, Milei &eacute; favorito, com 38,5% das inten&ccedil;&otilde;es de votos, Massa tem 32,3% e Bullrich est&aacute; com 23,7%. Uma outra consultoria citada pelo <em>Clar&iacute;n<\/em>, que pediu para seu nome n&atilde;o ser divulgado, mostrou Milei tamb&eacute;m com vantagem folgada (38,6%), seguido por Massa (31,9%) e com Bullrich mais afastada (19,6%).<\/p>\n<div class=\"cta-middle\">\n<div class=\"im-cta bg-light bg-opacity-25 border rounded-4 p-3 p-sm-4 p-md-3 p-lg-4 px-xxl-5 my-5\" >\n<div class=\"d-flex flex-column align-items-center align-items-lg-start mb-4 flex-lg-row\">\n<div class=\"rounded-circle mb-2 mb-lg-0 mr-lg-4 me-lg-4 p-3 p-lg-4 bg-indigo-400\"><svg width=\"40\" height=\"40\" viewBox=\"0 0 40 40\" fill=\"none\" xmlns=\"http:\/\/www.w3.org\/2000\/svg\"><path d=\"m18.125 29.917-5.25-5.209 1.333-1.291 3.917 3.833 7.5-7.542 1.333 1.375-8.833 8.834ZM8.25 35.833a2.328 2.328 0 0 1-1.708-.708 2.328 2.328 0 0 1-.709-1.708V9.292c0-.64.236-1.202.709-1.688a2.295 2.295 0 0 1 1.708-.73h3.083V3.959h2.084v2.917h13.25V3.958h2.041v2.917h3.042c.667 0 1.236.243 1.708.73.473.485.709 1.048.709 1.687v24.125c0 .666-.236 1.236-.709 1.708a2.328 2.328 0 0 1-1.708.708H8.25Zm0-1.875h23.5a.518.518 0 0 0 .375-.166.518.518 0 0 0 .167-.375V16.875H7.708v16.542c0 .139.056.264.167.375a.518.518 0 0 0 .375.166ZM7.708 15h24.584V9.292a.454.454 0 0 0-.167-.355.555.555 0 0 0-.375-.145H8.25a.555.555 0 0 0-.375.145.454.454 0 0 0-.167.355V15Z\" fill=\"#fff\"\/><\/svg><\/div>\n<div class=\"flex-fill text-center text-lg-left\">\n<div class=\"h6 small text-orange-700 lh-base mb-1\">Oferta Exclusiva<\/div>\n<div class=\"text-body h4 m-0\">CDB 230% do CDI<\/div>\n<div class=\"text-body small lh-base mt-2\">INVISTA COMO UM EXPERT: aproveite o CDB exclusivo que rende mais que o dobro da poupan&ccedil;a com liquidez di&aacute;ria!<\/div>\n<\/div>\n<\/div>\n<div class=\"im-shortcode-forms-v2\" data-component-type=\"multiformBootstrapV2\" data-configuracao='{\"id\":\"2221493\",\"optimize_id\":\"\",\"nome\":false,\"titulo\":\"CDB 230% do CDI\",\"icone\":\"event\",\"chapeu\":\"Oferta Exclusiva\",\"email\":true,\"telefone\":false,\"cpf\":false,\"campanha\":\"CDB-230\",\"LancamentoID\":\"171\",\"thankYouUrl\":\"\",\"idJorney\":\"APIEvent-b0235218-3cf4-b528-cda3-49edf889d55c\",\"idDE\":\"\",\"botaoLabel\":\"APROVEITAR AGORA\",\"contextSegment\":\"Newsletter\",\"urlOrigem\":\"https:\\\/\\\/www.infomoney.com.br\\\/economia\\\/candidato-libertario-javier-milei-lidera-pesquisas-e-governista-sergio-massa-conversa-com-o-fmi\\\/?utm_medium=materia&#038;utm_source=infomoney&#038;utm_campaign=CDB230-202308-XP-inscricao&#038;utm_term=economia&#038;utm_content=cdb\",\"openBlank\":true,\"gaPosition\":\"meio\",\"gaCategory\":\"cta_form\",\"useCaptacaoLead\":true,\"dataUTM\":{\"utmMedium\":\"materia\",\"utmSource\":\"infomoney\",\"utmCampaign\":\"CDB230-202308-XP-inscricao\",\"utmTerm\":\"economia\",\"utmContent\":\"cdb\"}}'><\/div>\n<\/p><\/div>\n<\/div>\n<p>Enquanto segue a campanha, os candidatos tentam mostrar que est&atilde;o preparados para comandar um pa&iacute;s com infla&ccedil;&atilde;o de mais de 100% em 12 meses, escassez de reservas cambiais e com extremas dificuldades em cumprir exig&ecirc;ncias de um acordo com o Fundo Monet&aacute;rio Internacional (FMI).<\/p>\n<p>Massa, por exemplo, est&aacute; em Washington nesta ter&ccedil;a-feira (22), negociando para receber o desembolso US$ 7,5 bilh&otilde;es prometido para amanh&atilde;, ap&oacute;s uma longa negocia&ccedil;&atilde;o fechada no in&iacute;cio do m&ecirc;s e que trouxe novas exig&ecirc;ncias, como uma desvaloriza&ccedil;&atilde;o de mais de 20% na moeda argentina, medida adotada na semana passada, logo ap&oacute;s as pr&eacute;vias que colocaram Milei como favorito.<\/p>\n<p>O ministro tem negociado com os setores produtivos e com varejistas de v&aacute;rios segmentos para evitar que seja feito um repasse total dessa desvaloriza&ccedil;&atilde;o para os pre&ccedil;os dos artigos mais essenciais. Na viagem aos Estados Unidos, ele tamb&eacute;m vai tentar junto a organiza&ccedil;&otilde;es como o &nbsp;BID e o Banco Mundial levantar fundos para obras p&uacute;blicas, informou o jornal <em>Ambito<\/em> <em>Financiero<\/em>.<\/p>\n<p>J&aacute; Milei, tem tentado mostrar um lado mais negociador&nbsp; e conciliador, mesmo ap&oacute;s entrevistas em que refor&ccedil;ou sua inten&ccedil;&atilde;o de realizar uma dolariza&ccedil;&atilde;o plena da economia argentina, abandonando o peso, e retirar do Banco Central a prerrogativa da pol&iacute;tica monet&aacute;ria.<\/p>\n<p>Ele fez uma reuni&atilde;o por v&iacute;deo com o FMI na semana passada e se prepara para apresentar seu programa de governo para os maiores empres&aacute;rios do pa&iacute;s na confer&ecirc;ncia do Conselho das Am&eacute;ricas na pr&oacute;xima quinta-feira (24).<\/p>\n<p>J&aacute; Bullrich est&aacute; tentando atrair os 30% de argentinos aptos a votar que n&atilde;o foram &agrave;s urnas nas pr&eacute;vias, cerca de 11 milh&otilde;es de eleitores. Para isso, ela tem intensificado sua campanha junto aos candidatos da coliga&ccedil;&atilde;o que est&atilde;o nas disputas regionais em prov&iacute;ncias como Buenos Aires, Santa Fe, Mendoza, San Juan e Jujuy.<\/p>\n<\/p>\n<div class=\"cta-end\">\n<div class=\"im-cta\" >\n<div class=\"im-shortcode-forms bg-light bg-opacity-25 border rounded-4 p-3 p-sm-4 p-md-3 p-lg-4 px-xxl-5 my-5\" data-configuration='{\"form_name\":false,\"form_hat\":\"Newsletter\",\"form_email\":true,\"form_icon\":\"newsletter\",\"form_phone\":false,\"form_campaign\":\"NIM\",\"form_thankyou\":\"\",\"form_journey\":\"APIEvent-26a5198d-8e09-06ef-5f80-cd9127757ad1\",\"form_button\":\"Quero receber\",\"form_context\":\"newsletter\",\"form_origin\":\"https:\\\/\\\/www.infomoney.com.br\\\/politica\\\/feed\\\/?utm_medium=materia&#038;utm_source=infomoney&#038;utm_campaign=NIM&#038;utm_term=economia&#038;utm_content=newsletter\",\"form_position\":\"final\",\"form_category\":\"cta_form\"}'>\n<div class=\"d-flex flex-column align-items-center align-items-lg-start mb-4 flex-lg-row\">\n<div class=\"rounded-circle mb-2 mb-lg-0 mr-lg-4 me-lg-4 p-3 p-lg-4 bg-blue-400\"><svg width=\"40\" height=\"40\" viewBox=\"0 0 40 40\" fill=\"none\" xmlns=\"http:\/\/www.w3.org\/2000\/svg\"><path d=\"M20 20.25 6.042 11.042v19.041c0 .167.048.299.146.396a.535.535 0 0 0 .395.146h15.792V32.5H6.583a2.328 2.328 0 0 1-1.708-.708 2.328 2.328 0 0 1-.708-1.709V9.917c0-.667.236-1.236.708-1.709A2.328 2.328 0 0 1 6.583 7.5h26.834c.666 0 1.236.236 1.708.708a2.33 2.33 0 0 1 .708 1.709v12.458h-1.875V11.042L20 20.25Zm0-2 13.667-8.875H6.333L20 18.25Zm11.75 18.958-1.292-1.333 3.334-3.375h-9v-1.875h9l-3.375-3.417 1.333-1.291 5.667 5.625-5.667 5.666ZM6.042 11.042v20.791-9.458.25-13.25 1.667Z\" fill=\"#fff\"\/><\/svg><\/div>\n<div class=\"flex-fill text-center text-lg-left\">\n<div class=\"h6 small text-orange-700 lh-base mb-1\">Newsletter<\/div>\n<div class=\"text-body h4 m-0\">Infomorning<\/div>\n<div class=\"text-body small lh-base mt-2\">Receba no seu e-mail logo pela manh&atilde; as not&iacute;cias que v&atilde;o mexer com os mercados, com os seus investimentos e o seu bolso durante o dia<\/div>\n<\/div>\n<\/div>\n<\/div>\n<\/div>\n<\/div>\n<p>The post <a rel=\"nofollow noopener\" href=\"https:\/\/www.infomoney.com.br\/economia\/candidato-libertario-javier-milei-lidera-pesquisas-e-governista-sergio-massa-conversa-com-o-fmi\/\" target=\"_blank\">Candidato libert\u00e1rio Javier Milei lidera pesquisas e governista Sergio Massa conversa com o FMI<\/a> appeared first on <a rel=\"nofollow noopener\" href=\"https:\/\/www.infomoney.com.br\/\" target=\"_blank\">InfoMoney<\/a>.<\/p>\n","protected":false},"excerpt":{"rendered":"<p><img loading=\"lazy\" decoding=\"async\" width=\"300\" height=\"200\" src=\"https:\/\/www.infomoney.com.br\/wp-content\/uploads\/2023\/08\/GettyImages-1498579790.jpg?fit=300%2C200&amp;quality=70&amp;strip=all\" class=\"attachment-medium size-medium wp-post-image\" alt=\"Javier Milei\" data-attachment-id=\"2214592\" data-permalink=\"https:\/\/www.infomoney.com.br\/javier-milei-presidential-campaign\/\" data-orig-file=\"https:\/\/www.infomoney.com.br\/wp-content\/uploads\/2023\/08\/GettyImages-1498579790.jpg?fit=594%2C396&amp;quality=70&amp;strip=all\" data-orig-size=\"594,396\" data-comments-opened=\"0\" data-image-meta=\"{&quot;aperture&quot;:&quot;2.8&quot;,&quot;credit&quot;:&quot;Getty Images&quot;,&quot;camera&quot;:&quot;Canon EOS R6&quot;,&quot;caption&quot;:&quot;BUENOS AIRES, ARGENTINA - JUNE 14: Presidential Candidate of La Libertad Avanza Javier Milei gestures during an interview in the political TV show A Dos Voces on June 14, 2023 in Buenos Aires, Argentina. Argentina's presidential election will take place on October 22, 2023. (Photo by Tomas Cuesta\\\/Getty Images)&quot;,&quot;created_timestamp&quot;:&quot;1686783899&quot;,&quot;copyright&quot;:&quot;2023 Getty Images&quot;,&quot;focal_length&quot;:&quot;200&quot;,&quot;iso&quot;:&quot;800&quot;,&quot;shutter_speed&quot;:&quot;0.0025&quot;,&quot;title&quot;:&quot;Javier Milei Presidential Campaign&quot;,&quot;orientation&quot;:&quot;0&quot;}\" data-image-title=\"Javier Milei Presidential Campaign\" data-image-description=\"\" data-image-caption=\"&lt;p&gt;Javier Milei, economista e candidato \u00e0 presid\u00eancia da Argentina (Foto: Tomas Cuesta\/Getty Images&lt;\/p&gt;\n\" data-medium-file=\"https:\/\/www.infomoney.com.br\/wp-content\/uploads\/2023\/08\/GettyImages-1498579790.jpg?fit=300%2C200&amp;quality=70&amp;strip=all\" data-large-file=\"https:\/\/www.infomoney.com.br\/wp-content\/uploads\/2023\/08\/GettyImages-1498579790.jpg?fit=594%2C396&amp;quality=70&amp;strip=all\">Em meio \u00e0 disputa eleitoral, &#8220;d\u00f3lar blue&#8221; se estabiliza em 720 pesos, ap\u00f3s forte alta observada na semana passada<\/p>\n<p>The post <a rel=\"nofollow\" href=\"https:\/\/www.infomoney.com.br\/economia\/candidato-libertario-javier-milei-lidera-pesquisas-e-governista-sergio-massa-conversa-com-o-fmi\/\">Candidato libert\u00e1rio Javier Milei lidera pesquisas e governista Sergio Massa conversa com o FMI<\/a> appeared first on <a rel=\"nofollow\" href=\"https:\/\/www.infomoney.com.br\/\">InfoMoney<\/a>.<\/p>\n","protected":false},"author":57,"featured_media":0,"comment_status":"closed","ping_status":"closed","sticky":false,"template":"","format":"standard","meta":{"advgb_blocks_editor_width":"","advgb_blocks_columns_visual_guide":"","footnotes":""},"categories":[1386,8034,8035,69,34,7734,127,8036,47,8037],"tags":[35],"class_list":["post-30782","post","type-post","status-publish","format-standard","hentry","category-argentina","category-crise-na-argentina","category-dolar-blue","category-economia","category-g1","category-javier-milei","category-mercados","category-patricia-bullrich","category-politica","category-sergio-massa","tag-g1"],"author_meta":{"display_name":"Roberto de Lira","author_link":"https:\/\/sindaopcpb.org.br\/author\/roberto-de-lira\/"},"featured_img":null,"coauthors":[],"tax_additional":{"categories":{"linked":["<a href=\"https:\/\/sindaopcpb.org.br\/argentina\/\" class=\"advgb-post-tax-term\">Argentina<\/a>","<a href=\"https:\/\/sindaopcpb.org.br\/crise-na-argentina\/\" class=\"advgb-post-tax-term\">Crise na Argentina<\/a>","<a href=\"https:\/\/sindaopcpb.org.br\/dolar-blue\/\" class=\"advgb-post-tax-term\">D\u00f3lar Blue<\/a>","<a href=\"https:\/\/sindaopcpb.org.br\/economia\/\" class=\"advgb-post-tax-term\">Economia<\/a>","<a href=\"https:\/\/sindaopcpb.org.br\/g1\/\" class=\"advgb-post-tax-term\">G1<\/a>","<a href=\"https:\/\/sindaopcpb.org.br\/javier-milei\/\" class=\"advgb-post-tax-term\">Javier Milei<\/a>","<a href=\"https:\/\/sindaopcpb.org.br\/mercados\/\" class=\"advgb-post-tax-term\">Mercados<\/a>","<a href=\"https:\/\/sindaopcpb.org.br\/patricia-bullrich\/\" class=\"advgb-post-tax-term\">Patricia Bullrich<\/a>","<a href=\"https:\/\/sindaopcpb.org.br\/politica\/\" class=\"advgb-post-tax-term\">POLITICA<\/a>","<a href=\"https:\/\/sindaopcpb.org.br\/sergio-massa\/\" class=\"advgb-post-tax-term\">Sergio Massa<\/a>"],"unlinked":["<span class=\"advgb-post-tax-term\">Argentina<\/span>","<span class=\"advgb-post-tax-term\">Crise na Argentina<\/span>","<span class=\"advgb-post-tax-term\">D\u00f3lar Blue<\/span>","<span class=\"advgb-post-tax-term\">Economia<\/span>","<span class=\"advgb-post-tax-term\">G1<\/span>","<span class=\"advgb-post-tax-term\">Javier Milei<\/span>","<span class=\"advgb-post-tax-term\">Mercados<\/span>","<span class=\"advgb-post-tax-term\">Patricia Bullrich<\/span>","<span class=\"advgb-post-tax-term\">POLITICA<\/span>","<span class=\"advgb-post-tax-term\">Sergio Massa<\/span>"]},"tags":{"linked":["<a href=\"https:\/\/sindaopcpb.org.br\/sergio-massa\/\" class=\"advgb-post-tax-term\">g1<\/a>"],"unlinked":["<span class=\"advgb-post-tax-term\">g1<\/span>"]}},"comment_count":"0","relative_dates":{"created":"Publicado 3 anos atr\u00e1s","modified":"Atualizado 3 anos atr\u00e1s"},"absolute_dates":{"created":"Publicado em 22 de agosto de 2023","modified":"Atualizado em 22 de agosto de 2023"},"absolute_dates_time":{"created":"Publicado em 22 de agosto de 2023 14:20","modified":"Atualizado em 22 de agosto de 2023 14:20"},"featured_img_caption":"","series_order":"","_links":{"self":[{"href":"https:\/\/sindaopcpb.org.br\/index.php\/wp-json\/wp\/v2\/posts\/30782","targetHints":{"allow":["GET"]}}],"collection":[{"href":"https:\/\/sindaopcpb.org.br\/index.php\/wp-json\/wp\/v2\/posts"}],"about":[{"href":"https:\/\/sindaopcpb.org.br\/index.php\/wp-json\/wp\/v2\/types\/post"}],"author":[{"embeddable":true,"href":"https:\/\/sindaopcpb.org.br\/index.php\/wp-json\/wp\/v2\/users\/57"}],"replies":[{"embeddable":true,"href":"https:\/\/sindaopcpb.org.br\/index.php\/wp-json\/wp\/v2\/comments?post=30782"}],"version-history":[{"count":1,"href":"https:\/\/sindaopcpb.org.br\/index.php\/wp-json\/wp\/v2\/posts\/30782\/revisions"}],"predecessor-version":[{"id":30783,"href":"https:\/\/sindaopcpb.org.br\/index.php\/wp-json\/wp\/v2\/posts\/30782\/revisions\/30783"}],"wp:attachment":[{"href":"https:\/\/sindaopcpb.org.br\/index.php\/wp-json\/wp\/v2\/media?parent=30782"}],"wp:term":[{"taxonomy":"category","embeddable":true,"href":"https:\/\/sindaopcpb.org.br\/index.php\/wp-json\/wp\/v2\/categories?post=30782"},{"taxonomy":"post_tag","embeddable":true,"href":"https:\/\/sindaopcpb.org.br\/index.php\/wp-json\/wp\/v2\/tags?post=30782"}],"curies":[{"name":"wp","href":"https:\/\/api.w.org\/{rel}","templated":true}]}}