{"id":30774,"date":"2023-08-22T14:03:52","date_gmt":"2023-08-22T17:03:52","guid":{"rendered":"https:\/\/wpa.wscom.com.br\/?p=919217"},"modified":"2023-08-22T14:03:52","modified_gmt":"2023-08-22T17:03:52","slug":"video-cida-rechaca-tese-de-cartaxo-sobre-uso-de-pesquisa-para-escolher-candidato-em-jp-e-crava-quem-decide-e-a-militancia","status":"publish","type":"post","link":"https:\/\/sindaopcpb.org.br\/index.php\/2023\/08\/22\/video-cida-rechaca-tese-de-cartaxo-sobre-uso-de-pesquisa-para-escolher-candidato-em-jp-e-crava-quem-decide-e-a-militancia\/","title":{"rendered":"[V\u00cdDEO] Cida recha\u00e7a tese de Cartaxo sobre uso de pesquisa para escolher candidato em JP e crava: \u201cQuem decide \u00e9 a milit\u00e2ncia\u201d"},"content":{"rendered":"<p>A deputada estadual Cida Ramos (PT), pr\u00e9-candidata \u00e0 Prefeitura de Jo\u00e3o Pessoa, afirmou nesta ter\u00e7a-feira (22) que a milit\u00e2ncia do partido ser\u00e1 decisiva para escolha do nome da sigla para a disputa municipal nas Elei\u00e7\u00f5es 2024 na Capital. Segundo a parlamentar, a pesquisa interna n\u00e3o ter\u00e1 efeito determinante na delibera\u00e7\u00e3o do candidato da legenda.<\/p>\n<p>De acordo com Cida, a escolha dos rumos eleitorais do PT nas elei\u00e7\u00f5es municipais de 2024 em Jo\u00e3o Pessoa ser\u00e1 feita atrav\u00e9s de uma pr\u00e9via no partido, para a escolha do nome do candidato ou candidata. Ela disse ainda que qualquer pesquisa de inten\u00e7\u00e3o de voto na cidade servir\u00e1 apenas para ajudar a balizar quais nomes tem condi\u00e7\u00f5es de representar a legenda na cidade.<\/p>\n<p>\u201cO PT vai reagir como sempre reagiu. Vai realizar uma pr\u00e9via para escolher o candidato a prefeito ou a prefeita de Jo\u00e3o Pessoa. Essa tem sido uma pr\u00e1tica, a pr\u00e1tica democr\u00e1tica. A dire\u00e7\u00e3o nacional fez a reuni\u00e3o, e o presidente estadual do partido retratou bem. Qual seria o sentido de uma pesquisa decidir algo? Quem decide \u00e9 a milit\u00e2ncia, a pesquisa ela \u00e9 importante, ela \u00e9 balizadora, mas pesquisa \u00e9 momento. O que a milit\u00e2ncia quer \u00e9 poder definir qual \u00e9 o melhor nome que vai defender o projeto do PT, qual \u00e9 a identidade com o presidente Lula, com a trajet\u00f3ria do PT. \u00c9 isso que vai ser\u201d, disse a deputada.<\/p>\n<p>Confira:<\/p>\n<div style=\"width: 480px;\" class=\"wp-video\"><!--[if lt IE 9]><script>document.createElement('video');<\/script><![endif]--><br \/>\n<video class=\"wp-video-shortcode\" id=\"video-919217-1\" width=\"480\" height=\"864\" preload=\"metadata\" controls=\"controls\"><source type=\"video\/mp4\" src=\"https:\/\/wpa.wscom.com.br\/wp-content\/uploads\/2023\/08\/WhatsApp-Video-2023-08-22-at-11.18.59.mp4?_=1\" \/><a href=\"https:\/\/wpa.wscom.com.br\/wp-content\/uploads\/2023\/08\/WhatsApp-Video-2023-08-22-at-11.18.59.mp4\" rel=\"nofollow noopener\" target=\"_blank\">https:\/\/wpa.wscom.com.br\/wp-content\/uploads\/2023\/08\/WhatsApp-Video-2023-08-22-at-11.18.59.mp4<\/a><\/video><\/div>\n<p>&nbsp;<\/p>\n<p>Al\u00e9m de Cida, o PT tem ainda o deputado estadual Luciano Cartaxo como pr\u00e9-candidato para a disputa municipal nas Elei\u00e7\u00f5es 2024 em Jo\u00e3o Pessoa. A fala da parlamentar vai de encontro \u00e0 <a href=\"https:\/\/wscom.com.br\/cartaxo-legitima-disputa-interna-com-cida-mas-se-diz-muito-confiante-em-relacao-a-pesquisa-do-pt-para-candidato-em-jp\/\" rel=\"nofollow noopener\" target=\"_blank\">entrevistas recentes do colega de partido, aonde o ex-prefeito da capital chegou a afirmar que a escolha seria feita atrav\u00e9s da pesquisa interna<\/a>,<a href=\"https:\/\/wscom.com.br\/presidente-do-pt-rebate-cartaxo-nega-que-partido-tenha-acordado-pesquisa-para-definir-candidato-em-joao-pessoa-o-pt-nunca-foi-assim\/\" rel=\"nofollow noopener\" target=\"_blank\"> sendo posteriormente refutado pelo presidente do diret\u00f3rio estadual, Jackson Mac\u00eado, que descartou a tese.<\/a><\/p>\n<p>O post <a rel=\"nofollow noopener\" href=\"https:\/\/wscom.com.br\/video-cida-rechaca-tese-de-cartaxo-sobre-uso-de-pesquisa-para-escolher-candidato-em-jp-e-crava-quem-decide-e-a-militancia\/\" target=\"_blank\">[V\u00cdDEO] Cida recha\u00e7a tese de Cartaxo sobre uso de pesquisa para escolher candidato em JP e crava: &#8220;Quem decide \u00e9 a milit\u00e2ncia&#8221;<\/a> apareceu primeiro em <a rel=\"nofollow noopener\" href=\"https:\/\/wscom.com.br\/\" target=\"_blank\">WSCOM<\/a>.<\/p>\n","protected":false},"excerpt":{"rendered":"<p>A deputada estadual Cida Ramos (PT), pr\u00e9-candidata \u00e0 Prefeitura de Jo\u00e3o Pessoa, afirmou nesta ter\u00e7a-feira (22) que a milit\u00e2ncia do partido ser\u00e1 decisiva para escolha do nome da sigla para a disputa municipal nas Elei\u00e7\u00f5es 2024 na Capital. Segundo a parlamentar, a pesquisa interna n\u00e3o ter\u00e1 efeito determinante na delibera\u00e7\u00e3o do candidato da legenda. De [\u2026]<\/p>\n<p>O post <a rel=\"nofollow\" href=\"https:\/\/wscom.com.br\/video-cida-rechaca-tese-de-cartaxo-sobre-uso-de-pesquisa-para-escolher-candidato-em-jp-e-crava-quem-decide-e-a-militancia\/\">[V\u00cdDEO] Cida recha\u00e7a tese de Cartaxo sobre uso de pesquisa para escolher candidato em JP e crava: \u201cQuem decide \u00e9 a milit\u00e2ncia\u201d<\/a> apareceu primeiro em <a rel=\"nofollow\" href=\"https:\/\/wscom.com.br\/\">WSCOM<\/a>.<\/p>\n","protected":false},"author":49,"featured_media":0,"comment_status":"closed","ping_status":"closed","sticky":false,"template":"","format":"standard","meta":{"advgb_blocks_editor_width":"","advgb_blocks_columns_visual_guide":"","footnotes":""},"categories":[1175,333,34,71,908,47],"tags":[35],"class_list":["post-30774","post","type-post","status-publish","format-standard","hentry","category-cida-ramos","category-eleicoes-2024","category-g1","category-joao-pessoa","category-luciano-cartaxo","category-politica","tag-g1"],"author_meta":{"display_name":"Cristiane Cavalcante","author_link":"https:\/\/sindaopcpb.org.br\/author\/cristiane-cavalcante\/"},"featured_img":null,"coauthors":[],"tax_additional":{"categories":{"linked":["<a href=\"https:\/\/sindaopcpb.org.br\/cida-ramos\/\" class=\"advgb-post-tax-term\">CIDA RAMOS<\/a>","<a href=\"https:\/\/sindaopcpb.org.br\/eleicoes-2024\/\" class=\"advgb-post-tax-term\">elei\u00e7\u00f5es 2024<\/a>","<a href=\"https:\/\/sindaopcpb.org.br\/g1\/\" class=\"advgb-post-tax-term\">G1<\/a>","<a href=\"https:\/\/sindaopcpb.org.br\/joao-pessoa\/\" class=\"advgb-post-tax-term\">Jo\u00e3o Pessoa<\/a>","<a href=\"https:\/\/sindaopcpb.org.br\/luciano-cartaxo\/\" class=\"advgb-post-tax-term\">Luciano Cartaxo<\/a>","<a href=\"https:\/\/sindaopcpb.org.br\/politica\/\" class=\"advgb-post-tax-term\">POLITICA<\/a>"],"unlinked":["<span class=\"advgb-post-tax-term\">CIDA RAMOS<\/span>","<span class=\"advgb-post-tax-term\">elei\u00e7\u00f5es 2024<\/span>","<span class=\"advgb-post-tax-term\">G1<\/span>","<span class=\"advgb-post-tax-term\">Jo\u00e3o Pessoa<\/span>","<span class=\"advgb-post-tax-term\">Luciano Cartaxo<\/span>","<span class=\"advgb-post-tax-term\">POLITICA<\/span>"]},"tags":{"linked":["<a href=\"https:\/\/sindaopcpb.org.br\/politica\/\" class=\"advgb-post-tax-term\">g1<\/a>"],"unlinked":["<span class=\"advgb-post-tax-term\">g1<\/span>"]}},"comment_count":"0","relative_dates":{"created":"Publicado 3 anos atr\u00e1s","modified":"Atualizado 3 anos atr\u00e1s"},"absolute_dates":{"created":"Publicado em 22 de agosto de 2023","modified":"Atualizado em 22 de agosto de 2023"},"absolute_dates_time":{"created":"Publicado em 22 de agosto de 2023 14:03","modified":"Atualizado em 22 de agosto de 2023 14:03"},"featured_img_caption":"","series_order":"","_links":{"self":[{"href":"https:\/\/sindaopcpb.org.br\/index.php\/wp-json\/wp\/v2\/posts\/30774","targetHints":{"allow":["GET"]}}],"collection":[{"href":"https:\/\/sindaopcpb.org.br\/index.php\/wp-json\/wp\/v2\/posts"}],"about":[{"href":"https:\/\/sindaopcpb.org.br\/index.php\/wp-json\/wp\/v2\/types\/post"}],"author":[{"embeddable":true,"href":"https:\/\/sindaopcpb.org.br\/index.php\/wp-json\/wp\/v2\/users\/49"}],"replies":[{"embeddable":true,"href":"https:\/\/sindaopcpb.org.br\/index.php\/wp-json\/wp\/v2\/comments?post=30774"}],"version-history":[{"count":1,"href":"https:\/\/sindaopcpb.org.br\/index.php\/wp-json\/wp\/v2\/posts\/30774\/revisions"}],"predecessor-version":[{"id":30775,"href":"https:\/\/sindaopcpb.org.br\/index.php\/wp-json\/wp\/v2\/posts\/30774\/revisions\/30775"}],"wp:attachment":[{"href":"https:\/\/sindaopcpb.org.br\/index.php\/wp-json\/wp\/v2\/media?parent=30774"}],"wp:term":[{"taxonomy":"category","embeddable":true,"href":"https:\/\/sindaopcpb.org.br\/index.php\/wp-json\/wp\/v2\/categories?post=30774"},{"taxonomy":"post_tag","embeddable":true,"href":"https:\/\/sindaopcpb.org.br\/index.php\/wp-json\/wp\/v2\/tags?post=30774"}],"curies":[{"name":"wp","href":"https:\/\/api.w.org\/{rel}","templated":true}]}}