{"id":30755,"date":"2023-08-22T13:31:39","date_gmt":"2023-08-22T16:31:39","guid":{"rendered":"https:\/\/wpa.wscom.com.br\/?p=919218"},"modified":"2023-08-22T13:31:39","modified_gmt":"2023-08-22T16:31:39","slug":"em-resposta-a-cartaxo-hervazio-lembra-que-direcao-nacional-decidira-quadro-do-pt-em-joao-pessoa-para-2024-e-dispara-sou-mais-petista-que-ele","status":"publish","type":"post","link":"https:\/\/sindaopcpb.org.br\/index.php\/2023\/08\/22\/em-resposta-a-cartaxo-hervazio-lembra-que-direcao-nacional-decidira-quadro-do-pt-em-joao-pessoa-para-2024-e-dispara-sou-mais-petista-que-ele\/","title":{"rendered":"Em resposta a Cartaxo, Herv\u00e1zio lembra que Dire\u00e7\u00e3o Nacional decidir\u00e1 quadro do PT em Jo\u00e3o Pessoa para 2024 e dispara: \u201cSou mais petista que ele\u201d"},"content":{"rendered":"<p>O deputado estadual Herv\u00e1zio Bezerra (PSB) fez um &#8216;alerta&#8217; ao colega Luciano Cartaxo (PT) nesta ter\u00e7a-feira na Assembleia Legislativa da Para\u00edba (ALPB). Ele pediu cuidado ao deputado nas suas pretens\u00f5es de ser candidato a prefeito de Jo\u00e3o Pessoa e o aconselhou a esperar a defini\u00e7\u00e3o do diret\u00f3rio nacional.<\/p>\n<p>Herv\u00e1zio lembrou o caso das \u00faltimas elei\u00e7\u00f5es na capital. An\u00edsio Maia foi escolhido em conven\u00e7\u00e3o, mas o partido nacionalmente decidiu apoiar Ricardo Coutinho, \u00e0 \u00e9poca no PSB.<\/p>\n<p>&#8220;Se Cartaxo quiser responder a algu\u00e9m, com certeza n\u00e3o serei eu, porque eu apenas reproduzi a fala de Jackson [Macedo] na semana passada. Muitos de voc\u00eas chegaram a testemunhar que ele disse que estava tudo resolvido no PT, que houve uma reuni\u00e3o com a participa\u00e7\u00e3o de dirigentes nacionais e que seria feita uma pesquisa. Dessa pesquisa sairia o candidato, e ele j\u00e1 tinha algumas pesquisas internas que o mostravam bem colocado. Isso est\u00e1 gravado&#8230; Cuidado para voc\u00ea n\u00e3o seguir o caminho do deputado An\u00edsio Maia, que foi o candidato na conven\u00e7\u00e3o municipal do PT. Ele tinha o apoio do diret\u00f3rio estadual e era a unanimidade dentro das inst\u00e2ncias partid\u00e1rias locais. Mas Gleisi Hoffmann disse que o candidato era Ricardo&#8221;, lembrou.<\/p>\n<p>Bezerra ainda alfinetou Cartaxo, lembrando que ele deixou o PT quando disputou a reelei\u00e7\u00e3o a prefeito de Jo\u00e3o Pessoa em 2018, \u00e9poca em que o partido enfrentava uma forte crise eleitoral devido ao impeachment da ex-presidente Dilma e \u00e0 pris\u00e3o do presidente Lula.<\/p>\n<p>&#8220;Ele est\u00e1 filiado e tudo e tal, mas eu sou mais petista do que ele, porque votei em Dilma e Lula as duas vezes, mas quando o barco fez \u00e1gua l\u00e1 no PT ele saiu fora. Agora, tudo bem, n\u00e3o estou censurando, isso \u00e9 a vida dele&#8221;, pontuou.<\/p>\n<p>O post <a rel=\"nofollow noopener\" href=\"https:\/\/wscom.com.br\/em-resposta-a-cartaxo-hervazio-lembra-que-a-direcao-nacional-que-decidira-quadro-em-joao-pessoa-e-dispara-sou-mais-petista-que-ele\/\" target=\"_blank\">Em resposta a Cartaxo, Herv\u00e1zio lembra que Dire\u00e7\u00e3o Nacional decidir\u00e1 quadro do PT em Jo\u00e3o Pessoa para 2024 e dispara: &#8220;Sou mais petista que ele&#8221;<\/a> apareceu primeiro em <a rel=\"nofollow noopener\" href=\"https:\/\/wscom.com.br\/\" target=\"_blank\">WSCOM<\/a>.<\/p>\n","protected":false},"excerpt":{"rendered":"<p>O deputado estadual Herv\u00e1zio Bezerra (PSB) fez um \u2018alerta\u2019 ao colega Luciano Cartaxo (PT) nesta ter\u00e7a-feira na Assembleia Legislativa da Para\u00edba (ALPB). Ele pediu cuidado ao deputado nas suas pretens\u00f5es de ser candidato a prefeito de Jo\u00e3o Pessoa e o aconselhou a esperar a defini\u00e7\u00e3o do diret\u00f3rio nacional. Herv\u00e1zio lembrou o caso das \u00faltimas elei\u00e7\u00f5es [\u2026]<\/p>\n<p>O post <a rel=\"nofollow\" href=\"https:\/\/wscom.com.br\/em-resposta-a-cartaxo-hervazio-lembra-que-a-direcao-nacional-que-decidira-quadro-em-joao-pessoa-e-dispara-sou-mais-petista-que-ele\/\">Em resposta a Cartaxo, Herv\u00e1zio lembra que Dire\u00e7\u00e3o Nacional decidir\u00e1 quadro do PT em Jo\u00e3o Pessoa para 2024 e dispara: \u201cSou mais petista que ele\u201d<\/a> apareceu primeiro em <a rel=\"nofollow\" href=\"https:\/\/wscom.com.br\/\">WSCOM<\/a>.<\/p>\n","protected":false},"author":50,"featured_media":0,"comment_status":"closed","ping_status":"closed","sticky":false,"template":"","format":"standard","meta":{"advgb_blocks_editor_width":"","advgb_blocks_columns_visual_guide":"","footnotes":""},"categories":[812,34,8032,47],"tags":[35],"class_list":["post-30755","post","type-post","status-publish","format-standard","hentry","category-cartaxo","category-g1","category-hervazio","category-politica","tag-g1"],"author_meta":{"display_name":"Wallyson","author_link":"https:\/\/sindaopcpb.org.br\/author\/wallyson\/"},"featured_img":null,"coauthors":[],"tax_additional":{"categories":{"linked":["<a href=\"https:\/\/sindaopcpb.org.br\/cartaxo\/\" class=\"advgb-post-tax-term\">cartaxo<\/a>","<a href=\"https:\/\/sindaopcpb.org.br\/g1\/\" class=\"advgb-post-tax-term\">G1<\/a>","<a href=\"https:\/\/sindaopcpb.org.br\/hervazio\/\" class=\"advgb-post-tax-term\">hervazio<\/a>","<a href=\"https:\/\/sindaopcpb.org.br\/politica\/\" class=\"advgb-post-tax-term\">POLITICA<\/a>"],"unlinked":["<span class=\"advgb-post-tax-term\">cartaxo<\/span>","<span class=\"advgb-post-tax-term\">G1<\/span>","<span class=\"advgb-post-tax-term\">hervazio<\/span>","<span class=\"advgb-post-tax-term\">POLITICA<\/span>"]},"tags":{"linked":["<a href=\"https:\/\/sindaopcpb.org.br\/politica\/\" class=\"advgb-post-tax-term\">g1<\/a>"],"unlinked":["<span class=\"advgb-post-tax-term\">g1<\/span>"]}},"comment_count":"0","relative_dates":{"created":"Publicado 3 anos atr\u00e1s","modified":"Atualizado 3 anos atr\u00e1s"},"absolute_dates":{"created":"Publicado em 22 de agosto de 2023","modified":"Atualizado em 22 de agosto de 2023"},"absolute_dates_time":{"created":"Publicado em 22 de agosto de 2023 13:31","modified":"Atualizado em 22 de agosto de 2023 13:31"},"featured_img_caption":"","series_order":"","_links":{"self":[{"href":"https:\/\/sindaopcpb.org.br\/index.php\/wp-json\/wp\/v2\/posts\/30755","targetHints":{"allow":["GET"]}}],"collection":[{"href":"https:\/\/sindaopcpb.org.br\/index.php\/wp-json\/wp\/v2\/posts"}],"about":[{"href":"https:\/\/sindaopcpb.org.br\/index.php\/wp-json\/wp\/v2\/types\/post"}],"author":[{"embeddable":true,"href":"https:\/\/sindaopcpb.org.br\/index.php\/wp-json\/wp\/v2\/users\/50"}],"replies":[{"embeddable":true,"href":"https:\/\/sindaopcpb.org.br\/index.php\/wp-json\/wp\/v2\/comments?post=30755"}],"version-history":[{"count":1,"href":"https:\/\/sindaopcpb.org.br\/index.php\/wp-json\/wp\/v2\/posts\/30755\/revisions"}],"predecessor-version":[{"id":30756,"href":"https:\/\/sindaopcpb.org.br\/index.php\/wp-json\/wp\/v2\/posts\/30755\/revisions\/30756"}],"wp:attachment":[{"href":"https:\/\/sindaopcpb.org.br\/index.php\/wp-json\/wp\/v2\/media?parent=30755"}],"wp:term":[{"taxonomy":"category","embeddable":true,"href":"https:\/\/sindaopcpb.org.br\/index.php\/wp-json\/wp\/v2\/categories?post=30755"},{"taxonomy":"post_tag","embeddable":true,"href":"https:\/\/sindaopcpb.org.br\/index.php\/wp-json\/wp\/v2\/tags?post=30755"}],"curies":[{"name":"wp","href":"https:\/\/api.w.org\/{rel}","templated":true}]}}