{"id":30748,"date":"2023-08-22T11:51:00","date_gmt":"2023-08-22T14:51:00","guid":{"rendered":"https:\/\/www.infomoney.com.br\/?p=2221850"},"modified":"2023-08-22T11:51:00","modified_gmt":"2023-08-22T14:51:00","slug":"chefe-da-receita-defende-em-video-taxacao-de-bilionarios-e-gera-crise","status":"publish","type":"post","link":"https:\/\/sindaopcpb.org.br\/index.php\/2023\/08\/22\/chefe-da-receita-defende-em-video-taxacao-de-bilionarios-e-gera-crise\/","title":{"rendered":"Chefe da Receita defende em v\u00eddeo taxa\u00e7\u00e3o de bilion\u00e1rios e gera crise"},"content":{"rendered":"<p><img loading=\"lazy\" width=\"300\" height=\"224\" src=\"https:\/\/www.infomoney.com.br\/wp-content\/uploads\/2023\/08\/0c07ccb2-2495-49aa-bf5f-e51463aebc15.jpeg?fit=300%2C224&amp;quality=70&amp;strip=all\" class=\"attachment-medium size-medium wp-post-image\" alt=\"Robson Barreirinhas, secret\u00e1rio da Receita Federal (Divulga\u00e7\u00e3o)\" decoding=\"async\" style=\"float:right; margin:0 0 10px 10px;\" srcset=\"https:\/\/www.infomoney.com.br\/wp-content\/uploads\/2023\/08\/0c07ccb2-2495-49aa-bf5f-e51463aebc15.jpeg?w=415&amp;quality=70&amp;strip=all 415w, https:\/\/www.infomoney.com.br\/wp-content\/uploads\/2023\/08\/0c07ccb2-2495-49aa-bf5f-e51463aebc15.jpeg?w=300&amp;quality=70&amp;strip=all 300w, https:\/\/www.infomoney.com.br\/wp-content\/uploads\/2023\/08\/0c07ccb2-2495-49aa-bf5f-e51463aebc15.jpeg?w=150&amp;quality=70&amp;strip=all 150w\" sizes=\"auto, (max-width: 300px) 100vw, 300px\" data-attachment-id=\"2222278\" data-permalink=\"https:\/\/www.infomoney.com.br\/0c07ccb2-2495-49aa-bf5f-e51463aebc15\/\" data-orig-file=\"https:\/\/www.infomoney.com.br\/wp-content\/uploads\/2023\/08\/0c07ccb2-2495-49aa-bf5f-e51463aebc15.jpeg?fit=415%2C310&amp;quality=70&amp;strip=all\" data-orig-size=\"415,310\" data-comments-opened=\"0\" data-image-meta=\"{&quot;aperture&quot;:&quot;0&quot;,&quot;credit&quot;:&quot;&quot;,&quot;camera&quot;:&quot;&quot;,&quot;caption&quot;:&quot;&quot;,&quot;created_timestamp&quot;:&quot;0&quot;,&quot;copyright&quot;:&quot;&quot;,&quot;focal_length&quot;:&quot;0&quot;,&quot;iso&quot;:&quot;0&quot;,&quot;shutter_speed&quot;:&quot;0&quot;,&quot;title&quot;:&quot;&quot;,&quot;orientation&quot;:&quot;1&quot;}\" data-image-title=\"0c07ccb2-2495-49aa-bf5f-e51463aebc15\" data-image-description=\"\" data-image-caption=\"&lt;p&gt;Robson Barreirinhas, secret\u00e1rio da Receita Federal (Divulga\u00e7\u00e3o)&lt;\/p&gt;\n\" data-medium-file=\"https:\/\/www.infomoney.com.br\/wp-content\/uploads\/2023\/08\/0c07ccb2-2495-49aa-bf5f-e51463aebc15.jpeg?fit=300%2C224&amp;quality=70&amp;strip=all\" data-large-file=\"https:\/\/www.infomoney.com.br\/wp-content\/uploads\/2023\/08\/0c07ccb2-2495-49aa-bf5f-e51463aebc15.jpeg?fit=415%2C310&amp;quality=70&amp;strip=all\" title=\"\"><\/p>\n<p>Numa a&ccedil;&atilde;o in&eacute;dita para a sisuda Receita Federal, o secret&aacute;rio do &oacute;rg&atilde;o, Robson Barreirinhas, usou as redes sociais para defender a cobran&ccedil;a do <a href=\"https:\/\/www.infomoney.com.br\/tudo-sobre\/imposto-de-renda\/\" rel=\"noopener nofollow\" target=\"_blank\">Imposto de Renda<\/a> de investimentos feitos por brasileiros nos pa&iacute;ses considerados para&iacute;sos fiscais.<\/p>\n<p>A a&ccedil;&atilde;o acabou gerando um novo mal-estar com deputados uma semana depois da crise deflagrada pela fala do ministro Fernando Haddad sobre os super-poderes da C&acirc;mara.<\/p>\n<p>Num v&iacute;deo curto publicado no Instagram, o chefe da Receita defendia a taxa&ccedil;&atilde;o dos investimentos nos chamados fundos <em>offshore<\/em>. O v&iacute;deo, por&eacute;m, foi apagado e n&atilde;o est&aacute; mais dispon&iacute;vel. O link havia sido, inclusive, distribu&iacute;do pela assessoria do Minist&eacute;rio da Fazenda, Fernando Haddad, a um grupo de jornalistas.<\/p>\n<p>Segundo apurou a reportagem, o v&iacute;deo foi apagado por ordem do n&uacute;mero 2 da Fazenda, Dario Durigan, ap&oacute;s o inc&ocirc;modo de deputados, que fizeram chegar ao presidente da C&acirc;mara, Arthur Lira (PP-AL), a queixa de que o governo tenta &ldquo;emparedar o Congresso&rdquo;. Na avalia&ccedil;&atilde;o de Lira e da c&uacute;pula da Casa, essa &ldquo;n&atilde;o &eacute; uma a&ccedil;&atilde;o inteligente&rdquo; e pode afetar a tramita&ccedil;&atilde;o de projetos de interesse na C&acirc;mara.<\/p>\n<p>Lira n&atilde;o apoia a taxa&ccedil;&atilde;o, com a qual Haddad conta para aumentar a arrecada&ccedil;&atilde;o em 2024 e garantir o cumprimento de meta de zerar o rombo nas contas do governo no ano que vem.<\/p>\n<p>&ldquo;&Eacute; muito importante n&oacute;s come&ccedil;armos a tributar os investimentos em para&iacute;sos fiscais&rdquo;, dizia Barreirinhas no v&iacute;deo, lembrando que essa taxa&ccedil;&atilde;o vai compensar a perda de arrecada&ccedil;&atilde;o com a corre&ccedil;&atilde;o do sal&aacute;rio m&iacute;nimo acima da infla&ccedil;&atilde;o e do limite tabela da tabela do Imposto de Renda da Pessoa F&iacute;sica (IRPF).<\/p>\n<div class=\"cta-middle\">\n<div class=\"im-cta bg-light bg-opacity-25 border rounded-4 p-3 p-sm-4 p-md-3 p-lg-4 px-xxl-5 my-5\" >\n<div class=\"d-flex flex-column align-items-center align-items-lg-start mb-4 flex-lg-row\">\n<div class=\"rounded-circle mb-2 mb-lg-0 mr-lg-4 me-lg-4 p-3 p-lg-4 bg-indigo-400\"><svg width=\"40\" height=\"40\" viewBox=\"0 0 40 40\" fill=\"none\" xmlns=\"http:\/\/www.w3.org\/2000\/svg\"><path d=\"m18.125 29.917-5.25-5.209 1.333-1.291 3.917 3.833 7.5-7.542 1.333 1.375-8.833 8.834ZM8.25 35.833a2.328 2.328 0 0 1-1.708-.708 2.328 2.328 0 0 1-.709-1.708V9.292c0-.64.236-1.202.709-1.688a2.295 2.295 0 0 1 1.708-.73h3.083V3.959h2.084v2.917h13.25V3.958h2.041v2.917h3.042c.667 0 1.236.243 1.708.73.473.485.709 1.048.709 1.687v24.125c0 .666-.236 1.236-.709 1.708a2.328 2.328 0 0 1-1.708.708H8.25Zm0-1.875h23.5a.518.518 0 0 0 .375-.166.518.518 0 0 0 .167-.375V16.875H7.708v16.542c0 .139.056.264.167.375a.518.518 0 0 0 .375.166ZM7.708 15h24.584V9.292a.454.454 0 0 0-.167-.355.555.555 0 0 0-.375-.145H8.25a.555.555 0 0 0-.375.145.454.454 0 0 0-.167.355V15Z\" fill=\"#fff\"\/><\/svg><\/div>\n<div class=\"flex-fill text-center text-lg-left\">\n<div class=\"h6 small text-orange-700 lh-base mb-1\">Oferta Exclusiva<\/div>\n<div class=\"text-body h4 m-0\">CDB 230% do CDI<\/div>\n<div class=\"text-body small lh-base mt-2\">INVISTA COMO UM EXPERT: aproveite o CDB exclusivo que rende mais que o dobro da poupan&ccedil;a com liquidez di&aacute;ria!<\/div>\n<\/div>\n<\/div>\n<div class=\"im-shortcode-forms-v2\" data-component-type=\"multiformBootstrapV2\" data-configuracao='{\"id\":\"2221065\",\"optimize_id\":\"\",\"nome\":false,\"titulo\":\"CDB 230% do CDI\",\"icone\":\"event\",\"chapeu\":\"Oferta Exclusiva\",\"email\":true,\"telefone\":false,\"cpf\":false,\"campanha\":\"CDB-230\",\"LancamentoID\":\"171\",\"thankYouUrl\":\"\",\"idJorney\":\"APIEvent-b0235218-3cf4-b528-cda3-49edf889d55c\",\"idDE\":\"\",\"botaoLabel\":\"APROVEITAR AGORA\",\"contextSegment\":\"Newsletter\",\"urlOrigem\":\"https:\\\/\\\/www.infomoney.com.br\\\/minhas-financas\\\/chefe-da-receita-defende-em-video-taxacao-de-bilionarios-e-gera-crise\\\/?utm_medium=materia&#038;utm_source=infomoney&#038;utm_campaign=CDB230-202308-XP-inscricao&#038;utm_term=minhas-financas&#038;utm_content=cdb\",\"openBlank\":true,\"gaPosition\":\"meio\",\"gaCategory\":\"cta_form\",\"useCaptacaoLead\":true,\"dataUTM\":{\"utmMedium\":\"materia\",\"utmSource\":\"infomoney\",\"utmCampaign\":\"CDB230-202308-XP-inscricao\",\"utmTerm\":\"minhas-financas\",\"utmContent\":\"cdb\"}}'><\/div>\n<\/p><\/div>\n<\/div>\n<p>Segundo ele, a cobran&ccedil;a vai atingir somente 0,04% dos brasileiros ricos, que t&ecirc;m milh&otilde;es de reais no exterior.<\/p>\n<p>A taxa&ccedil;&atilde;o das <em>offshore<\/em> e dos fundos exclusivos de alta renda existentes no Brasil, al&eacute;m da press&atilde;o pela reforma ministerial, foram o estopim das cr&iacute;ticas de Haddad, ao comando C&acirc;mara, na semana passada.<\/p>\n<p>O governo tem pressa porque precisa da previs&atilde;o de arrecada&ccedil;&atilde;o dessas medidas no projeto de lei do Or&ccedil;amento de 2024 para zerar o d&eacute;ficit publico das suas contas no ano que vem.<\/p>\n<p>&ldquo;Isso n&atilde;o &eacute; aumento da carga tribut&aacute;ria porque voc&ecirc; que est&aacute; me ouvindo, trabalhador, paga at&eacute; 27,5% quando recebe o seu sal&aacute;rio&rdquo; dizia o secret&aacute;rio no material que foi apagado. &ldquo;E, quando sobra um dinheirinho e coloca numa aplica&ccedil;&atilde;o financeira, voc&ecirc; j&aacute; paga aqui no Brasil o Imposto de Renda come&ccedil;ando em 15%&rdquo;, acrescentou o secret&aacute;rio numa refer&ecirc;ncia <a href=\"https:\/\/www.infomoney.com.br\/guias\/come-cotas\/\" rel=\"noopener nofollow\" target=\"_blank\">ao chamado come-cotas<\/a> que &eacute; cobrado da Receita nos investimentos em fundos, mesmo quando n&atilde;o h&aacute; resgate do dinheiro investido.&rdquo;<\/p>\n<p>Segundo Barreirinhas, a proposta do governo &eacute; que as pessoas que t&ecirc;m centenas de milh&otilde;es reais no exterior comecem a pagar o Imposto de Renda.<\/p>\n<p>O secret&aacute;rio rebateu a avalia&ccedil;&atilde;o que ganhou for&ccedil;a no Congresso de que essa medida seja pouco eficiente, levando os investidores a se instalarem em outros pa&iacute;ses, como Uruguai.<\/p>\n<p>&ldquo;N&atilde;o &eacute; verdade. Primeiro, que o dinheiro j&aacute; est&aacute; fora do Brasil. Segundo, que essa pessoa quiser mudar de domic&iacute;lio ela vai pagar mais Imposto de Renda, porque s&oacute; o Brasil n&atilde;o cobra em rendimentos em para&iacute;sos fiscais&rdquo;, defendeu. &ldquo;Se mudar para os nossos vizinhos vai pagar. Argentina e Chile j&aacute; cobram mais de 30% de Imposto de Renda em para&iacute;so fiscal. Se for para a Europa, &eacute; mais do que 30%. &Eacute; 35% &ldquo;, ressaltou.<\/p>\n<p>Procuradas, Fazenda e Receita n&atilde;o explicaram a raz&atilde;o de o material ter sa&iacute;do do ar at&eacute; a publica&ccedil;&atilde;o deste texto.<\/p>\n<div class=\"infomoney-related-posts\">\n<h4>Leia tamb&eacute;m<\/h4>\n<div class=\"list\">\n<div class=\"row mx-0 item\">\n<div class=\"img-container\">\n<figure><img decoding=\"async\" class=\"img-fluid img-fluid\" src=\"https:\/\/www.infomoney.com.br\/wp-content\/uploads\/2019\/06\/milionario-jogando-dinheiro.jpg?quality=70&#038;w=150&#038;%23038;h=150&#038;%23038;crop=1&#038;%23038;strip=all\" data-recalc-dims=\"1\" alt=\"\" title=\"\"><\/figure>\n<\/div>\n<div class=\"info\"><span class=\"hl-hat\">De 2021 para 2022<\/span><span class=\"hl-title\"><a href=\"https:\/\/www.infomoney.com.br\/minhas-financas\/milionarios-quase-dobram-no-brasil-pais-que-mais-ganhou-pessoas-com-riqueza-acima-de-us-1-milhao\/\" rel=\"nofollow noopener\" target=\"_blank\">Milion&aacute;rios quase dobram no Brasil, pa&iacute;s que mais ganhou pessoas com riqueza acima de US$ 1 milh&atilde;o<\/a><\/span><span class=\"hl-description\">No mundo, total de milion&aacute;rios deve chegar a 86 milh&otilde;es e o de super-ricos a 372 mil nos pr&oacute;ximos 5 anos, diz relat&oacute;rio<\/span><\/div>\n<\/div>\n<\/div>\n<\/div>\n<p>The post <a rel=\"nofollow noopener\" href=\"https:\/\/www.infomoney.com.br\/minhas-financas\/chefe-da-receita-defende-em-video-taxacao-de-bilionarios-e-gera-crise\/\" target=\"_blank\">Chefe da Receita defende em v\u00eddeo taxa\u00e7\u00e3o de bilion\u00e1rios e gera crise<\/a> appeared first on <a rel=\"nofollow noopener\" href=\"https:\/\/www.infomoney.com.br\/\" target=\"_blank\">InfoMoney<\/a>.<\/p>\n","protected":false},"excerpt":{"rendered":"<p><img loading=\"lazy\" decoding=\"async\" width=\"300\" height=\"224\" src=\"https:\/\/www.infomoney.com.br\/wp-content\/uploads\/2023\/08\/0c07ccb2-2495-49aa-bf5f-e51463aebc15.jpeg?fit=300%2C224&amp;quality=70&amp;strip=all\" class=\"attachment-medium size-medium wp-post-image\" alt=\"Robson Barreirinhas, secret\u00e1rio da Receita Federal (Divulga\u00e7\u00e3o)\" data-attachment-id=\"2222278\" data-permalink=\"https:\/\/www.infomoney.com.br\/0c07ccb2-2495-49aa-bf5f-e51463aebc15\/\" data-orig-file=\"https:\/\/www.infomoney.com.br\/wp-content\/uploads\/2023\/08\/0c07ccb2-2495-49aa-bf5f-e51463aebc15.jpeg?fit=415%2C310&amp;quality=70&amp;strip=all\" data-orig-size=\"415,310\" data-comments-opened=\"0\" data-image-meta='{\"aperture\":\"0\",\"credit\":\"\",\"camera\":\"\",\"caption\":\"\",\"created_timestamp\":\"0\",\"copyright\":\"\",\"focal_length\":\"0\",\"iso\":\"0\",\"shutter_speed\":\"0\",\"title\":\"\",\"orientation\":\"1\"}' data-image-title=\"0c07ccb2-2495-49aa-bf5f-e51463aebc15\" data-image-description=\"\" data-image-caption=\"&lt;p&gt;Robson Barreirinhas, secret\u00e1rio da Receita Federal (Divulga\u00e7\u00e3o)&lt;\/p&gt;\n\" data-medium-file=\"https:\/\/www.infomoney.com.br\/wp-content\/uploads\/2023\/08\/0c07ccb2-2495-49aa-bf5f-e51463aebc15.jpeg?fit=300%2C224&amp;quality=70&amp;strip=all\" data-large-file=\"https:\/\/www.infomoney.com.br\/wp-content\/uploads\/2023\/08\/0c07ccb2-2495-49aa-bf5f-e51463aebc15.jpeg?fit=415%2C310&amp;quality=70&amp;strip=all\">Robson Barreirinhas se mostrou favor\u00e1vel \u00e0 taxa\u00e7\u00e3o de IR nos fundos offshore em v\u00eddeo que foi apagado<\/p>\n<p>The post <a rel=\"nofollow\" href=\"https:\/\/www.infomoney.com.br\/minhas-financas\/chefe-da-receita-defende-em-video-taxacao-de-bilionarios-e-gera-crise\/\">Chefe da Receita defende em v\u00eddeo taxa\u00e7\u00e3o de bilion\u00e1rios e gera crise<\/a> appeared first on <a rel=\"nofollow\" href=\"https:\/\/www.infomoney.com.br\/\">InfoMoney<\/a>.<\/p>\n","protected":false},"author":43,"featured_media":0,"comment_status":"closed","ping_status":"closed","sticky":false,"template":"","format":"standard","meta":{"advgb_blocks_editor_width":"","advgb_blocks_columns_visual_guide":"","footnotes":""},"categories":[8028,8029,6883,34,1053,2022,8030,444,8031,47,786],"tags":[35],"class_list":["post-30748","post","type-post","status-publish","format-standard","hentry","category-bilionarios","category-come-cotas","category-fundos-offshore","category-g1","category-imposto-de-renda","category-imposto-de-renda-2023","category-ir2023","category-minhas-financas","category-paraiso-fiscal","category-politica","category-tributos","tag-g1"],"author_meta":{"display_name":"Estad\u00e3o Conte\u00fado","author_link":"https:\/\/sindaopcpb.org.br\/author\/estadao-conteudo\/"},"featured_img":null,"coauthors":[],"tax_additional":{"categories":{"linked":["<a href=\"https:\/\/sindaopcpb.org.br\/bilionarios\/\" class=\"advgb-post-tax-term\">Bilion\u00e1rios<\/a>","<a href=\"https:\/\/sindaopcpb.org.br\/come-cotas\/\" class=\"advgb-post-tax-term\">Come Cotas<\/a>","<a href=\"https:\/\/sindaopcpb.org.br\/fundos-offshore\/\" class=\"advgb-post-tax-term\">Fundos Offshore<\/a>","<a href=\"https:\/\/sindaopcpb.org.br\/g1\/\" class=\"advgb-post-tax-term\">G1<\/a>","<a href=\"https:\/\/sindaopcpb.org.br\/imposto-de-renda\/\" class=\"advgb-post-tax-term\">Imposto de Renda<\/a>","<a href=\"https:\/\/sindaopcpb.org.br\/imposto-de-renda-2023\/\" class=\"advgb-post-tax-term\">Imposto de Renda 2023<\/a>","<a href=\"https:\/\/sindaopcpb.org.br\/ir2023\/\" class=\"advgb-post-tax-term\">IR2023<\/a>","<a href=\"https:\/\/sindaopcpb.org.br\/minhas-financas\/\" class=\"advgb-post-tax-term\">Minhas Finan\u00e7as<\/a>","<a href=\"https:\/\/sindaopcpb.org.br\/paraiso-fiscal\/\" class=\"advgb-post-tax-term\">Para\u00edso Fiscal<\/a>","<a href=\"https:\/\/sindaopcpb.org.br\/politica\/\" class=\"advgb-post-tax-term\">POLITICA<\/a>","<a href=\"https:\/\/sindaopcpb.org.br\/tributos\/\" class=\"advgb-post-tax-term\">Tributos<\/a>"],"unlinked":["<span class=\"advgb-post-tax-term\">Bilion\u00e1rios<\/span>","<span class=\"advgb-post-tax-term\">Come Cotas<\/span>","<span class=\"advgb-post-tax-term\">Fundos Offshore<\/span>","<span class=\"advgb-post-tax-term\">G1<\/span>","<span class=\"advgb-post-tax-term\">Imposto de Renda<\/span>","<span class=\"advgb-post-tax-term\">Imposto de Renda 2023<\/span>","<span class=\"advgb-post-tax-term\">IR2023<\/span>","<span class=\"advgb-post-tax-term\">Minhas Finan\u00e7as<\/span>","<span class=\"advgb-post-tax-term\">Para\u00edso Fiscal<\/span>","<span class=\"advgb-post-tax-term\">POLITICA<\/span>","<span class=\"advgb-post-tax-term\">Tributos<\/span>"]},"tags":{"linked":["<a href=\"https:\/\/sindaopcpb.org.br\/tributos\/\" class=\"advgb-post-tax-term\">g1<\/a>"],"unlinked":["<span class=\"advgb-post-tax-term\">g1<\/span>"]}},"comment_count":"0","relative_dates":{"created":"Publicado 3 anos atr\u00e1s","modified":"Atualizado 3 anos atr\u00e1s"},"absolute_dates":{"created":"Publicado em 22 de agosto de 2023","modified":"Atualizado em 22 de agosto de 2023"},"absolute_dates_time":{"created":"Publicado em 22 de agosto de 2023 11:51","modified":"Atualizado em 22 de agosto de 2023 11:51"},"featured_img_caption":"","series_order":"","_links":{"self":[{"href":"https:\/\/sindaopcpb.org.br\/index.php\/wp-json\/wp\/v2\/posts\/30748","targetHints":{"allow":["GET"]}}],"collection":[{"href":"https:\/\/sindaopcpb.org.br\/index.php\/wp-json\/wp\/v2\/posts"}],"about":[{"href":"https:\/\/sindaopcpb.org.br\/index.php\/wp-json\/wp\/v2\/types\/post"}],"author":[{"embeddable":true,"href":"https:\/\/sindaopcpb.org.br\/index.php\/wp-json\/wp\/v2\/users\/43"}],"replies":[{"embeddable":true,"href":"https:\/\/sindaopcpb.org.br\/index.php\/wp-json\/wp\/v2\/comments?post=30748"}],"version-history":[{"count":2,"href":"https:\/\/sindaopcpb.org.br\/index.php\/wp-json\/wp\/v2\/posts\/30748\/revisions"}],"predecessor-version":[{"id":30771,"href":"https:\/\/sindaopcpb.org.br\/index.php\/wp-json\/wp\/v2\/posts\/30748\/revisions\/30771"}],"wp:attachment":[{"href":"https:\/\/sindaopcpb.org.br\/index.php\/wp-json\/wp\/v2\/media?parent=30748"}],"wp:term":[{"taxonomy":"category","embeddable":true,"href":"https:\/\/sindaopcpb.org.br\/index.php\/wp-json\/wp\/v2\/categories?post=30748"},{"taxonomy":"post_tag","embeddable":true,"href":"https:\/\/sindaopcpb.org.br\/index.php\/wp-json\/wp\/v2\/tags?post=30748"}],"curies":[{"name":"wp","href":"https:\/\/api.w.org\/{rel}","templated":true}]}}