{"id":30742,"date":"2023-08-22T11:28:31","date_gmt":"2023-08-22T14:28:31","guid":{"rendered":"https:\/\/g1.globo.com\/pb\/paraiba\/noticia\/2023\/08\/22\/tarifa-de-energia-fica-mais-cara-para-consumidores-residenciais-da-paraiba.ghtml"},"modified":"2023-08-22T11:28:31","modified_gmt":"2023-08-22T14:28:31","slug":"tarifa-de-energia-fica-mais-cara-para-consumidores-residenciais-da-paraiba","status":"publish","type":"post","link":"https:\/\/sindaopcpb.org.br\/index.php\/2023\/08\/22\/tarifa-de-energia-fica-mais-cara-para-consumidores-residenciais-da-paraiba\/","title":{"rendered":"Tarifa de energia fica mais cara para consumidores residenciais da Para\u00edba"},"content":{"rendered":"   <img src=\"https:\/\/s2.glbimg.com\/mMe4touGn4ZJ3KFe0oSGB3cs91M=\/i.s3.glbimg.com\/v1\/AUTH_59edd422c0c84a879bd37670ae4f538a\/internal_photos\/bs\/2023\/h\/N\/71iPdMTVmeqRGDo5xwtw\/materia-8.jpg\" \/><br \/>     Aneel aprovou reajuste tarif\u00e1rio de 0,68% para clientes da Energisa Para\u00edba. Consumidores que fazem parte da Energisa Borborema sofrer\u00e3o aumento de 11,96%. Tarifa de energia fica mais cara para consumidores residenciais da Para\u00edba\nASCOM ENERGISA\nA conta de energia vai ficar mais cara, a partir do dia 28 de agosto, para o consumidores residenciais da Para\u00edba. O aumento na tarifa de energia ser\u00e1 de 0,68% para os clientes da Energisa Para\u00edba e de 11,98% para os consumidores da Energisa Borborema (Campina Grande e regi\u00e3o). O reajuste foi aprovado pela Ag\u00eancia Nacional de Energia El\u00e9trica (ANEEL) nesta ter\u00e7a-feira (22).\nOs consumidores residenciais da Energisa Borborema estavam com as tarifas congeladas h\u00e1 18 meses e tamb\u00e9m perceber\u00e3o o aumento tamb\u00e9m a partir do dia 28 de agosto.\nOs \u00edndices s\u00e3o diferentes porque, at\u00e9 este ano, as tarifas-base eram distintas entre as duas empresas. Com a unifica\u00e7\u00e3o da Energisa Para\u00edba e da Energisa Borborema, o processo de Reajuste Tarif\u00e1rio Anual, a partir do pr\u00f3ximo ano, ser\u00e1 \u00fanico para os clientes que, agora, s\u00e3o todos atendidos pela Energisa Para\u00edba.\nDe acordo com Bernardo Athayde, Gerente Corporativo de Regula\u00e7\u00e3o Econ\u00f4mica da Energisa, os impactos na tarifa v\u00e3o ocorrer da seguinte forma:\nConsumidores da Energisa Para\u00edba\nPara clientes de alta e m\u00e9dia tens\u00e3o (ind\u00fastrias e grandes com\u00e9rcios) haver\u00e1 redu\u00e7\u00e3o de 10,63% na tarifa de energia;\nPara clientes de baixa tens\u00e3o (propriedades rurais, pequenos com\u00e9rcios, etc) haver\u00e1 aumento de 1,09% na tarifa de energia;\nPara clientes residenciais haver\u00e1 aumento de 0,68% na tarifa de energia. \nConsumidores da Energisa Borborema\nPara clientes de alta e m\u00e9dia tens\u00e3o (ind\u00fastrias e grandes com\u00e9rcios) haver\u00e1 aumento de 14,44% na tarifa de energia;\nPara clientes de baixa tens\u00e3o (propriedades rurais, pequenos com\u00e9rcios, etc) haver\u00e1 aumento de 12,32% na tarifa de energia;\nPara clientes residenciais haver\u00e1 aumento de 11,96% na tarifa de energia. \nNos processos de Reajustes Tarif\u00e1rios Anuais, a Aneel promove um reajuste na tarifa vigente a fim de corrigir seu valor pelo \u00edndice de infla\u00e7\u00e3o acumulado no \u00faltimo ano. Al\u00e9m disso, nesse processo a Aneel aplica um fator de ajuste que visa compartilhar com seus consumidores o ganho de efici\u00eancia obtido pela empresa e, com isso, diminuir o impacto do \u00edndice de reajuste anual. \nV\u00eddeos mais assistidos do g1 Para\u00edba  ","protected":false},"excerpt":{"rendered":"<p>        Aneel aprovou reajuste tarif\u00e1rio de 0,68% para clientes da Energisa Para\u00edba. Consumidores que fazem parte da Energisa Borborema sofrer\u00e3o aumento de 11,96%. Tarifa de energia fica mais cara para consumidores residenciais da Para\u00edba<br \/>\nASCOM ENERGIS&#8230;<\/p>\n","protected":false},"author":2,"featured_media":0,"comment_status":"closed","ping_status":"closed","sticky":false,"template":"","format":"standard","meta":{"advgb_blocks_editor_width":"","advgb_blocks_columns_visual_guide":"","footnotes":""},"categories":[34],"tags":[35],"class_list":["post-30742","post","type-post","status-publish","format-standard","hentry","category-g1","tag-g1"],"author_meta":{"display_name":"g1 &gt; Para\u00edba","author_link":"https:\/\/sindaopcpb.org.br\/author\/g1-paraiba\/"},"featured_img":null,"coauthors":[],"tax_additional":{"categories":{"linked":["<a href=\"https:\/\/sindaopcpb.org.br\/g1\/\" class=\"advgb-post-tax-term\">G1<\/a>"],"unlinked":["<span class=\"advgb-post-tax-term\">G1<\/span>"]},"tags":{"linked":["<a href=\"https:\/\/sindaopcpb.org.br\/g1\/\" class=\"advgb-post-tax-term\">g1<\/a>"],"unlinked":["<span class=\"advgb-post-tax-term\">g1<\/span>"]}},"comment_count":"0","relative_dates":{"created":"Publicado 3 anos atr\u00e1s","modified":"Atualizado 3 anos atr\u00e1s"},"absolute_dates":{"created":"Publicado em 22 de agosto de 2023","modified":"Atualizado em 22 de agosto de 2023"},"absolute_dates_time":{"created":"Publicado em 22 de agosto de 2023 11:28","modified":"Atualizado em 22 de agosto de 2023 11:28"},"featured_img_caption":"","series_order":"","_links":{"self":[{"href":"https:\/\/sindaopcpb.org.br\/index.php\/wp-json\/wp\/v2\/posts\/30742","targetHints":{"allow":["GET"]}}],"collection":[{"href":"https:\/\/sindaopcpb.org.br\/index.php\/wp-json\/wp\/v2\/posts"}],"about":[{"href":"https:\/\/sindaopcpb.org.br\/index.php\/wp-json\/wp\/v2\/types\/post"}],"author":[{"embeddable":true,"href":"https:\/\/sindaopcpb.org.br\/index.php\/wp-json\/wp\/v2\/users\/2"}],"replies":[{"embeddable":true,"href":"https:\/\/sindaopcpb.org.br\/index.php\/wp-json\/wp\/v2\/comments?post=30742"}],"version-history":[{"count":2,"href":"https:\/\/sindaopcpb.org.br\/index.php\/wp-json\/wp\/v2\/posts\/30742\/revisions"}],"predecessor-version":[{"id":30761,"href":"https:\/\/sindaopcpb.org.br\/index.php\/wp-json\/wp\/v2\/posts\/30742\/revisions\/30761"}],"wp:attachment":[{"href":"https:\/\/sindaopcpb.org.br\/index.php\/wp-json\/wp\/v2\/media?parent=30742"}],"wp:term":[{"taxonomy":"category","embeddable":true,"href":"https:\/\/sindaopcpb.org.br\/index.php\/wp-json\/wp\/v2\/categories?post=30742"},{"taxonomy":"post_tag","embeddable":true,"href":"https:\/\/sindaopcpb.org.br\/index.php\/wp-json\/wp\/v2\/tags?post=30742"}],"curies":[{"name":"wp","href":"https:\/\/api.w.org\/{rel}","templated":true}]}}