{"id":30738,"date":"2023-08-22T10:41:36","date_gmt":"2023-08-22T13:41:36","guid":{"rendered":"https:\/\/wpa.wscom.com.br\/?p=919181"},"modified":"2023-08-22T10:41:36","modified_gmt":"2023-08-22T13:41:36","slug":"empresario-glicerio-feitosa-anuncia-filiacao-ao-solidariedade-e-confirma-pre-candidatura-a-prefeito-de-bayeux","status":"publish","type":"post","link":"https:\/\/sindaopcpb.org.br\/index.php\/2023\/08\/22\/empresario-glicerio-feitosa-anuncia-filiacao-ao-solidariedade-e-confirma-pre-candidatura-a-prefeito-de-bayeux\/","title":{"rendered":"Empres\u00e1rio Glic\u00e9rio Feitosa anuncia filia\u00e7\u00e3o ao Solidariedade e confirma pr\u00e9-candidatura a prefeito de Bayeux"},"content":{"rendered":"<p>&nbsp;<\/p>\n<p>O empres\u00e1rio Glic\u00e9rio Feitosa aceitou o convite do deputado estadual Eduardo Carneiro para ingressar no Solidariedade e ser a op\u00e7\u00e3o do partido na disputa para prefeito da cidade de Bayeux, na Grande Jo\u00e3o Pessoa. At\u00e9 ent\u00e3o, ele estava filiado ao Uni\u00e3o Brasil.<\/p>\n<p>A partir de agora, Glic\u00e9rio passa a comandar o diret\u00f3rio municipal com a tarefa de fortalecer sua pr\u00e9-candidatura e tamb\u00e9m formar uma chapa competitiva para eleger o maior n\u00famero de vereadores na cidade.<\/p>\n<p>Com atua\u00e7\u00e3o no setor supermercadista, Glic\u00e9rio vem sendo considerado como uma nova op\u00e7\u00e3o da pol\u00edtica na cidade, pontuando bem na corrida pela prefeitura.<\/p>\n<p>Eduardo Carneiro se disse muito feliz com a filia\u00e7\u00e3o do jovem empres\u00e1rio, que trabalha diariamente gerando emprego e renda para Bayeux, e que det\u00e9m o melhor nome para comandar a cidade a partir de 2025. \u201cO nosso agradecimento a Glic\u00e9rio por aceitar o nosso convite e disputar a prefeitura de Bayeux no pr\u00f3ximo ano. Temos a plena convic\u00e7\u00e3o que ele tem todas as condi\u00e7\u00f5es de vencer a disputa e ser o pr\u00f3ximo gestor da cidade, e para isso conta com todo o nosso apoio\u201d, afirmou.<\/p>\n<p>Por sua vez, Glic\u00e9rio destacou o trabalho e compromisso do deputado Eduardo Carneiro com a cidade de Bayeux, onde \u00e9 uma das lideran\u00e7as pol\u00edticas mais bem votadas. \u201cConhecemos o trabalho do deputado Eduardo e aceitamos com muita honra o convite para ingressar num partido s\u00e9rio e comprometido com o desenvolvimento da Para\u00edba, onde temos inclusive, a seguran\u00e7a necess\u00e1ria para disputarmos e vencermos a disputa\u201d, comentou.<\/p>\n<p>Com a chegada de Glic\u00e9rio em Bayeux, o Solidariedade vai se consolidando como a legenda que mais se fortalece na Regi\u00e3o Metropolitana, participando ativamente nas cidades de Jo\u00e3o Pessoa, Santa Rita, Cabedelo, Conde e Pitimbu. \u201cO partido vem forte na Grande Jo\u00e3o Pessoa e com certeza ser\u00e1 decisivo nas pr\u00f3ximas elei\u00e7\u00f5es municipais, elegendo prefeitos, vice-prefeitos e um bom n\u00famero de vereadores\u201d, arrematou.<\/p>\n<p>O post <a rel=\"nofollow noopener\" href=\"https:\/\/wscom.com.br\/empresario-glicerio-feitosa-anuncia-filiacao-ao-solidariedade\/\" target=\"_blank\">Empres\u00e1rio Glic\u00e9rio Feitosa anuncia filia\u00e7\u00e3o ao Solidariedade e confirma pr\u00e9-candidatura a prefeito de Bayeux<\/a> apareceu primeiro em <a rel=\"nofollow noopener\" href=\"https:\/\/wscom.com.br\/\" target=\"_blank\">WSCOM<\/a>.<\/p>\n","protected":false},"excerpt":{"rendered":"<p>\u00a0 O empres\u00e1rio Glic\u00e9rio Feitosa aceitou o convite do deputado estadual Eduardo Carneiro para ingressar no Solidariedade e ser a op\u00e7\u00e3o do partido na disputa para prefeito da cidade de Bayeux, na Grande Jo\u00e3o Pessoa. At\u00e9 ent\u00e3o, ele estava filiado ao Uni\u00e3o Brasil. A partir de agora, Glic\u00e9rio passa a comandar o diret\u00f3rio municipal com [\u2026]<\/p>\n<p>O post <a rel=\"nofollow\" href=\"https:\/\/wscom.com.br\/empresario-glicerio-feitosa-anuncia-filiacao-ao-solidariedade\/\">Empres\u00e1rio Glic\u00e9rio Feitosa anuncia filia\u00e7\u00e3o ao Solidariedade e confirma pr\u00e9-candidatura a prefeito de Bayeux<\/a> apareceu primeiro em <a rel=\"nofollow\" href=\"https:\/\/wscom.com.br\/\">WSCOM<\/a>.<\/p>\n","protected":false},"author":50,"featured_media":0,"comment_status":"closed","ping_status":"closed","sticky":false,"template":"","format":"standard","meta":{"advgb_blocks_editor_width":"","advgb_blocks_columns_visual_guide":"","footnotes":""},"categories":[327,34,1805,47,4174],"tags":[35],"class_list":["post-30738","post","type-post","status-publish","format-standard","hentry","category-bayeux","category-g1","category-glicerio","category-politica","category-solidariedade","tag-g1"],"author_meta":{"display_name":"Wallyson","author_link":"https:\/\/sindaopcpb.org.br\/author\/wallyson\/"},"featured_img":null,"coauthors":[],"tax_additional":{"categories":{"linked":["<a href=\"https:\/\/sindaopcpb.org.br\/bayeux\/\" class=\"advgb-post-tax-term\">bayeux<\/a>","<a href=\"https:\/\/sindaopcpb.org.br\/g1\/\" class=\"advgb-post-tax-term\">G1<\/a>","<a href=\"https:\/\/sindaopcpb.org.br\/glicerio\/\" class=\"advgb-post-tax-term\">glicerio<\/a>","<a href=\"https:\/\/sindaopcpb.org.br\/politica\/\" class=\"advgb-post-tax-term\">POLITICA<\/a>","<a href=\"https:\/\/sindaopcpb.org.br\/solidariedade\/\" class=\"advgb-post-tax-term\">solidariedade<\/a>"],"unlinked":["<span class=\"advgb-post-tax-term\">bayeux<\/span>","<span class=\"advgb-post-tax-term\">G1<\/span>","<span class=\"advgb-post-tax-term\">glicerio<\/span>","<span class=\"advgb-post-tax-term\">POLITICA<\/span>","<span class=\"advgb-post-tax-term\">solidariedade<\/span>"]},"tags":{"linked":["<a href=\"https:\/\/sindaopcpb.org.br\/solidariedade\/\" class=\"advgb-post-tax-term\">g1<\/a>"],"unlinked":["<span class=\"advgb-post-tax-term\">g1<\/span>"]}},"comment_count":"0","relative_dates":{"created":"Publicado 3 anos atr\u00e1s","modified":"Atualizado 3 anos atr\u00e1s"},"absolute_dates":{"created":"Publicado em 22 de agosto de 2023","modified":"Atualizado em 22 de agosto de 2023"},"absolute_dates_time":{"created":"Publicado em 22 de agosto de 2023 10:41","modified":"Atualizado em 22 de agosto de 2023 10:41"},"featured_img_caption":"","series_order":"","_links":{"self":[{"href":"https:\/\/sindaopcpb.org.br\/index.php\/wp-json\/wp\/v2\/posts\/30738","targetHints":{"allow":["GET"]}}],"collection":[{"href":"https:\/\/sindaopcpb.org.br\/index.php\/wp-json\/wp\/v2\/posts"}],"about":[{"href":"https:\/\/sindaopcpb.org.br\/index.php\/wp-json\/wp\/v2\/types\/post"}],"author":[{"embeddable":true,"href":"https:\/\/sindaopcpb.org.br\/index.php\/wp-json\/wp\/v2\/users\/50"}],"replies":[{"embeddable":true,"href":"https:\/\/sindaopcpb.org.br\/index.php\/wp-json\/wp\/v2\/comments?post=30738"}],"version-history":[{"count":1,"href":"https:\/\/sindaopcpb.org.br\/index.php\/wp-json\/wp\/v2\/posts\/30738\/revisions"}],"predecessor-version":[{"id":30739,"href":"https:\/\/sindaopcpb.org.br\/index.php\/wp-json\/wp\/v2\/posts\/30738\/revisions\/30739"}],"wp:attachment":[{"href":"https:\/\/sindaopcpb.org.br\/index.php\/wp-json\/wp\/v2\/media?parent=30738"}],"wp:term":[{"taxonomy":"category","embeddable":true,"href":"https:\/\/sindaopcpb.org.br\/index.php\/wp-json\/wp\/v2\/categories?post=30738"},{"taxonomy":"post_tag","embeddable":true,"href":"https:\/\/sindaopcpb.org.br\/index.php\/wp-json\/wp\/v2\/tags?post=30738"}],"curies":[{"name":"wp","href":"https:\/\/api.w.org\/{rel}","templated":true}]}}