{"id":30734,"date":"2023-08-22T11:27:11","date_gmt":"2023-08-22T14:27:11","guid":{"rendered":"https:\/\/wpa.wscom.com.br\/?p=919189"},"modified":"2023-08-22T11:27:11","modified_gmt":"2023-08-22T14:27:11","slug":"jane-panta-volta-a-alpb-apos-tratamento-contra-cancer-de-mama-nao-me-entreguei-a-doenca","status":"publish","type":"post","link":"https:\/\/sindaopcpb.org.br\/index.php\/2023\/08\/22\/jane-panta-volta-a-alpb-apos-tratamento-contra-cancer-de-mama-nao-me-entreguei-a-doenca\/","title":{"rendered":"Jane Panta volta \u00e0 ALPB ap\u00f3s tratamento contra c\u00e2ncer de mama: \u201cN\u00e3o me entreguei \u00e0 doen\u00e7a\u201d"},"content":{"rendered":"<p>A deputada estadual Jane Panta (PP) voltou presencialmente \u00e0 Assembleia Legislativa da Para\u00edba (ALPB) nesta ter\u00e7a-feira, ap\u00f3s passar por tratamento de um c\u00e2ncer de mama. Ela declarou estar revigorada e vivendo sua melhor fase.<\/p>\n<p>&#8220;Eu continuei participando de forma virtual. Eu aceitei a doen\u00e7a, n\u00e3o me entreguei a ela. Continuei trabalhando, ocupando minha mente, e hoje estou muito feliz por estar aqui pessoalmente. Quero que n\u00e3o apenas as mulheres, mas todas as pessoas que est\u00e3o passando por algo semelhante entendam que tudo passa. Hoje estou no meu melhor momento, volto revigorada, renovada e com mais energia. Com certeza, isso nos torna at\u00e9 pessoas melhores&#8221;, disse.<\/p>\n<blockquote class=\"instagram-media\" style=\"background: #FFF; border: 0; border-radius: 3px; box-shadow: 0 0 1px 0 rgba(0,0,0,0.5),0 1px 10px 0 rgba(0,0,0,0.15); margin: 1px; max-width: 540px; min-width: 326px; padding: 0; width: calc(100% - 2px);\" data-instgrm-captioned=\"\" data-instgrm-permalink=\"https:\/\/www.instagram.com\/reel\/CwQCGcsoppb\/?utm_source=ig_embed&amp;utm_campaign=loading\" data-instgrm-version=\"14\">\n<div style=\"padding: 16px;\">\n<p>&nbsp;<\/p>\n<div style=\"display: flex; flex-direction: row; align-items: center;\">\n<div style=\"background-color: #f4f4f4; border-radius: 50%; flex-grow: 0; height: 40px; margin-right: 14px; width: 40px;\"><\/div>\n<div style=\"display: flex; flex-direction: column; flex-grow: 1; justify-content: center;\">\n<div style=\"background-color: #f4f4f4; border-radius: 4px; flex-grow: 0; height: 14px; margin-bottom: 6px; width: 100px;\"><\/div>\n<div style=\"background-color: #f4f4f4; border-radius: 4px; flex-grow: 0; height: 14px; width: 60px;\"><\/div>\n<\/div>\n<\/div>\n<div style=\"padding: 19% 0;\"><\/div>\n<div style=\"display: block; height: 50px; margin: 0 auto 12px; width: 50px;\"><\/div>\n<div style=\"padding-top: 8px;\">\n<div style=\"color: #3897f0; font-family: Arial,sans-serif; font-size: 14px; font-style: normal; font-weight: 550; line-height: 18px;\">Ver essa foto no Instagram<\/div>\n<\/div>\n<div style=\"padding: 12.5% 0;\"><\/div>\n<div style=\"display: flex; flex-direction: row; margin-bottom: 14px; align-items: center;\">\n<div>\n<div style=\"background-color: #f4f4f4; border-radius: 50%; height: 12.5px; width: 12.5px; transform: translateX(0px) translateY(7px);\"><\/div>\n<div style=\"background-color: #f4f4f4; height: 12.5px; transform: rotate(-45deg) translateX(3px) translateY(1px); width: 12.5px; flex-grow: 0; margin-right: 14px; margin-left: 2px;\"><\/div>\n<div style=\"background-color: #f4f4f4; border-radius: 50%; height: 12.5px; width: 12.5px; transform: translateX(9px) translateY(-18px);\"><\/div>\n<\/div>\n<div style=\"margin-left: 8px;\">\n<div style=\"background-color: #f4f4f4; border-radius: 50%; flex-grow: 0; height: 20px; width: 20px;\"><\/div>\n<div style=\"width: 0; height: 0; border-top: 2px solid transparent; border-left: 6px solid #f4f4f4; border-bottom: 2px solid transparent; transform: translateX(16px) translateY(-4px) rotate(30deg);\"><\/div>\n<\/div>\n<div style=\"margin-left: auto;\">\n<div style=\"width: 0px; border-top: 8px solid #F4F4F4; border-right: 8px solid transparent; transform: translateY(16px);\"><\/div>\n<div style=\"background-color: #f4f4f4; flex-grow: 0; height: 12px; width: 16px; transform: translateY(-4px);\"><\/div>\n<div style=\"width: 0; height: 0; border-top: 8px solid #F4F4F4; border-left: 8px solid transparent; transform: translateY(-4px) translateX(8px);\"><\/div>\n<\/div>\n<\/div>\n<div style=\"display: flex; flex-direction: column; flex-grow: 1; justify-content: center; margin-bottom: 24px;\">\n<div style=\"background-color: #f4f4f4; border-radius: 4px; flex-grow: 0; height: 14px; margin-bottom: 6px; width: 224px;\"><\/div>\n<div style=\"background-color: #f4f4f4; border-radius: 4px; flex-grow: 0; height: 14px; width: 144px;\"><\/div>\n<\/div>\n<p>&nbsp;<\/p>\n<p style=\"color: #c9c8cd; font-family: Arial,sans-serif; font-size: 14px; line-height: 17px; margin-bottom: 0; margin-top: 8px; overflow: hidden; padding: 8px 0 7px; text-align: center; text-overflow: ellipsis; white-space: nowrap;\"><a style=\"color: #c9c8cd; font-family: Arial,sans-serif; font-size: 14px; font-style: normal; font-weight: normal; line-height: 17px; text-decoration: none;\" href=\"https:\/\/www.instagram.com\/reel\/CwQCGcsoppb\/?utm_source=ig_embed&amp;utm_campaign=loading\" rel=\"noopener nofollow\" target=\"_blank\">Uma publica\u00e7\u00e3o compartilhada por Portal WSCOM (@portalwscom)<\/a><\/p>\n<\/div>\n<\/blockquote>\n<p><script async src=\"https:\/\/www.instagram.com\/embed.js\"><\/script><\/p>\n<p>Ap\u00f3s o tratamento, Jane tamb\u00e9m compartilhou sua vis\u00e3o sobre pol\u00edticas p\u00fablicas para pessoas que est\u00e3o enfrentando a doen\u00e7a.<\/p>\n<p>&#8220;Antes, eu defendia o atendimento r\u00e1pido, agilizado, para que as pessoas n\u00e3o esperassem tanto em uma fila. Hoje vejo que o tratamento n\u00e3o se resume apenas a isso. Agora defendo, al\u00e9m disso, a participa\u00e7\u00e3o da fam\u00edlia. Setenta por cento do tratamento \u00e9 a participa\u00e7\u00e3o da fam\u00edlia, a humaniza\u00e7\u00e3o, como o paciente \u00e9 recebido&#8221;, declarou.<\/p>\n<p>O post <a rel=\"nofollow noopener\" href=\"https:\/\/wscom.com.br\/jane-panta-volta-a-alpb-apos-tratamento-contra-cancer\/\" target=\"_blank\">Jane Panta volta \u00e0 ALPB ap\u00f3s tratamento contra c\u00e2ncer de mama: &#8220;N\u00e3o me entreguei \u00e0 doen\u00e7a&#8221;<\/a> apareceu primeiro em <a rel=\"nofollow noopener\" href=\"https:\/\/wscom.com.br\/\" target=\"_blank\">WSCOM<\/a>.<\/p>\n","protected":false},"excerpt":{"rendered":"<p>A deputada estadual Jane Panta (PP) voltou presencialmente \u00e0 Assembleia Legislativa da Para\u00edba (ALPB) nesta ter\u00e7a-feira, ap\u00f3s passar por tratamento de um c\u00e2ncer de mama. Ela declarou estar revigorada e vivendo sua melhor fase. \u201cEu continuei participando de forma virtual. Eu aceitei a doen\u00e7a, n\u00e3o me entreguei a ela. Continuei trabalhando, ocupando minha mente, e [\u2026]<\/p>\n<p>O post <a rel=\"nofollow\" href=\"https:\/\/wscom.com.br\/jane-panta-volta-a-alpb-apos-tratamento-contra-cancer\/\">Jane Panta volta \u00e0 ALPB ap\u00f3s tratamento contra c\u00e2ncer de mama: \u201cN\u00e3o me entreguei \u00e0 doen\u00e7a\u201d<\/a> apareceu primeiro em <a rel=\"nofollow\" href=\"https:\/\/wscom.com.br\/\">WSCOM<\/a>.<\/p>\n","protected":false},"author":50,"featured_media":0,"comment_status":"closed","ping_status":"closed","sticky":false,"template":"","format":"standard","meta":{"advgb_blocks_editor_width":"","advgb_blocks_columns_visual_guide":"","footnotes":""},"categories":[34,7443,7444,47],"tags":[35],"class_list":["post-30734","post","type-post","status-publish","format-standard","hentry","category-g1","category-jane","category-panta","category-politica","tag-g1"],"author_meta":{"display_name":"Wallyson","author_link":"https:\/\/sindaopcpb.org.br\/author\/wallyson\/"},"featured_img":null,"coauthors":[],"tax_additional":{"categories":{"linked":["<a href=\"https:\/\/sindaopcpb.org.br\/g1\/\" class=\"advgb-post-tax-term\">G1<\/a>","<a href=\"https:\/\/sindaopcpb.org.br\/jane\/\" class=\"advgb-post-tax-term\">Jane<\/a>","<a href=\"https:\/\/sindaopcpb.org.br\/panta\/\" class=\"advgb-post-tax-term\">PANTA<\/a>","<a href=\"https:\/\/sindaopcpb.org.br\/politica\/\" class=\"advgb-post-tax-term\">POLITICA<\/a>"],"unlinked":["<span class=\"advgb-post-tax-term\">G1<\/span>","<span class=\"advgb-post-tax-term\">Jane<\/span>","<span class=\"advgb-post-tax-term\">PANTA<\/span>","<span class=\"advgb-post-tax-term\">POLITICA<\/span>"]},"tags":{"linked":["<a href=\"https:\/\/sindaopcpb.org.br\/politica\/\" class=\"advgb-post-tax-term\">g1<\/a>"],"unlinked":["<span class=\"advgb-post-tax-term\">g1<\/span>"]}},"comment_count":"0","relative_dates":{"created":"Publicado 3 anos atr\u00e1s","modified":"Atualizado 3 anos atr\u00e1s"},"absolute_dates":{"created":"Publicado em 22 de agosto de 2023","modified":"Atualizado em 22 de agosto de 2023"},"absolute_dates_time":{"created":"Publicado em 22 de agosto de 2023 11:27","modified":"Atualizado em 22 de agosto de 2023 11:27"},"featured_img_caption":"","series_order":"","_links":{"self":[{"href":"https:\/\/sindaopcpb.org.br\/index.php\/wp-json\/wp\/v2\/posts\/30734","targetHints":{"allow":["GET"]}}],"collection":[{"href":"https:\/\/sindaopcpb.org.br\/index.php\/wp-json\/wp\/v2\/posts"}],"about":[{"href":"https:\/\/sindaopcpb.org.br\/index.php\/wp-json\/wp\/v2\/types\/post"}],"author":[{"embeddable":true,"href":"https:\/\/sindaopcpb.org.br\/index.php\/wp-json\/wp\/v2\/users\/50"}],"replies":[{"embeddable":true,"href":"https:\/\/sindaopcpb.org.br\/index.php\/wp-json\/wp\/v2\/comments?post=30734"}],"version-history":[{"count":1,"href":"https:\/\/sindaopcpb.org.br\/index.php\/wp-json\/wp\/v2\/posts\/30734\/revisions"}],"predecessor-version":[{"id":30735,"href":"https:\/\/sindaopcpb.org.br\/index.php\/wp-json\/wp\/v2\/posts\/30734\/revisions\/30735"}],"wp:attachment":[{"href":"https:\/\/sindaopcpb.org.br\/index.php\/wp-json\/wp\/v2\/media?parent=30734"}],"wp:term":[{"taxonomy":"category","embeddable":true,"href":"https:\/\/sindaopcpb.org.br\/index.php\/wp-json\/wp\/v2\/categories?post=30734"},{"taxonomy":"post_tag","embeddable":true,"href":"https:\/\/sindaopcpb.org.br\/index.php\/wp-json\/wp\/v2\/tags?post=30734"}],"curies":[{"name":"wp","href":"https:\/\/api.w.org\/{rel}","templated":true}]}}