{"id":30730,"date":"2023-08-22T12:31:16","date_gmt":"2023-08-22T15:31:16","guid":{"rendered":"https:\/\/wpa.wscom.com.br\/?p=919197"},"modified":"2023-08-22T12:31:16","modified_gmt":"2023-08-22T15:31:16","slug":"cartaxo-minimiza-possiveis-divergencias-de-pv-e-pcdob-por-candidatura-do-pt-em-2024-decisao-sera-seguida","status":"publish","type":"post","link":"https:\/\/sindaopcpb.org.br\/index.php\/2023\/08\/22\/cartaxo-minimiza-possiveis-divergencias-de-pv-e-pcdob-por-candidatura-do-pt-em-2024-decisao-sera-seguida\/","title":{"rendered":"Cartaxo minimiza poss\u00edveis diverg\u00eancias de PV e PCdoB por candidatura do PT em 2024: \u201cDecis\u00e3o ser\u00e1 seguida\u201d"},"content":{"rendered":"<p>O deputado estadual Luciano Cartaxo (PT) declarou nesta ter\u00e7a-feira que a decis\u00e3o do vereador Marcos Henriques (PT) em abrir m\u00e3o de sua pr\u00e9-candidatura a prefeito de Jo\u00e3o Pessoa foi tomada ap\u00f3s muito di\u00e1logo interno. Ele defendeu um consenso na legenda para a escolha do nome petista que deve disputar a elei\u00e7\u00e3o na capital em 2024.<\/p>\n<p>&#8220;Da mesma forma que o vereador Marcos Henriques tomou uma iniciativa com muito di\u00e1logo interno e muita maturidade, outros tamb\u00e9m est\u00e3o realizando esse debate internamente. Eu acredito muito na maturidade. Vamos fazer isso com muita tranquilidade, tanto o PT Estadual, o PT Municipal e a dire\u00e7\u00e3o Nacional, al\u00e9m do grupo de trabalho Eleitoral do PT, est\u00e3o avaliando o cen\u00e1rio na capital. Vamos alcan\u00e7ar essa unidade, pois isso ser\u00e1 importante para a nossa vit\u00f3ria&#8221;, declarou.<\/p>\n<p>Cartaxo ainda minimizou poss\u00edveis diverg\u00eancias dentro da Federa\u00e7\u00e3o, que inclui os partidos PV e PCdoB. Ele lembrou que o PT possui maior poder de decis\u00e3o no grupo.<\/p>\n<p>&#8220;Estamos conduzindo um debate interno. Eles fazem parte da Federa\u00e7\u00e3o e a decis\u00e3o que a Federa\u00e7\u00e3o tomar\u00e1 tamb\u00e9m ser\u00e1 seguida por todos. Essa \u00e9 a minha compreens\u00e3o, e vamos realizar isso de maneira conjunta. O PV n\u00e3o possui candidato a prefeito de Jo\u00e3o Pessoa, e o PCdoB tamb\u00e9m n\u00e3o tem candidato a prefeito na cidade, o que facilita muito o debate e a constru\u00e7\u00e3o da unidade.&#8221;<\/p>\n<p>O post <a rel=\"nofollow noopener\" href=\"https:\/\/wscom.com.br\/cartaxo-minimiza-possiveis-divergencias-de-pv-e-pcdob-por-candidatura\/\" target=\"_blank\">Cartaxo minimiza poss\u00edveis diverg\u00eancias de PV e PCdoB por candidatura do PT em 2024: &#8220;Decis\u00e3o ser\u00e1 seguida&#8221;<\/a> apareceu primeiro em <a rel=\"nofollow noopener\" href=\"https:\/\/wscom.com.br\/\" target=\"_blank\">WSCOM<\/a>.<\/p>\n","protected":false},"excerpt":{"rendered":"<p>O deputado estadual Luciano Cartaxo (PT) declarou nesta ter\u00e7a-feira que a decis\u00e3o do vereador Marcos Henriques (PT) em abrir m\u00e3o de sua pr\u00e9-candidatura a prefeito de Jo\u00e3o Pessoa foi tomada ap\u00f3s muito di\u00e1logo interno. Ele defendeu um consenso na legenda para a escolha do nome petista que deve disputar a elei\u00e7\u00e3o na capital em 2024. [\u2026]<\/p>\n<p>O post <a rel=\"nofollow\" href=\"https:\/\/wscom.com.br\/cartaxo-minimiza-possiveis-divergencias-de-pv-e-pcdob-por-candidatura\/\">Cartaxo minimiza poss\u00edveis diverg\u00eancias de PV e PCdoB por candidatura do PT em 2024: \u201cDecis\u00e3o ser\u00e1 seguida\u201d<\/a> apareceu primeiro em <a rel=\"nofollow\" href=\"https:\/\/wscom.com.br\/\">WSCOM<\/a>.<\/p>\n","protected":false},"author":50,"featured_media":0,"comment_status":"closed","ping_status":"closed","sticky":false,"template":"","format":"standard","meta":{"advgb_blocks_editor_width":"","advgb_blocks_columns_visual_guide":"","footnotes":""},"categories":[812,34,47,813,3727],"tags":[35],"class_list":["post-30730","post","type-post","status-publish","format-standard","hentry","category-cartaxo","category-g1","category-politica","category-pt","category-pv","tag-g1"],"author_meta":{"display_name":"Wallyson","author_link":"https:\/\/sindaopcpb.org.br\/author\/wallyson\/"},"featured_img":null,"coauthors":[],"tax_additional":{"categories":{"linked":["<a href=\"https:\/\/sindaopcpb.org.br\/cartaxo\/\" class=\"advgb-post-tax-term\">cartaxo<\/a>","<a href=\"https:\/\/sindaopcpb.org.br\/g1\/\" class=\"advgb-post-tax-term\">G1<\/a>","<a href=\"https:\/\/sindaopcpb.org.br\/politica\/\" class=\"advgb-post-tax-term\">POLITICA<\/a>","<a href=\"https:\/\/sindaopcpb.org.br\/pt\/\" class=\"advgb-post-tax-term\">PT<\/a>","<a href=\"https:\/\/sindaopcpb.org.br\/pv\/\" class=\"advgb-post-tax-term\">PV<\/a>"],"unlinked":["<span class=\"advgb-post-tax-term\">cartaxo<\/span>","<span class=\"advgb-post-tax-term\">G1<\/span>","<span class=\"advgb-post-tax-term\">POLITICA<\/span>","<span class=\"advgb-post-tax-term\">PT<\/span>","<span class=\"advgb-post-tax-term\">PV<\/span>"]},"tags":{"linked":["<a href=\"https:\/\/sindaopcpb.org.br\/pv\/\" class=\"advgb-post-tax-term\">g1<\/a>"],"unlinked":["<span class=\"advgb-post-tax-term\">g1<\/span>"]}},"comment_count":"0","relative_dates":{"created":"Publicado 3 anos atr\u00e1s","modified":"Atualizado 3 anos atr\u00e1s"},"absolute_dates":{"created":"Publicado em 22 de agosto de 2023","modified":"Atualizado em 22 de agosto de 2023"},"absolute_dates_time":{"created":"Publicado em 22 de agosto de 2023 12:31","modified":"Atualizado em 22 de agosto de 2023 12:31"},"featured_img_caption":"","series_order":"","_links":{"self":[{"href":"https:\/\/sindaopcpb.org.br\/index.php\/wp-json\/wp\/v2\/posts\/30730","targetHints":{"allow":["GET"]}}],"collection":[{"href":"https:\/\/sindaopcpb.org.br\/index.php\/wp-json\/wp\/v2\/posts"}],"about":[{"href":"https:\/\/sindaopcpb.org.br\/index.php\/wp-json\/wp\/v2\/types\/post"}],"author":[{"embeddable":true,"href":"https:\/\/sindaopcpb.org.br\/index.php\/wp-json\/wp\/v2\/users\/50"}],"replies":[{"embeddable":true,"href":"https:\/\/sindaopcpb.org.br\/index.php\/wp-json\/wp\/v2\/comments?post=30730"}],"version-history":[{"count":1,"href":"https:\/\/sindaopcpb.org.br\/index.php\/wp-json\/wp\/v2\/posts\/30730\/revisions"}],"predecessor-version":[{"id":30731,"href":"https:\/\/sindaopcpb.org.br\/index.php\/wp-json\/wp\/v2\/posts\/30730\/revisions\/30731"}],"wp:attachment":[{"href":"https:\/\/sindaopcpb.org.br\/index.php\/wp-json\/wp\/v2\/media?parent=30730"}],"wp:term":[{"taxonomy":"category","embeddable":true,"href":"https:\/\/sindaopcpb.org.br\/index.php\/wp-json\/wp\/v2\/categories?post=30730"},{"taxonomy":"post_tag","embeddable":true,"href":"https:\/\/sindaopcpb.org.br\/index.php\/wp-json\/wp\/v2\/tags?post=30730"}],"curies":[{"name":"wp","href":"https:\/\/api.w.org\/{rel}","templated":true}]}}