{"id":30688,"date":"2023-08-22T10:24:37","date_gmt":"2023-08-22T13:24:37","guid":{"rendered":"https:\/\/www.infomoney.com.br\/?p=2222181"},"modified":"2023-08-22T10:24:37","modified_gmt":"2023-08-22T13:24:37","slug":"pacheco-brecha-da-reforma-para-estado-criar-imposto-gera-inseguranca","status":"publish","type":"post","link":"https:\/\/sindaopcpb.org.br\/index.php\/2023\/08\/22\/pacheco-brecha-da-reforma-para-estado-criar-imposto-gera-inseguranca\/","title":{"rendered":"Pacheco: brecha da reforma para estado criar imposto gera inseguran\u00e7a"},"content":{"rendered":"<p><img loading=\"lazy\" width=\"300\" height=\"225\" src=\"https:\/\/www.infomoney.com.br\/wp-content\/uploads\/2023\/08\/reuniao-reforma-tributaria_mcamgo_abr_11072023-13.jpg?fit=300%2C225&amp;quality=70&amp;strip=all\" class=\"attachment-medium size-medium wp-post-image\" alt=\"\" decoding=\"async\" style=\"float:right; margin:0 0 10px 10px;\" srcset=\"https:\/\/www.infomoney.com.br\/wp-content\/uploads\/2023\/08\/reuniao-reforma-tributaria_mcamgo_abr_11072023-13.jpg?w=1024&amp;quality=70&amp;strip=all 1024w, https:\/\/www.infomoney.com.br\/wp-content\/uploads\/2023\/08\/reuniao-reforma-tributaria_mcamgo_abr_11072023-13.jpg?w=300&amp;quality=70&amp;strip=all 300w, https:\/\/www.infomoney.com.br\/wp-content\/uploads\/2023\/08\/reuniao-reforma-tributaria_mcamgo_abr_11072023-13.jpg?w=768&amp;quality=70&amp;strip=all 768w, https:\/\/www.infomoney.com.br\/wp-content\/uploads\/2023\/08\/reuniao-reforma-tributaria_mcamgo_abr_11072023-13.jpg?w=150&amp;quality=70&amp;strip=all 150w\" sizes=\"auto, (max-width: 300px) 100vw, 300px\" data-attachment-id=\"2222188\" data-permalink=\"https:\/\/www.infomoney.com.br\/politica\/pacheco-brecha-da-reforma-para-estado-criar-imposto-gera-inseguranca\/attachment\/reuniao-reforma-tributaria_mcamgo_abr_11072023-13\/\" data-orig-file=\"https:\/\/www.infomoney.com.br\/wp-content\/uploads\/2023\/08\/reuniao-reforma-tributaria_mcamgo_abr_11072023-13.jpg?fit=1024%2C768&amp;quality=70&amp;strip=all\" data-orig-size=\"1024,768\" data-comments-opened=\"0\" data-image-meta=\"{&quot;aperture&quot;:&quot;2.8&quot;,&quot;credit&quot;:&quot;Marcelo Camargo\\\/Ag\\u00eancia Brasil&quot;,&quot;camera&quot;:&quot;Canon EOS-1D X&quot;,&quot;caption&quot;:&quot;Bras\\u00edlia (DF), 11\\\/07\\\/2023 - O  presidente do Senado, Rodrigo Pacheco, durante coletiva ap\\u00f3s reuni\\u00e3o para tratar da tramita\\u00e7\\u00e3o da reforma tribut\\u00e1ria no Senado. Foto: Marcelo Camargo\\\/Ag\\u00eancia Brasil&quot;,&quot;created_timestamp&quot;:&quot;1689077296&quot;,&quot;copyright&quot;:&quot;Ag\\u00eancia Brasil\\\/EBC&quot;,&quot;focal_length&quot;:&quot;168&quot;,&quot;iso&quot;:&quot;1000&quot;,&quot;shutter_speed&quot;:&quot;0.003125&quot;,&quot;title&quot;:&quot;&quot;,&quot;orientation&quot;:&quot;0&quot;}\" data-image-title=\"Rodrigo Pacheco, presidente do Senado\" data-image-description=\"&lt;p&gt;Bras\u00edlia (DF), 11\/07\/2023 &#8211; O  presidente do Senado, Rodrigo Pacheco, durante coletiva ap\u00f3s reuni\u00e3o para tratar da tramita\u00e7\u00e3o da reforma tribut\u00e1ria no Senado. Foto: Marcelo Camargo\/Ag\u00eancia Brasil&lt;\/p&gt;\n\" data-image-caption=\"&lt;p&gt;Bras\u00edlia (DF), 11\/07\/2023 &#8211; O  presidente do Senado, Rodrigo Pacheco, durante coletiva ap\u00f3s reuni\u00e3o para tratar da tramita\u00e7\u00e3o da reforma tribut\u00e1ria no Senado. Foto: Marcelo Camargo\/Ag\u00eancia Brasil&lt;\/p&gt;\n\" data-medium-file=\"https:\/\/www.infomoney.com.br\/wp-content\/uploads\/2023\/08\/reuniao-reforma-tributaria_mcamgo_abr_11072023-13.jpg?fit=300%2C225&amp;quality=70&amp;strip=all\" data-large-file=\"https:\/\/www.infomoney.com.br\/wp-content\/uploads\/2023\/08\/reuniao-reforma-tributaria_mcamgo_abr_11072023-13.jpg?fit=1024%2C768&amp;quality=70&amp;strip=all\" title=\"\"><\/p>\n<p>O presidente do Senado, Rodrigo Pacheco (PSD-MG), criticou nesta segunda-feira (21) a possibilidade &ndash; aberta pelo texto da reforma tribut&aacute;ria aprovado na C&acirc;mara dos Deputados &ndash; de os estados criarem novos impostos. Para Pacheco, o Artigo 19 do texto aprovado na C&acirc;mara gera um ambiente de &ldquo;indefini&ccedil;&atilde;o e de alguma inseguran&ccedil;a&rdquo; e precisar&aacute; ser rediscutido no Senado, que agora aprecia a reforma.<\/p>\n<p>&ldquo;A pol&ecirc;mica do Artigo 19 na reda&ccedil;&atilde;o final &eacute; justamente porque se cria um ambiente de indefini&ccedil;&atilde;o e de alguma inseguran&ccedil;a, porque se o que se est&aacute; a buscar com a reforma tribut&aacute;ria &eacute; uma unifica&ccedil;&atilde;o tribut&aacute;ria. Dentro de uma l&oacute;gica nacional, de uma limita&ccedil;&atilde;o de al&iacute;quota e imposto &uacute;nico, se voc&ecirc; permite a algum ente federado alguma arrecada&ccedil;&atilde;o extra, a partir de seus pr&oacute;prios crit&eacute;rios, isso gera realmente uma indefini&ccedil;&atilde;o&rdquo;, disse, ap&oacute;s se reunir com industriais na sede da Federa&ccedil;&atilde;o das Ind&uacute;strias do Estado de S&atilde;o Paulo (Fiesp), na capital paulista.<\/p>\n<p>O presidente do Senado ressaltou que compreende as circunst&acirc;ncias em que o artigo foi aprovado pela C&acirc;mara dos Deputados, &ldquo;momento em que se precisava votar a reforma tribut&aacute;ria, conciliar os interesses, assimilar todos os desejos&rdquo;, mas que o tema ser&aacute; rediscutido pelos senadores e governadores.<\/p>\n<p>&ldquo;Se n&atilde;o houver um consenso de texto, naturalmente, a melhor forma de se solucionar &eacute; aquilo que se faz na pol&iacute;tica: a arte de escolher. Coloca para vota&ccedil;&atilde;o e vamos definir qual que &eacute; o entendimento da maioria dos senadores&rdquo;, disse, ap&oacute;s o encontro, que contou tamb&eacute;m com presidente da C&acirc;mara dos Deputados, Arthur Lira (PP-AL).<\/p>\n<p>Pacheco voltou a afirmar que a previs&atilde;o inicial &eacute; de que a reforma seja votada no Senado no dia 4 de outubro, coincidindo com o anivers&aacute;rio de 35 anos da Constitui&ccedil;&atilde;o Federal. Ele n&atilde;o descarta, no entanto, que a data poder&aacute; ser adiada. &ldquo;Se houver a necessidade de alongar por alguns dias, ou por algumas semanas, n&atilde;o h&aacute; problema algum. N&oacute;s precisamos ter seguran&ccedil;a para poder votar e votar um texto que seja seguro, para que a sociedade brasileira tenha a compreens&atilde;o do que exatamente se est&aacute; votando&rdquo;.<\/p>\n<h2><strong>Limita&ccedil;&atilde;o do IVA a 25%<\/strong><\/h2>\n<p>O presidente do Senado destacou ainda que n&atilde;o h&aacute; nenhuma defini&ccedil;&atilde;o sobre a institui&ccedil;&atilde;o de um teto de 25% no valor da al&iacute;quota do Imposto sobre Valor Agregado (IVA), que ser&aacute; criado pela reforma. Pacheco afirmou que o relator da reforma no Senado, o senador Eduardo Braga (MDB-AM), recomenda a limita&ccedil;&atilde;o, mas ressalvou que o tema dever&aacute; ser objeto de discuss&atilde;o dos senadores.<\/p>\n<p>&ldquo;Seria recomend&aacute;vel na &oacute;tica dele [senador Eduardo Braga] que houvesse um limite desde j&aacute; imposto pela Constitui&ccedil;&atilde;o em rela&ccedil;&atilde;o &agrave; al&iacute;quota. Mas, obviamente, essa &eacute; uma considera&ccedil;&atilde;o muito incipiente, ainda n&atilde;o decidida. E, evidentemente, isso vai ser objeto de muito e profundo di&aacute;logo&rdquo;, disse Pacheco.<\/p>\n<h2><strong>Isen&ccedil;&otilde;es ao Norte e Nordeste<\/strong><\/h2>\n<p>O presidente do Senado mencionou tamb&eacute;m sobre a manuten&ccedil;&atilde;o dos incentivos fiscais a programas nas regi&otilde;es Nordeste, especialmente &agrave; ind&uacute;stria automobil&iacute;stica, e Norte, como ocorre na Zona Franca de Manaus. De acordo com Pacheco, esse tema ser&aacute; tratado com base no conceito de que &ldquo;igualdade &eacute; tratar desigualmente os desiguais, na medida dessa desigualdade&rdquo;, e levando em considera&ccedil;&atilde;o os sacrif&iacute;cios hist&oacute;ricos impostos &agrave;s regi&otilde;es Norte e Nordeste do pa&iacute;s e a concentra&ccedil;&atilde;o da riqueza no Sul e Sudeste.<\/p>\n<p>&ldquo;Aquilo que j&aacute; est&aacute; colocado, essa realidade que j&aacute; se tem, desses incentivos, ela deve ser respeitada. Obviamente que ela n&atilde;o precisa ser eterna, mas ela precisa ser respeitada e, obviamente, dentro de um per&iacute;odo muito consider&aacute;vel. E &eacute; por isso que n&oacute;s vamos chamar todos os governadores da regi&atilde;o Norte, da regi&atilde;o Nordeste e vamos ouvi-los para entender o que que precisa ser feito&rdquo;, disse.<\/p>\n<p>Pacheco ressaltou que o Senado Federal tem maioria composta por parlamentares do Norte e do Nordeste, &ldquo;de modo que esses projetos s&atilde;o projetos muito caros ao Senado Federal, porque eles expressam que &eacute; o entendimento da maioria&rdquo;.<\/p>\n<\/p>\n<div class=\"cta-end\">\n<div class=\"im-cta\" >\n<div class=\"im-shortcode-forms bg-light bg-opacity-25 border rounded-4 p-3 p-sm-4 p-md-3 p-lg-4 px-xxl-5 my-5\" data-configuration='{\"form_name\":false,\"form_hat\":\"Newsletter\",\"form_email\":true,\"form_icon\":\"newsletter\",\"form_phone\":false,\"form_campaign\":\"NIM\",\"form_thankyou\":\"\",\"form_journey\":\"APIEvent-26a5198d-8e09-06ef-5f80-cd9127757ad1\",\"form_button\":\"Quero receber\",\"form_context\":\"newsletter\",\"form_origin\":\"https:\\\/\\\/www.infomoney.com.br\\\/politica\\\/feed\\\/?utm_medium=materia&#038;utm_source=infomoney&#038;utm_campaign=NIM&#038;utm_term=politica&#038;utm_content=newsletter\",\"form_position\":\"final\",\"form_category\":\"cta_form\"}'>\n<div class=\"d-flex flex-column align-items-center align-items-lg-start mb-4 flex-lg-row\">\n<div class=\"rounded-circle mb-2 mb-lg-0 mr-lg-4 me-lg-4 p-3 p-lg-4 bg-blue-400\"><svg width=\"40\" height=\"40\" viewBox=\"0 0 40 40\" fill=\"none\" xmlns=\"http:\/\/www.w3.org\/2000\/svg\"><path d=\"M20 20.25 6.042 11.042v19.041c0 .167.048.299.146.396a.535.535 0 0 0 .395.146h15.792V32.5H6.583a2.328 2.328 0 0 1-1.708-.708 2.328 2.328 0 0 1-.708-1.709V9.917c0-.667.236-1.236.708-1.709A2.328 2.328 0 0 1 6.583 7.5h26.834c.666 0 1.236.236 1.708.708a2.33 2.33 0 0 1 .708 1.709v12.458h-1.875V11.042L20 20.25Zm0-2 13.667-8.875H6.333L20 18.25Zm11.75 18.958-1.292-1.333 3.334-3.375h-9v-1.875h9l-3.375-3.417 1.333-1.291 5.667 5.625-5.667 5.666ZM6.042 11.042v20.791-9.458.25-13.25 1.667Z\" fill=\"#fff\"\/><\/svg><\/div>\n<div class=\"flex-fill text-center text-lg-left\">\n<div class=\"h6 small text-orange-700 lh-base mb-1\">Newsletter<\/div>\n<div class=\"text-body h4 m-0\">Infomorning<\/div>\n<div class=\"text-body small lh-base mt-2\">Receba no seu e-mail logo pela manh&atilde; as not&iacute;cias que v&atilde;o mexer com os mercados, com os seus investimentos e o seu bolso durante o dia<\/div>\n<\/div>\n<\/div>\n<\/div>\n<\/div>\n<\/div>\n<p>The post <a rel=\"nofollow noopener\" href=\"https:\/\/www.infomoney.com.br\/politica\/pacheco-brecha-da-reforma-para-estado-criar-imposto-gera-inseguranca\/\" target=\"_blank\">Pacheco: brecha da reforma para estado criar imposto gera inseguran\u00e7a<\/a> appeared first on <a rel=\"nofollow noopener\" href=\"https:\/\/www.infomoney.com.br\/\" target=\"_blank\">InfoMoney<\/a>.<\/p>\n","protected":false},"excerpt":{"rendered":"<p><img loading=\"lazy\" decoding=\"async\" width=\"300\" height=\"225\" src=\"https:\/\/www.infomoney.com.br\/wp-content\/uploads\/2023\/08\/reuniao-reforma-tributaria_mcamgo_abr_11072023-13.jpg?fit=300%2C225&amp;quality=70&amp;strip=all\" class=\"attachment-medium size-medium wp-post-image\" alt=\"\" data-attachment-id=\"2222188\" data-permalink=\"https:\/\/www.infomoney.com.br\/politica\/pacheco-brecha-da-reforma-para-estado-criar-imposto-gera-inseguranca\/attachment\/reuniao-reforma-tributaria_mcamgo_abr_11072023-13\/\" data-orig-file=\"https:\/\/www.infomoney.com.br\/wp-content\/uploads\/2023\/08\/reuniao-reforma-tributaria_mcamgo_abr_11072023-13.jpg?fit=1024%2C768&amp;quality=70&amp;strip=all\" data-orig-size=\"1024,768\" data-comments-opened=\"0\" data-image-meta='{\"aperture\":\"2.8\",\"credit\":\"Marcelo Camargo\\\/Ag\\u00eancia Brasil\",\"camera\":\"Canon EOS-1D X\",\"caption\":\"Bras\\u00edlia (DF), 11\\\/07\\\/2023 - O  presidente do Senado, Rodrigo Pacheco, durante coletiva ap\\u00f3s reuni\\u00e3o para tratar da tramita\\u00e7\\u00e3o da reforma tribut\\u00e1ria no Senado. Foto: Marcelo Camargo\\\/Ag\\u00eancia Brasil\",\"created_timestamp\":\"1689077296\",\"copyright\":\"Ag\\u00eancia Brasil\\\/EBC\",\"focal_length\":\"168\",\"iso\":\"1000\",\"shutter_speed\":\"0.003125\",\"title\":\"\",\"orientation\":\"0\"}' data-image-title=\"Rodrigo Pacheco, presidente do Senado\" data-image-description=\"&lt;p&gt;Bras\u00edlia (DF), 11\/07\/2023 \u2013 O  presidente do Senado, Rodrigo Pacheco, durante coletiva ap\u00f3s reuni\u00e3o para tratar da tramita\u00e7\u00e3o da reforma tribut\u00e1ria no Senado. Foto: Marcelo Camargo\/Ag\u00eancia Brasil&lt;\/p&gt;\n\" data-image-caption=\"&lt;p&gt;Bras\u00edlia (DF), 11\/07\/2023 \u2013 O  presidente do Senado, Rodrigo Pacheco, durante coletiva ap\u00f3s reuni\u00e3o para tratar da tramita\u00e7\u00e3o da reforma tribut\u00e1ria no Senado. Foto: Marcelo Camargo\/Ag\u00eancia Brasil&lt;\/p&gt;\n\" data-medium-file=\"https:\/\/www.infomoney.com.br\/wp-content\/uploads\/2023\/08\/reuniao-reforma-tributaria_mcamgo_abr_11072023-13.jpg?fit=300%2C225&amp;quality=70&amp;strip=all\" data-large-file=\"https:\/\/www.infomoney.com.br\/wp-content\/uploads\/2023\/08\/reuniao-reforma-tributaria_mcamgo_abr_11072023-13.jpg?fit=1024%2C768&amp;quality=70&amp;strip=all\">Previs\u00e3o inicial \u00e9 que proposta seja votada no Senado no dia 4 de outubro, coincidindo com o anivers\u00e1rio de 35 anos da Constitui\u00e7\u00e3o Federal<\/p>\n<p>The post <a rel=\"nofollow\" href=\"https:\/\/www.infomoney.com.br\/politica\/pacheco-brecha-da-reforma-para-estado-criar-imposto-gera-inseguranca\/\">Pacheco: brecha da reforma para estado criar imposto gera inseguran\u00e7a<\/a> appeared first on <a rel=\"nofollow\" href=\"https:\/\/www.infomoney.com.br\/\">InfoMoney<\/a>.<\/p>\n","protected":false},"author":44,"featured_media":0,"comment_status":"closed","ping_status":"closed","sticky":false,"template":"","format":"standard","meta":{"advgb_blocks_editor_width":"","advgb_blocks_columns_visual_guide":"","footnotes":""},"categories":[276,34,556,47,589,403],"tags":[35],"class_list":["post-30688","post","type-post","status-publish","format-standard","hentry","category-camara-dos-deputados","category-g1","category-impostos","category-politica","category-rodrigo-pacheco","category-senado","tag-g1"],"author_meta":{"display_name":"Ag\u00eancia Brasil","author_link":"https:\/\/sindaopcpb.org.br\/author\/agencia-brasil\/"},"featured_img":null,"coauthors":[],"tax_additional":{"categories":{"linked":["<a href=\"https:\/\/sindaopcpb.org.br\/camara-dos-deputados\/\" class=\"advgb-post-tax-term\">C\u00e2mara dos Deputados<\/a>","<a href=\"https:\/\/sindaopcpb.org.br\/g1\/\" class=\"advgb-post-tax-term\">G1<\/a>","<a href=\"https:\/\/sindaopcpb.org.br\/impostos\/\" class=\"advgb-post-tax-term\">Impostos<\/a>","<a href=\"https:\/\/sindaopcpb.org.br\/politica\/\" class=\"advgb-post-tax-term\">POLITICA<\/a>","<a href=\"https:\/\/sindaopcpb.org.br\/rodrigo-pacheco\/\" class=\"advgb-post-tax-term\">Rodrigo Pacheco<\/a>","<a href=\"https:\/\/sindaopcpb.org.br\/senado\/\" class=\"advgb-post-tax-term\">Senado<\/a>"],"unlinked":["<span class=\"advgb-post-tax-term\">C\u00e2mara dos Deputados<\/span>","<span class=\"advgb-post-tax-term\">G1<\/span>","<span class=\"advgb-post-tax-term\">Impostos<\/span>","<span class=\"advgb-post-tax-term\">POLITICA<\/span>","<span class=\"advgb-post-tax-term\">Rodrigo Pacheco<\/span>","<span class=\"advgb-post-tax-term\">Senado<\/span>"]},"tags":{"linked":["<a href=\"https:\/\/sindaopcpb.org.br\/senado\/\" class=\"advgb-post-tax-term\">g1<\/a>"],"unlinked":["<span class=\"advgb-post-tax-term\">g1<\/span>"]}},"comment_count":"0","relative_dates":{"created":"Publicado 3 anos atr\u00e1s","modified":"Atualizado 3 anos atr\u00e1s"},"absolute_dates":{"created":"Publicado em 22 de agosto de 2023","modified":"Atualizado em 22 de agosto de 2023"},"absolute_dates_time":{"created":"Publicado em 22 de agosto de 2023 10:24","modified":"Atualizado em 22 de agosto de 2023 10:24"},"featured_img_caption":"","series_order":"","_links":{"self":[{"href":"https:\/\/sindaopcpb.org.br\/index.php\/wp-json\/wp\/v2\/posts\/30688","targetHints":{"allow":["GET"]}}],"collection":[{"href":"https:\/\/sindaopcpb.org.br\/index.php\/wp-json\/wp\/v2\/posts"}],"about":[{"href":"https:\/\/sindaopcpb.org.br\/index.php\/wp-json\/wp\/v2\/types\/post"}],"author":[{"embeddable":true,"href":"https:\/\/sindaopcpb.org.br\/index.php\/wp-json\/wp\/v2\/users\/44"}],"replies":[{"embeddable":true,"href":"https:\/\/sindaopcpb.org.br\/index.php\/wp-json\/wp\/v2\/comments?post=30688"}],"version-history":[{"count":2,"href":"https:\/\/sindaopcpb.org.br\/index.php\/wp-json\/wp\/v2\/posts\/30688\/revisions"}],"predecessor-version":[{"id":30754,"href":"https:\/\/sindaopcpb.org.br\/index.php\/wp-json\/wp\/v2\/posts\/30688\/revisions\/30754"}],"wp:attachment":[{"href":"https:\/\/sindaopcpb.org.br\/index.php\/wp-json\/wp\/v2\/media?parent=30688"}],"wp:term":[{"taxonomy":"category","embeddable":true,"href":"https:\/\/sindaopcpb.org.br\/index.php\/wp-json\/wp\/v2\/categories?post=30688"},{"taxonomy":"post_tag","embeddable":true,"href":"https:\/\/sindaopcpb.org.br\/index.php\/wp-json\/wp\/v2\/tags?post=30688"}],"curies":[{"name":"wp","href":"https:\/\/api.w.org\/{rel}","templated":true}]}}