{"id":30674,"date":"2023-08-21T18:29:34","date_gmt":"2023-08-21T21:29:34","guid":{"rendered":"https:\/\/wpa.wscom.com.br\/?p=919101"},"modified":"2023-08-21T18:29:34","modified_gmt":"2023-08-21T21:29:34","slug":"ufpb-publica-nomeacoes-de-100-novos-servidores-para-o-cargo-de-assistente-em-administracao-confira-a-lista","status":"publish","type":"post","link":"https:\/\/sindaopcpb.org.br\/index.php\/2023\/08\/21\/ufpb-publica-nomeacoes-de-100-novos-servidores-para-o-cargo-de-assistente-em-administracao-confira-a-lista\/","title":{"rendered":"UFPB publica nomea\u00e7\u00f5es de 100 novos servidores para o cargo de Assistente em Administra\u00e7\u00e3o; confira a lista"},"content":{"rendered":"<p dir=\"ltr\">A Universidade Federal da Para\u00edba (UFPB) nomeou 100 novos aprovados para o cargo de Assistente em Administra\u00e7\u00e3o, que prestaram o concurso p\u00fablico para servidores t\u00e9cnico-administrativos regido pelo edital n\u00ba 53\/2022.<\/p>\n<p dir=\"ltr\">Assinada pelo Reitor Valdiney Gouveia, a Portaria n\u00ba 82, de 17 de agosto de 2023, foi publicada no<a href=\"https:\/\/www.in.gov.br\/en\/web\/dou\/-\/portaria-n-82-de-17-de-agosto-de-2023-504296523\" rel=\"noopener nofollow\" target=\"_blank\">\u00a0Di\u00e1rio Oficial da Uni\u00e3o (DOU)<\/a>\u00a0desta segunda-feira (21).<\/p>\n<p dir=\"ltr\"><strong>Confira <a href=\"https:\/\/www.in.gov.br\/en\/web\/dou\/-\/portaria-n-82-de-17-de-agosto-de-2023-504296523\" rel=\"nofollow noopener\" target=\"_blank\">aqui<\/a> a lista de convocados.<\/strong><\/p>\n<p dir=\"ltr\">A solenidade de posse est\u00e1 prevista para acontecer no dia 19 de setembro, de acordo com informa\u00e7\u00e3o da Pr\u00f3-reitora de Gest\u00e3o de Pessoas (Progep\/UFPB).<\/p>\n<p dir=\"ltr\">O Reitor da UFPB, professor Valdiney Gouveia, destaca a import\u00e2ncia de repor o quadro de servidores e que essa renova\u00e7\u00e3o contribui para o desenvolvimento da institui\u00e7\u00e3o.<\/p>\n<p dir=\"ltr\">Al\u00e9m disso, a quantidade de nomea\u00e7\u00f5es superou o n\u00famero de vagas ofertadas. Para Assistente em Administra\u00e7\u00e3o estavam previstas no edital do certame 74 vagas, no entanto foram nomeados 26 aprovados a mais do que o previsto. Deste mesmo concurso p\u00fablico, haviam sido nomeados, anteriormente,<a href=\"https:\/\/www.ufpb.br\/ufpb\/contents\/noticias\/publicadas-nomeacoes-de-49-aprovados-em-concurso-publico-da-ufpb\" rel=\"nofollow noopener\" target=\"_blank\">\u00a049 servidores<\/a>\u00a0dos cargos D e E, perfazendo ao todo 149 aprovados nomeados, embora a quantidade inicialmente ofertada no certame fossem 92 vagas no total.<\/p>\n<p dir=\"ltr\">Os novos servidores dever\u00e3o suprir vac\u00e2ncias decorrentes de exonera\u00e7\u00f5es, aposentadorias, dentre outros.<\/p>\n<p dir=\"ltr\">O concurso p\u00fablico regido pelo edital n\u00ba 53\/2022 foi realizado pelo Instituto Brasileiro de Forma\u00e7\u00e3o e Capacita\u00e7\u00e3o (IBFC). Para mais informa\u00e7\u00f5es e not\u00edcias sobre o certame, os candidatos tamb\u00e9m podem acessar o espa\u00e7o dedicado ao concurso no\u00a0<a href=\"https:\/\/www.progep.ufpb.br\/\" rel=\"noopener nofollow\" target=\"_blank\">site da Progep<\/a>.<\/p>\n<p>O post <a rel=\"nofollow noopener\" href=\"https:\/\/wscom.com.br\/ufpb-publica-nomeacoes-de-100-novos-servidores-para-o-cargo-de-assistente-em-administracao-confira-a-lista\/\" target=\"_blank\">UFPB publica nomea\u00e7\u00f5es de 100 novos servidores para o cargo de Assistente em Administra\u00e7\u00e3o; confira a lista<\/a> apareceu primeiro em <a rel=\"nofollow noopener\" href=\"https:\/\/wscom.com.br\/\" target=\"_blank\">WSCOM<\/a>.<\/p>\n","protected":false},"excerpt":{"rendered":"<p>A Universidade Federal da Para\u00edba (UFPB) nomeou 100 novos aprovados para o cargo de Assistente em Administra\u00e7\u00e3o, que prestaram o concurso p\u00fablico para servidores t\u00e9cnico-administrativos regido pelo edital n\u00ba 53\/2022. Assinada pelo Reitor Valdiney Gouveia, a Portaria n\u00ba 82, de 17 de agosto de 2023, foi publicada no\u00a0Di\u00e1rio Oficial da Uni\u00e3o (DOU)\u00a0desta segunda-feira (21). Confira [\u2026]<\/p>\n<p>O post <a rel=\"nofollow\" href=\"https:\/\/wscom.com.br\/ufpb-publica-nomeacoes-de-100-novos-servidores-para-o-cargo-de-assistente-em-administracao-confira-a-lista\/\">UFPB publica nomea\u00e7\u00f5es de 100 novos servidores para o cargo de Assistente em Administra\u00e7\u00e3o; confira a lista<\/a> apareceu primeiro em <a rel=\"nofollow\" href=\"https:\/\/wscom.com.br\/\">WSCOM<\/a>.<\/p>\n","protected":false},"author":49,"featured_media":0,"comment_status":"closed","ping_status":"closed","sticky":false,"template":"","format":"standard","meta":{"advgb_blocks_editor_width":"","advgb_blocks_columns_visual_guide":"","footnotes":""},"categories":[3662,1167,34,8013,54,6519,265],"tags":[35],"class_list":["post-30674","post","type-post","status-publish","format-standard","hentry","category-aprovados-em-concurso","category-concurso-publico","category-g1","category-novos-servidores","category-paraiba","category-reposicao-de-quadros","category-ufpb","tag-g1"],"author_meta":{"display_name":"Cristiane Cavalcante","author_link":"https:\/\/sindaopcpb.org.br\/author\/cristiane-cavalcante\/"},"featured_img":null,"coauthors":[],"tax_additional":{"categories":{"linked":["<a href=\"https:\/\/sindaopcpb.org.br\/aprovados-em-concurso\/\" class=\"advgb-post-tax-term\">aprovados em concurso<\/a>","<a href=\"https:\/\/sindaopcpb.org.br\/concurso-publico\/\" class=\"advgb-post-tax-term\">Concurso P\u00fablico<\/a>","<a href=\"https:\/\/sindaopcpb.org.br\/g1\/\" class=\"advgb-post-tax-term\">G1<\/a>","<a href=\"https:\/\/sindaopcpb.org.br\/novos-servidores\/\" class=\"advgb-post-tax-term\">novos servidores<\/a>","<a href=\"https:\/\/sindaopcpb.org.br\/paraiba\/\" class=\"advgb-post-tax-term\">Para\u00edba<\/a>","<a href=\"https:\/\/sindaopcpb.org.br\/reposicao-de-quadros\/\" class=\"advgb-post-tax-term\">reposi\u00e7\u00e3o de quadros<\/a>","<a href=\"https:\/\/sindaopcpb.org.br\/ufpb\/\" class=\"advgb-post-tax-term\">UFPB<\/a>"],"unlinked":["<span class=\"advgb-post-tax-term\">aprovados em concurso<\/span>","<span class=\"advgb-post-tax-term\">Concurso P\u00fablico<\/span>","<span class=\"advgb-post-tax-term\">G1<\/span>","<span class=\"advgb-post-tax-term\">novos servidores<\/span>","<span class=\"advgb-post-tax-term\">Para\u00edba<\/span>","<span class=\"advgb-post-tax-term\">reposi\u00e7\u00e3o de quadros<\/span>","<span class=\"advgb-post-tax-term\">UFPB<\/span>"]},"tags":{"linked":["<a href=\"https:\/\/sindaopcpb.org.br\/ufpb\/\" class=\"advgb-post-tax-term\">g1<\/a>"],"unlinked":["<span class=\"advgb-post-tax-term\">g1<\/span>"]}},"comment_count":"0","relative_dates":{"created":"Publicado 3 anos atr\u00e1s","modified":"Atualizado 3 anos atr\u00e1s"},"absolute_dates":{"created":"Publicado em 21 de agosto de 2023","modified":"Atualizado em 21 de agosto de 2023"},"absolute_dates_time":{"created":"Publicado em 21 de agosto de 2023 18:29","modified":"Atualizado em 21 de agosto de 2023 18:29"},"featured_img_caption":"","series_order":"","_links":{"self":[{"href":"https:\/\/sindaopcpb.org.br\/index.php\/wp-json\/wp\/v2\/posts\/30674","targetHints":{"allow":["GET"]}}],"collection":[{"href":"https:\/\/sindaopcpb.org.br\/index.php\/wp-json\/wp\/v2\/posts"}],"about":[{"href":"https:\/\/sindaopcpb.org.br\/index.php\/wp-json\/wp\/v2\/types\/post"}],"author":[{"embeddable":true,"href":"https:\/\/sindaopcpb.org.br\/index.php\/wp-json\/wp\/v2\/users\/49"}],"replies":[{"embeddable":true,"href":"https:\/\/sindaopcpb.org.br\/index.php\/wp-json\/wp\/v2\/comments?post=30674"}],"version-history":[{"count":1,"href":"https:\/\/sindaopcpb.org.br\/index.php\/wp-json\/wp\/v2\/posts\/30674\/revisions"}],"predecessor-version":[{"id":30675,"href":"https:\/\/sindaopcpb.org.br\/index.php\/wp-json\/wp\/v2\/posts\/30674\/revisions\/30675"}],"wp:attachment":[{"href":"https:\/\/sindaopcpb.org.br\/index.php\/wp-json\/wp\/v2\/media?parent=30674"}],"wp:term":[{"taxonomy":"category","embeddable":true,"href":"https:\/\/sindaopcpb.org.br\/index.php\/wp-json\/wp\/v2\/categories?post=30674"},{"taxonomy":"post_tag","embeddable":true,"href":"https:\/\/sindaopcpb.org.br\/index.php\/wp-json\/wp\/v2\/tags?post=30674"}],"curies":[{"name":"wp","href":"https:\/\/api.w.org\/{rel}","templated":true}]}}