{"id":30666,"date":"2023-08-21T19:21:22","date_gmt":"2023-08-21T22:21:22","guid":{"rendered":"https:\/\/wpa.wscom.com.br\/?p=919113"},"modified":"2023-08-21T19:21:22","modified_gmt":"2023-08-21T22:21:22","slug":"fuzil-e-duas-armas-sao-apreendidos-com-criminosos-que-podem-estar-envolvidos-em-ataques-na-grande-joao-pessoa","status":"publish","type":"post","link":"https:\/\/sindaopcpb.org.br\/index.php\/2023\/08\/21\/fuzil-e-duas-armas-sao-apreendidos-com-criminosos-que-podem-estar-envolvidos-em-ataques-na-grande-joao-pessoa\/","title":{"rendered":"Fuzil e duas armas s\u00e3o apreendidos com criminosos que podem estar envolvidos em ataques na Grande Jo\u00e3o Pessoa"},"content":{"rendered":"<p>A Pol\u00edcia Militar apreendeu mais um fuzil, rev\u00f3lver e pistola em comunidade, e prendeu dois acusados que podem estar envolvidos em ataques criminosos em Bayeux. A a\u00e7\u00e3o foi na tarde desta segunda-feira (21) na comunidade Saturnino de Brito, em Jo\u00e3o Pessoa.<\/p>\n<p>O cerco contra os criminosos foi realizado pelos policiais da For\u00e7a T\u00e1tica do 1\u00ba Batalh\u00e3o. De acordo com a unidade, um dos acusados presos tinha rompido a tornozeleira eletr\u00f4nica e estava evadido do sistema penitenci\u00e1rio. O outro preso era de Bayeux e, segundo informa\u00e7\u00f5es preliminares, teria participa\u00e7\u00e3o dos crimes ocorridos naquela regi\u00e3o, algo que ser\u00e1 investigado.<\/p>\n<p>&nbsp;<\/p>\n<p>A participa\u00e7\u00e3o deles em outros delitos na grande Jo\u00e3o Pessoa tamb\u00e9m ser\u00e1 apurada. Mais de 30 muni\u00e7\u00f5es foram apreendidas, entre elas 17 de calibre 7,62, que tem alto poder de fogo. A ocorr\u00eancia foi encaminhada para a Central de Pol\u00edcia.<\/p>\n<p>O post <a rel=\"nofollow noopener\" href=\"https:\/\/wscom.com.br\/fuzil-e-duas-armas-sao-apreendidos-com-criminosos-que\/\" target=\"_blank\">Fuzil e duas armas s\u00e3o apreendidos com criminosos que podem estar envolvidos em ataques na Grande Jo\u00e3o Pessoa<\/a> apareceu primeiro em <a rel=\"nofollow noopener\" href=\"https:\/\/wscom.com.br\/\" target=\"_blank\">WSCOM<\/a>.<\/p>\n","protected":false},"excerpt":{"rendered":"<p>A Pol\u00edcia Militar apreendeu mais um fuzil, rev\u00f3lver e pistola em comunidade, e prendeu dois acusados que podem estar envolvidos em ataques criminosos em Bayeux. A a\u00e7\u00e3o foi na tarde desta segunda-feira (21) na comunidade Saturnino de Brito, em Jo\u00e3o Pessoa. O cerco contra os criminosos foi realizado pelos policiais da For\u00e7a T\u00e1tica do 1\u00ba [\u2026]<\/p>\n<p>O post <a rel=\"nofollow\" href=\"https:\/\/wscom.com.br\/fuzil-e-duas-armas-sao-apreendidos-com-criminosos-que\/\">Fuzil e duas armas s\u00e3o apreendidos com criminosos que podem estar envolvidos em ataques na Grande Jo\u00e3o Pessoa<\/a> apareceu primeiro em <a rel=\"nofollow\" href=\"https:\/\/wscom.com.br\/\">WSCOM<\/a>.<\/p>\n","protected":false},"author":50,"featured_media":0,"comment_status":"closed","ping_status":"closed","sticky":false,"template":"","format":"standard","meta":{"advgb_blocks_editor_width":"","advgb_blocks_columns_visual_guide":"","footnotes":""},"categories":[8006,34,531,1597,66],"tags":[35],"class_list":["post-30666","post","type-post","status-publish","format-standard","hentry","category-apreensoes","category-g1","category-joao","category-pessoa","category-policial","tag-g1"],"author_meta":{"display_name":"Wallyson","author_link":"https:\/\/sindaopcpb.org.br\/author\/wallyson\/"},"featured_img":null,"coauthors":[],"tax_additional":{"categories":{"linked":["<a href=\"https:\/\/sindaopcpb.org.br\/apreensoes\/\" class=\"advgb-post-tax-term\">Apreens\u00f5es<\/a>","<a href=\"https:\/\/sindaopcpb.org.br\/g1\/\" class=\"advgb-post-tax-term\">G1<\/a>","<a href=\"https:\/\/sindaopcpb.org.br\/joao\/\" class=\"advgb-post-tax-term\">Jo\u00e3o<\/a>","<a href=\"https:\/\/sindaopcpb.org.br\/pessoa\/\" class=\"advgb-post-tax-term\">Pessoa<\/a>","<a href=\"https:\/\/sindaopcpb.org.br\/policial\/\" class=\"advgb-post-tax-term\">Policial<\/a>"],"unlinked":["<span class=\"advgb-post-tax-term\">Apreens\u00f5es<\/span>","<span class=\"advgb-post-tax-term\">G1<\/span>","<span class=\"advgb-post-tax-term\">Jo\u00e3o<\/span>","<span class=\"advgb-post-tax-term\">Pessoa<\/span>","<span class=\"advgb-post-tax-term\">Policial<\/span>"]},"tags":{"linked":["<a href=\"https:\/\/sindaopcpb.org.br\/policial\/\" class=\"advgb-post-tax-term\">g1<\/a>"],"unlinked":["<span class=\"advgb-post-tax-term\">g1<\/span>"]}},"comment_count":"0","relative_dates":{"created":"Publicado 3 anos atr\u00e1s","modified":"Atualizado 3 anos atr\u00e1s"},"absolute_dates":{"created":"Publicado em 21 de agosto de 2023","modified":"Atualizado em 21 de agosto de 2023"},"absolute_dates_time":{"created":"Publicado em 21 de agosto de 2023 19:21","modified":"Atualizado em 21 de agosto de 2023 19:21"},"featured_img_caption":"","series_order":"","_links":{"self":[{"href":"https:\/\/sindaopcpb.org.br\/index.php\/wp-json\/wp\/v2\/posts\/30666","targetHints":{"allow":["GET"]}}],"collection":[{"href":"https:\/\/sindaopcpb.org.br\/index.php\/wp-json\/wp\/v2\/posts"}],"about":[{"href":"https:\/\/sindaopcpb.org.br\/index.php\/wp-json\/wp\/v2\/types\/post"}],"author":[{"embeddable":true,"href":"https:\/\/sindaopcpb.org.br\/index.php\/wp-json\/wp\/v2\/users\/50"}],"replies":[{"embeddable":true,"href":"https:\/\/sindaopcpb.org.br\/index.php\/wp-json\/wp\/v2\/comments?post=30666"}],"version-history":[{"count":1,"href":"https:\/\/sindaopcpb.org.br\/index.php\/wp-json\/wp\/v2\/posts\/30666\/revisions"}],"predecessor-version":[{"id":30667,"href":"https:\/\/sindaopcpb.org.br\/index.php\/wp-json\/wp\/v2\/posts\/30666\/revisions\/30667"}],"wp:attachment":[{"href":"https:\/\/sindaopcpb.org.br\/index.php\/wp-json\/wp\/v2\/media?parent=30666"}],"wp:term":[{"taxonomy":"category","embeddable":true,"href":"https:\/\/sindaopcpb.org.br\/index.php\/wp-json\/wp\/v2\/categories?post=30666"},{"taxonomy":"post_tag","embeddable":true,"href":"https:\/\/sindaopcpb.org.br\/index.php\/wp-json\/wp\/v2\/tags?post=30666"}],"curies":[{"name":"wp","href":"https:\/\/api.w.org\/{rel}","templated":true}]}}