{"id":30664,"date":"2023-08-21T19:23:04","date_gmt":"2023-08-21T22:23:04","guid":{"rendered":"https:\/\/wpa.wscom.com.br\/?p=919116"},"modified":"2023-08-21T19:23:04","modified_gmt":"2023-08-21T22:23:04","slug":"policia-militar-prende-criminosos-com-espingardas-pistola-e-colete-balistico-em-bayeux","status":"publish","type":"post","link":"https:\/\/sindaopcpb.org.br\/index.php\/2023\/08\/21\/policia-militar-prende-criminosos-com-espingardas-pistola-e-colete-balistico-em-bayeux\/","title":{"rendered":"Pol\u00edcia Militar prende criminosos com espingardas, pistola e colete bal\u00edstico em Bayeux"},"content":{"rendered":"<p>A Pol\u00edcia Militar continua com o trabalho intensificado na grande Jo\u00e3o Pessoa e prendeu, na tarde desta segunda-feira (21), dois homens que estavam com duas espingardas, pistola, e coletes bal\u00edsticos. A a\u00e7\u00e3o aconteceu no bairro M\u00e1rio Andreazza, em Bayeux.<\/p>\n<p>De acordo com o comando da 4\u00aa Companhia Independente, os policiais foram recebidos a tiros na regi\u00e3o, revidaram, e conseguiram prender os dois acusados que estavam com os armamentos. Duas espingardas calibre 12, pistola, muni\u00e7\u00f5es e coletes bal\u00edsticos foram apreendidos. A suspeita \u00e9 que a dupla fa\u00e7a parte de grupos criminosos que vinham agindo na regi\u00e3o, algo que ser\u00e1 investigado. Ainda segundo a unidade, a dupla presa j\u00e1 tem passagem pela pol\u00edcia.<\/p>\n<p>Toda a ocorr\u00eancia foi encaminhada para a 6\u00aa Delegacia Distrital onde a participa\u00e7\u00e3o dos criminosos em outros delitos tamb\u00e9m ser\u00e1 investigada.<\/p>\n<p>O post <a rel=\"nofollow noopener\" href=\"https:\/\/wscom.com.br\/policia-militar-prende-criminosos-com-espingardas-pistola-e\/\" target=\"_blank\">Pol\u00edcia Militar prende criminosos com espingardas, pistola e colete bal\u00edstico em Bayeux<\/a> apareceu primeiro em <a rel=\"nofollow noopener\" href=\"https:\/\/wscom.com.br\/\" target=\"_blank\">WSCOM<\/a>.<\/p>\n","protected":false},"excerpt":{"rendered":"<p>A Pol\u00edcia Militar continua com o trabalho intensificado na grande Jo\u00e3o Pessoa e prendeu, na tarde desta segunda-feira (21), dois homens que estavam com duas espingardas, pistola, e coletes bal\u00edsticos. A a\u00e7\u00e3o aconteceu no bairro M\u00e1rio Andreazza, em Bayeux. De acordo com o comando da 4\u00aa Companhia Independente, os policiais foram recebidos a tiros na [\u2026]<\/p>\n<p>O post <a rel=\"nofollow\" href=\"https:\/\/wscom.com.br\/policia-militar-prende-criminosos-com-espingardas-pistola-e\/\">Pol\u00edcia Militar prende criminosos com espingardas, pistola e colete bal\u00edstico em Bayeux<\/a> apareceu primeiro em <a rel=\"nofollow\" href=\"https:\/\/wscom.com.br\/\">WSCOM<\/a>.<\/p>\n","protected":false},"author":50,"featured_media":0,"comment_status":"closed","ping_status":"closed","sticky":false,"template":"","format":"standard","meta":{"advgb_blocks_editor_width":"","advgb_blocks_columns_visual_guide":"","footnotes":""},"categories":[34,2786,944,66,1451],"tags":[35],"class_list":["post-30664","post","type-post","status-publish","format-standard","hentry","category-g1","category-homens","category-policia","category-policial","category-presos","tag-g1"],"author_meta":{"display_name":"Wallyson","author_link":"https:\/\/sindaopcpb.org.br\/author\/wallyson\/"},"featured_img":null,"coauthors":[],"tax_additional":{"categories":{"linked":["<a href=\"https:\/\/sindaopcpb.org.br\/g1\/\" class=\"advgb-post-tax-term\">G1<\/a>","<a href=\"https:\/\/sindaopcpb.org.br\/homens\/\" class=\"advgb-post-tax-term\">homens<\/a>","<a href=\"https:\/\/sindaopcpb.org.br\/policia\/\" class=\"advgb-post-tax-term\">Pol\u00edcia<\/a>","<a href=\"https:\/\/sindaopcpb.org.br\/policial\/\" class=\"advgb-post-tax-term\">Policial<\/a>","<a href=\"https:\/\/sindaopcpb.org.br\/presos\/\" class=\"advgb-post-tax-term\">Presos<\/a>"],"unlinked":["<span class=\"advgb-post-tax-term\">G1<\/span>","<span class=\"advgb-post-tax-term\">homens<\/span>","<span class=\"advgb-post-tax-term\">Pol\u00edcia<\/span>","<span class=\"advgb-post-tax-term\">Policial<\/span>","<span class=\"advgb-post-tax-term\">Presos<\/span>"]},"tags":{"linked":["<a href=\"https:\/\/sindaopcpb.org.br\/presos\/\" class=\"advgb-post-tax-term\">g1<\/a>"],"unlinked":["<span class=\"advgb-post-tax-term\">g1<\/span>"]}},"comment_count":"0","relative_dates":{"created":"Publicado 3 anos atr\u00e1s","modified":"Atualizado 3 anos atr\u00e1s"},"absolute_dates":{"created":"Publicado em 21 de agosto de 2023","modified":"Atualizado em 21 de agosto de 2023"},"absolute_dates_time":{"created":"Publicado em 21 de agosto de 2023 19:23","modified":"Atualizado em 21 de agosto de 2023 19:23"},"featured_img_caption":"","series_order":"","_links":{"self":[{"href":"https:\/\/sindaopcpb.org.br\/index.php\/wp-json\/wp\/v2\/posts\/30664","targetHints":{"allow":["GET"]}}],"collection":[{"href":"https:\/\/sindaopcpb.org.br\/index.php\/wp-json\/wp\/v2\/posts"}],"about":[{"href":"https:\/\/sindaopcpb.org.br\/index.php\/wp-json\/wp\/v2\/types\/post"}],"author":[{"embeddable":true,"href":"https:\/\/sindaopcpb.org.br\/index.php\/wp-json\/wp\/v2\/users\/50"}],"replies":[{"embeddable":true,"href":"https:\/\/sindaopcpb.org.br\/index.php\/wp-json\/wp\/v2\/comments?post=30664"}],"version-history":[{"count":1,"href":"https:\/\/sindaopcpb.org.br\/index.php\/wp-json\/wp\/v2\/posts\/30664\/revisions"}],"predecessor-version":[{"id":30665,"href":"https:\/\/sindaopcpb.org.br\/index.php\/wp-json\/wp\/v2\/posts\/30664\/revisions\/30665"}],"wp:attachment":[{"href":"https:\/\/sindaopcpb.org.br\/index.php\/wp-json\/wp\/v2\/media?parent=30664"}],"wp:term":[{"taxonomy":"category","embeddable":true,"href":"https:\/\/sindaopcpb.org.br\/index.php\/wp-json\/wp\/v2\/categories?post=30664"},{"taxonomy":"post_tag","embeddable":true,"href":"https:\/\/sindaopcpb.org.br\/index.php\/wp-json\/wp\/v2\/tags?post=30664"}],"curies":[{"name":"wp","href":"https:\/\/api.w.org\/{rel}","templated":true}]}}