{"id":30659,"date":"2023-08-21T18:20:00","date_gmt":"2023-08-21T21:20:00","guid":{"rendered":"https:\/\/www.infomoney.com.br\/?p=2221741"},"modified":"2023-08-21T18:20:00","modified_gmt":"2023-08-21T21:20:00","slug":"aliquota-de-imposto-de-25-e-possivel-a-depender-das-excecoes-diz-secretario-da-fazenda","status":"publish","type":"post","link":"https:\/\/sindaopcpb.org.br\/index.php\/2023\/08\/21\/aliquota-de-imposto-de-25-e-possivel-a-depender-das-excecoes-diz-secretario-da-fazenda\/","title":{"rendered":"Al\u00edquota de imposto de 25% \u00e9 poss\u00edvel, a depender das exce\u00e7\u00f5es, diz secret\u00e1rio da Fazenda"},"content":{"rendered":"<p><img loading=\"lazy\" width=\"300\" height=\"180\" src=\"https:\/\/www.infomoney.com.br\/wp-content\/uploads\/2023\/06\/dario-durigan.jpg?fit=300%2C180&amp;quality=70&amp;strip=all\" class=\"attachment-medium size-medium wp-post-image\" alt=\"Dario Durigan\" decoding=\"async\" style=\"float:right; margin:0 0 10px 10px;\" srcset=\"https:\/\/www.infomoney.com.br\/wp-content\/uploads\/2023\/06\/dario-durigan.jpg?w=1200&amp;quality=70&amp;strip=all 1200w, https:\/\/www.infomoney.com.br\/wp-content\/uploads\/2023\/06\/dario-durigan.jpg?w=300&amp;quality=70&amp;strip=all 300w, https:\/\/www.infomoney.com.br\/wp-content\/uploads\/2023\/06\/dario-durigan.jpg?w=768&amp;quality=70&amp;strip=all 768w, https:\/\/www.infomoney.com.br\/wp-content\/uploads\/2023\/06\/dario-durigan.jpg?w=150&amp;quality=70&amp;strip=all 150w\" sizes=\"auto, (max-width: 300px) 100vw, 300px\" data-attachment-id=\"2165767\" data-permalink=\"https:\/\/www.infomoney.com.br\/perfil\/dario-durigan\/attachment\/dario-durigan-2\/\" data-orig-file=\"https:\/\/www.infomoney.com.br\/wp-content\/uploads\/2023\/06\/dario-durigan.jpg?fit=1200%2C720&amp;quality=70&amp;strip=all\" data-orig-size=\"1200,720\" data-comments-opened=\"0\" data-image-meta=\"{&quot;aperture&quot;:&quot;0&quot;,&quot;credit&quot;:&quot;&quot;,&quot;camera&quot;:&quot;&quot;,&quot;caption&quot;:&quot;&quot;,&quot;created_timestamp&quot;:&quot;0&quot;,&quot;copyright&quot;:&quot;&quot;,&quot;focal_length&quot;:&quot;0&quot;,&quot;iso&quot;:&quot;0&quot;,&quot;shutter_speed&quot;:&quot;0&quot;,&quot;title&quot;:&quot;&quot;,&quot;orientation&quot;:&quot;1&quot;}\" data-image-title=\"dario-durigan\" data-image-description=\"\" data-image-caption=\"\" data-medium-file=\"https:\/\/www.infomoney.com.br\/wp-content\/uploads\/2023\/06\/dario-durigan.jpg?fit=300%2C180&amp;quality=70&amp;strip=all\" data-large-file=\"https:\/\/www.infomoney.com.br\/wp-content\/uploads\/2023\/06\/dario-durigan.jpg?fit=1200%2C720&amp;quality=70&amp;strip=all\" title=\"\"><\/p>\n<p>O secret&aacute;rio-executivo do minist&eacute;rio da Fazenda, Dario Durigan, reiterou, nesta segunda-feira (21), a posi&ccedil;&atilde;o da pasta de que uma al&iacute;quota-base em torno de 25% &eacute; poss&iacute;vel na reforma tribut&aacute;ria, a depender do n&uacute;mero de exce&ccedil;&otilde;es a serem concedidas no texto, que est&aacute; em tramita&ccedil;&atilde;o no Senado. Durante debate sobre o assunto promovido pela Federa&ccedil;&atilde;o das Ind&uacute;strias do Estado de S&atilde;o Paulo (Fiesp), em parceria com o grupo Esfera Brasil, Durigan ressaltou que a reforma pode tornar vi&aacute;vel uma al&iacute;quota de 25%, ou de 27% no cen&aacute;rio conservador, ao atacar a complexidade do sistema atual.<\/p>\n<p>Atualmente, explicou Durigan, a al&iacute;quota de tributos que recaem sobre bens e servi&ccedil;os precisa ser mais alta, de 34,4%, por conta do excesso de contenciosos tribut&aacute;rios no Brasil. Ou seja, a arrecada&ccedil;&atilde;o &eacute; menor do que a al&iacute;quota efetiva, mas essa diferen&ccedil;a, ou hiato, tende a diminuir com a reforma tribut&aacute;ria, que simplifica o sistema.<\/p>\n<p>As declara&ccedil;&otilde;es do secret&aacute;rio do minist&eacute;rio da Fazenda se baseiam em um estudo da pasta sobre os impactos nas al&iacute;quotas do IVA, o imposto sobre valor agregado criado pela reforma, das exce&ccedil;&otilde;es inclu&iacute;das no texto pela C&acirc;mara. &ldquo;De fato, a contribui&ccedil;&atilde;o do minist&eacute;rio tem sido essa, mostrando que uma al&iacute;quota como esta que tem sido dita &eacute; poss&iacute;vel, desde que a gente siga construindo um texto com poucas exce&ccedil;&otilde;es&rdquo;, declarou.<\/p>\n<p>Ao lado do presidente da C&acirc;mara, Arthur Lira, no debate realizado na sede da Fiesp, Durigan enalteceu a atua&ccedil;&atilde;o do parlamentar para o avan&ccedil;o da proposta de emenda constitucional que muda o sistema tribut&aacute;rio. &ldquo;&Eacute; preciso reconhecer que a lideran&ccedil;a da C&acirc;mara, no primeiro semestre, foi fundamental para que ela a reforma avan&ccedil;asse em tempo jamais visto na hist&oacute;ria recente.&rdquo;<\/p>\n<p>O secret&aacute;rio do minist&eacute;rio da Fazenda disse que o papel da pasta tem sido de dar apoio t&eacute;cnico ao debate que acontece no Congresso, a despeito dos interesses de arrecada&ccedil;&atilde;o de curto prazo da Receita Federal.<\/p>\n<\/p>\n<div class=\"cta-end\">\n<div class=\"im-cta\" >\n<div class=\"im-shortcode-forms bg-light bg-opacity-25 border rounded-4 p-3 p-sm-4 p-md-3 p-lg-4 px-xxl-5 my-5\" data-configuration='{\"form_name\":false,\"form_hat\":\"Newsletter\",\"form_email\":true,\"form_icon\":\"newsletter\",\"form_phone\":false,\"form_campaign\":\"NIM\",\"form_thankyou\":\"\",\"form_journey\":\"APIEvent-26a5198d-8e09-06ef-5f80-cd9127757ad1\",\"form_button\":\"Quero receber\",\"form_context\":\"newsletter\",\"form_origin\":\"https:\\\/\\\/www.infomoney.com.br\\\/politica\\\/feed\\\/?utm_medium=materia&#038;utm_source=infomoney&#038;utm_campaign=NIM&#038;utm_term=politica&#038;utm_content=newsletter\",\"form_position\":\"final\",\"form_category\":\"cta_form\"}'>\n<div class=\"d-flex flex-column align-items-center align-items-lg-start mb-4 flex-lg-row\">\n<div class=\"rounded-circle mb-2 mb-lg-0 mr-lg-4 me-lg-4 p-3 p-lg-4 bg-blue-400\"><svg width=\"40\" height=\"40\" viewBox=\"0 0 40 40\" fill=\"none\" xmlns=\"http:\/\/www.w3.org\/2000\/svg\"><path d=\"M20 20.25 6.042 11.042v19.041c0 .167.048.299.146.396a.535.535 0 0 0 .395.146h15.792V32.5H6.583a2.328 2.328 0 0 1-1.708-.708 2.328 2.328 0 0 1-.708-1.709V9.917c0-.667.236-1.236.708-1.709A2.328 2.328 0 0 1 6.583 7.5h26.834c.666 0 1.236.236 1.708.708a2.33 2.33 0 0 1 .708 1.709v12.458h-1.875V11.042L20 20.25Zm0-2 13.667-8.875H6.333L20 18.25Zm11.75 18.958-1.292-1.333 3.334-3.375h-9v-1.875h9l-3.375-3.417 1.333-1.291 5.667 5.625-5.667 5.666ZM6.042 11.042v20.791-9.458.25-13.25 1.667Z\" fill=\"#fff\"\/><\/svg><\/div>\n<div class=\"flex-fill text-center text-lg-left\">\n<div class=\"h6 small text-orange-700 lh-base mb-1\">Newsletter<\/div>\n<div class=\"text-body h4 m-0\">Infomorning<\/div>\n<div class=\"text-body small lh-base mt-2\">Receba no seu e-mail logo pela manh&atilde; as not&iacute;cias que v&atilde;o mexer com os mercados, com os seus investimentos e o seu bolso durante o dia<\/div>\n<\/div>\n<\/div>\n<\/div>\n<\/div>\n<\/div>\n<p>The post <a rel=\"nofollow noopener\" href=\"https:\/\/www.infomoney.com.br\/politica\/aliquota-de-imposto-de-25-e-possivel-a-depender-das-excecoes-diz-secretario-da-fazenda\/\" target=\"_blank\">Al\u00edquota de imposto de 25% \u00e9 poss\u00edvel, a depender das exce\u00e7\u00f5es, diz secret\u00e1rio da Fazenda<\/a> appeared first on <a rel=\"nofollow noopener\" href=\"https:\/\/www.infomoney.com.br\/\" target=\"_blank\">InfoMoney<\/a>.<\/p>\n","protected":false},"excerpt":{"rendered":"<p><img loading=\"lazy\" decoding=\"async\" width=\"300\" height=\"180\" src=\"https:\/\/www.infomoney.com.br\/wp-content\/uploads\/2023\/06\/dario-durigan.jpg?fit=300%2C180&amp;quality=70&amp;strip=all\" class=\"attachment-medium size-medium wp-post-image\" alt=\"Dario Durigan\" data-attachment-id=\"2165767\" data-permalink=\"https:\/\/www.infomoney.com.br\/perfil\/dario-durigan\/attachment\/dario-durigan-2\/\" data-orig-file=\"https:\/\/www.infomoney.com.br\/wp-content\/uploads\/2023\/06\/dario-durigan.jpg?fit=1200%2C720&amp;quality=70&amp;strip=all\" data-orig-size=\"1200,720\" data-comments-opened=\"0\" data-image-meta='{\"aperture\":\"0\",\"credit\":\"\",\"camera\":\"\",\"caption\":\"\",\"created_timestamp\":\"0\",\"copyright\":\"\",\"focal_length\":\"0\",\"iso\":\"0\",\"shutter_speed\":\"0\",\"title\":\"\",\"orientation\":\"1\"}' data-image-title=\"dario-durigan\" data-image-description=\"\" data-image-caption=\"\" data-medium-file=\"https:\/\/www.infomoney.com.br\/wp-content\/uploads\/2023\/06\/dario-durigan.jpg?fit=300%2C180&amp;quality=70&amp;strip=all\" data-large-file=\"https:\/\/www.infomoney.com.br\/wp-content\/uploads\/2023\/06\/dario-durigan.jpg?fit=1200%2C720&amp;quality=70&amp;strip=all\">Dario Durigan disse que o papel da pasta tem sido de dar apoio t\u00e9cnico ao debate que acontece no Congresso<\/p>\n<p>The post <a rel=\"nofollow\" href=\"https:\/\/www.infomoney.com.br\/politica\/aliquota-de-imposto-de-25-e-possivel-a-depender-das-excecoes-diz-secretario-da-fazenda\/\">Al\u00edquota de imposto de 25% \u00e9 poss\u00edvel, a depender das exce\u00e7\u00f5es, diz secret\u00e1rio da Fazenda<\/a> appeared first on <a rel=\"nofollow\" href=\"https:\/\/www.infomoney.com.br\/\">InfoMoney<\/a>.<\/p>\n","protected":false},"author":43,"featured_media":0,"comment_status":"closed","ping_status":"closed","sticky":false,"template":"","format":"standard","meta":{"advgb_blocks_editor_width":"","advgb_blocks_columns_visual_guide":"","footnotes":""},"categories":[34,556,130,47,4310,191],"tags":[35],"class_list":["post-30659","post","type-post","status-publish","format-standard","hentry","category-g1","category-impostos","category-ministerio-da-fazenda","category-politica","category-proposta-de-emenda-a-constituicao","category-reforma-tributaria","tag-g1"],"author_meta":{"display_name":"Estad\u00e3o Conte\u00fado","author_link":"https:\/\/sindaopcpb.org.br\/author\/estadao-conteudo\/"},"featured_img":null,"coauthors":[],"tax_additional":{"categories":{"linked":["<a href=\"https:\/\/sindaopcpb.org.br\/g1\/\" class=\"advgb-post-tax-term\">G1<\/a>","<a href=\"https:\/\/sindaopcpb.org.br\/impostos\/\" class=\"advgb-post-tax-term\">Impostos<\/a>","<a href=\"https:\/\/sindaopcpb.org.br\/ministerio-da-fazenda\/\" class=\"advgb-post-tax-term\">Minist\u00e9rio da Fazenda<\/a>","<a href=\"https:\/\/sindaopcpb.org.br\/politica\/\" class=\"advgb-post-tax-term\">POLITICA<\/a>","<a href=\"https:\/\/sindaopcpb.org.br\/proposta-de-emenda-a-constituicao\/\" class=\"advgb-post-tax-term\">Proposta de Emenda \u00e0 Constitui\u00e7\u00e3o<\/a>","<a href=\"https:\/\/sindaopcpb.org.br\/reforma-tributaria\/\" class=\"advgb-post-tax-term\">reforma tribut\u00e1ria<\/a>"],"unlinked":["<span class=\"advgb-post-tax-term\">G1<\/span>","<span class=\"advgb-post-tax-term\">Impostos<\/span>","<span class=\"advgb-post-tax-term\">Minist\u00e9rio da Fazenda<\/span>","<span class=\"advgb-post-tax-term\">POLITICA<\/span>","<span class=\"advgb-post-tax-term\">Proposta de Emenda \u00e0 Constitui\u00e7\u00e3o<\/span>","<span class=\"advgb-post-tax-term\">reforma tribut\u00e1ria<\/span>"]},"tags":{"linked":["<a href=\"https:\/\/sindaopcpb.org.br\/reforma-tributaria\/\" class=\"advgb-post-tax-term\">g1<\/a>"],"unlinked":["<span class=\"advgb-post-tax-term\">g1<\/span>"]}},"comment_count":"0","relative_dates":{"created":"Publicado 3 anos atr\u00e1s","modified":"Atualizado 3 anos atr\u00e1s"},"absolute_dates":{"created":"Publicado em 21 de agosto de 2023","modified":"Atualizado em 21 de agosto de 2023"},"absolute_dates_time":{"created":"Publicado em 21 de agosto de 2023 18:20","modified":"Atualizado em 21 de agosto de 2023 18:20"},"featured_img_caption":"","series_order":"","_links":{"self":[{"href":"https:\/\/sindaopcpb.org.br\/index.php\/wp-json\/wp\/v2\/posts\/30659","targetHints":{"allow":["GET"]}}],"collection":[{"href":"https:\/\/sindaopcpb.org.br\/index.php\/wp-json\/wp\/v2\/posts"}],"about":[{"href":"https:\/\/sindaopcpb.org.br\/index.php\/wp-json\/wp\/v2\/types\/post"}],"author":[{"embeddable":true,"href":"https:\/\/sindaopcpb.org.br\/index.php\/wp-json\/wp\/v2\/users\/43"}],"replies":[{"embeddable":true,"href":"https:\/\/sindaopcpb.org.br\/index.php\/wp-json\/wp\/v2\/comments?post=30659"}],"version-history":[{"count":1,"href":"https:\/\/sindaopcpb.org.br\/index.php\/wp-json\/wp\/v2\/posts\/30659\/revisions"}],"predecessor-version":[{"id":30660,"href":"https:\/\/sindaopcpb.org.br\/index.php\/wp-json\/wp\/v2\/posts\/30659\/revisions\/30660"}],"wp:attachment":[{"href":"https:\/\/sindaopcpb.org.br\/index.php\/wp-json\/wp\/v2\/media?parent=30659"}],"wp:term":[{"taxonomy":"category","embeddable":true,"href":"https:\/\/sindaopcpb.org.br\/index.php\/wp-json\/wp\/v2\/categories?post=30659"},{"taxonomy":"post_tag","embeddable":true,"href":"https:\/\/sindaopcpb.org.br\/index.php\/wp-json\/wp\/v2\/tags?post=30659"}],"curies":[{"name":"wp","href":"https:\/\/api.w.org\/{rel}","templated":true}]}}