{"id":30655,"date":"2023-08-21T18:24:00","date_gmt":"2023-08-21T21:24:00","guid":{"rendered":"https:\/\/www.infomoney.com.br\/?p=2221727"},"modified":"2023-08-21T18:24:00","modified_gmt":"2023-08-21T21:24:00","slug":"eduardo-braga-ja-tem-informacoes-do-impacto-das-excecoes-na-reforma-tributaria-diz-pacheco","status":"publish","type":"post","link":"https:\/\/sindaopcpb.org.br\/index.php\/2023\/08\/21\/eduardo-braga-ja-tem-informacoes-do-impacto-das-excecoes-na-reforma-tributaria-diz-pacheco\/","title":{"rendered":"Eduardo Braga j\u00e1 tem informa\u00e7\u00f5es do impacto das exce\u00e7\u00f5es na reforma tribut\u00e1ria, diz Pacheco"},"content":{"rendered":"<p><img loading=\"lazy\" width=\"300\" height=\"200\" src=\"https:\/\/www.infomoney.com.br\/wp-content\/uploads\/2023\/07\/53039231854_7d11c8b8de_c.jpg?fit=300%2C200&amp;quality=70&amp;strip=all\" class=\"attachment-medium size-medium wp-post-image\" alt=\"\" decoding=\"async\" style=\"float:right; margin:0 0 10px 10px;\" srcset=\"https:\/\/www.infomoney.com.br\/wp-content\/uploads\/2023\/07\/53039231854_7d11c8b8de_c.jpg?w=799&amp;quality=70&amp;strip=all 799w, https:\/\/www.infomoney.com.br\/wp-content\/uploads\/2023\/07\/53039231854_7d11c8b8de_c.jpg?w=300&amp;quality=70&amp;strip=all 300w, https:\/\/www.infomoney.com.br\/wp-content\/uploads\/2023\/07\/53039231854_7d11c8b8de_c.jpg?w=768&amp;quality=70&amp;strip=all 768w, https:\/\/www.infomoney.com.br\/wp-content\/uploads\/2023\/07\/53039231854_7d11c8b8de_c.jpg?w=150&amp;quality=70&amp;strip=all 150w\" sizes=\"auto, (max-width: 300px) 100vw, 300px\" data-attachment-id=\"2189309\" data-permalink=\"https:\/\/www.infomoney.com.br\/politica\/senado-tem-clima-favoravel-a-reforma-tributaria-mas-analistas-esperam-mudancas-no-texto-veja-as-principais-apostas\/attachment\/53039231854_7d11c8b8de_c\/\" data-orig-file=\"https:\/\/www.infomoney.com.br\/wp-content\/uploads\/2023\/07\/53039231854_7d11c8b8de_c.jpg?fit=799%2C533&amp;quality=70&amp;strip=all\" data-orig-size=\"799,533\" data-comments-opened=\"0\" data-image-meta=\"{&quot;aperture&quot;:&quot;0&quot;,&quot;credit&quot;:&quot;Jefferson Rudy\\\/Ag\\u00eancia Senado&quot;,&quot;camera&quot;:&quot;&quot;,&quot;caption&quot;:&quot;&quot;,&quot;created_timestamp&quot;:&quot;0&quot;,&quot;copyright&quot;:&quot;Senado Federal do Brasil&quot;,&quot;focal_length&quot;:&quot;0&quot;,&quot;iso&quot;:&quot;0&quot;,&quot;shutter_speed&quot;:&quot;0&quot;,&quot;title&quot;:&quot;&quot;,&quot;orientation&quot;:&quot;0&quot;}\" data-image-title=\"Eduardo Braga\" data-image-description=\"\" data-image-caption=\"&lt;p&gt;O senador Eduardo Braga (MDB-AM), l\u00edder do MDB no Senado Federal, concede entrevista coletiva (Foto: Jefferson Rudy\/Ag\u00eancia Senado)&lt;\/p&gt;\n\" data-medium-file=\"https:\/\/www.infomoney.com.br\/wp-content\/uploads\/2023\/07\/53039231854_7d11c8b8de_c.jpg?fit=300%2C200&amp;quality=70&amp;strip=all\" data-large-file=\"https:\/\/www.infomoney.com.br\/wp-content\/uploads\/2023\/07\/53039231854_7d11c8b8de_c.jpg?fit=799%2C533&amp;quality=70&amp;strip=all\" title=\"\"><\/p>\n<p>O presidente do Senado, Rodrigo Pacheco (PSD-MG), disse, nesta segunda-feira (21), que o relator da reforma tribut&aacute;ria no Senado, Eduardo Braga (MDB-AM), j&aacute; requisitou todas as informa&ccedil;&otilde;es relativas aos impactos das isen&ccedil;&otilde;es contidas no texto da reforma aprovado na C&acirc;mara dos Deputados sobre o Or&ccedil;amento e, igualmente, o impacto sobre a carga tribut&aacute;ria. De acordo com ele, um estudo aprofundado sobre estas informa&ccedil;&otilde;es ser&aacute; feito a partir de agora.<\/p>\n<p>&ldquo;Esse &eacute; um estudo que ser&aacute; feito a partir de agora em uma Casa que tem a maioria do Norte e do Nordeste. &Eacute; inusitado que at&eacute; nisso houve um equil&iacute;brio com a C&acirc;mara funcionando como casa iniciadora e o Senado como uma casa revisora, como as coisas devem acontecer dentro uma normalidade democr&aacute;tica, e a C&acirc;mara sendo formada na sua maioria por representantes do Sul e Sudeste sendo presidida por um deputado do Estado de Alagoas e o Senado, que tem sua maioria de senadores do Norte e Nordeste, sendo presidido por um senador do Sudeste&rdquo;, pontuou Pacheco.<\/p>\n<p>Ele participa do &ldquo;Debate Reforma Tribut&aacute;ria J&aacute;&rdquo;, que a Federa&ccedil;&atilde;o das Ind&uacute;strias do Estado de S&atilde;o Paulo (Fiesp), em parceria com o Grupo Esfera, organiza em sua sede, na capital paulista. At&eacute; h&aacute; instantes estiveram tamb&eacute;m presentes ao evento o presidente da C&acirc;mara dos Deputados, Arthur Lira (PP-AL), e o secret&aacute;rio-executivo do Minist&eacute;rio da Fazenda, Dario Durigan.<\/p>\n<p>Pacheco reiterou que o Congresso vai buscar o equil&iacute;brio entre os entes federados porque o Brasil &eacute; um s&oacute;. Para ele, o que se precisa &eacute; a integra&ccedil;&atilde;o e a concilia&ccedil;&atilde;o dos entes federativos e n&atilde;o o alijamento de qualquer regi&atilde;o ou Estado federado dentro de um contexto &eacute; muito mais amplo que interessa &agrave; sociedade brasileira.<\/p>\n<p>O presidente do Senado disse que o Brasil s&oacute; chegou a 2023 discutindo reforma tribut&aacute;ria porque o Congresso, nos &uacute;ltimos dez anos, aprovou v&aacute;rias reformas importantes, o que levou o Pa&iacute;s a in&uacute;meras conquistas. Ainda, de acordo com Pacheco, h&aacute; uma vis&atilde;o no Congresso de que h&aacute; uma d&iacute;vida com a popula&ccedil;&atilde;o brasileira, que &eacute; a reforma tribut&aacute;ria.<\/p>\n<p>Refor&ccedil;ando frase do presidente da C&acirc;mara dos Deputados, Arthur Lira, o presidente do Senado disse que o Congresso n&atilde;o pode ficar escravo do calend&aacute;rio. Mas disse esperar promulgar a PEC da reforma no final deste ano. O senador tamb&eacute;m disse ter bem claro para ele que o lit&iacute;gio de R$ 2 bilh&otilde;es ser&aacute; dirimido por uma reforma tribut&aacute;ria simplificada.<\/p>\n<p>&ldquo;Vamos identificar, em linha com a C&acirc;mara, a exatid&atilde;o do tamanho das isen&ccedil;&otilde;es. Quanto menos isen&ccedil;&otilde;es tivermos, menor ser&aacute; a al&iacute;quota <i>padr&atilde;o do IVA<\/i>&ldquo;, disse Pacheco, acrescentando que os efeitos pr&aacute;ticos da reforma dependem de medidas de pol&iacute;tica monet&aacute;ria e ser&atilde;o percebidos no longo prazo.<\/p>\n<p>O senador fez quest&atilde;o tamb&eacute;m de frisar que a reforma s&oacute; surtir&aacute; efeitos se os demais poderes da Na&ccedil;&atilde;o, Executivo e Judici&aacute;rio, respeitarem o que for aprovado pelo Congresso. &ldquo;Representamos a popula&ccedil;&atilde;o e os entes federativos. &Eacute; preciso que haja respeito entre os poderes&rdquo;, disse.<\/p>\n<p>O presidente do Senado falou dos desafios que o Congresso ter&aacute; pela frente e voltou a afirmar o que j&aacute; havia dito na sexta-feira passada, quando esteve em S&atilde;o Paulo, que o Congresso ter&aacute; de regulamentar a Intelig&ecirc;ncia Artificial.<\/p>\n<\/p>\n<div class=\"cta-end\">\n<div class=\"im-cta\" >\n<div class=\"im-shortcode-forms bg-light bg-opacity-25 border rounded-4 p-3 p-sm-4 p-md-3 p-lg-4 px-xxl-5 my-5\" data-configuration='{\"form_name\":false,\"form_hat\":\"Newsletter\",\"form_email\":true,\"form_icon\":\"newsletter\",\"form_phone\":false,\"form_campaign\":\"NIM\",\"form_thankyou\":\"\",\"form_journey\":\"APIEvent-26a5198d-8e09-06ef-5f80-cd9127757ad1\",\"form_button\":\"Quero receber\",\"form_context\":\"newsletter\",\"form_origin\":\"https:\\\/\\\/www.infomoney.com.br\\\/politica\\\/feed\\\/?utm_medium=materia&#038;utm_source=infomoney&#038;utm_campaign=NIM&#038;utm_term=politica&#038;utm_content=newsletter\",\"form_position\":\"final\",\"form_category\":\"cta_form\"}'>\n<div class=\"d-flex flex-column align-items-center align-items-lg-start mb-4 flex-lg-row\">\n<div class=\"rounded-circle mb-2 mb-lg-0 mr-lg-4 me-lg-4 p-3 p-lg-4 bg-blue-400\"><svg width=\"40\" height=\"40\" viewBox=\"0 0 40 40\" fill=\"none\" xmlns=\"http:\/\/www.w3.org\/2000\/svg\"><path d=\"M20 20.25 6.042 11.042v19.041c0 .167.048.299.146.396a.535.535 0 0 0 .395.146h15.792V32.5H6.583a2.328 2.328 0 0 1-1.708-.708 2.328 2.328 0 0 1-.708-1.709V9.917c0-.667.236-1.236.708-1.709A2.328 2.328 0 0 1 6.583 7.5h26.834c.666 0 1.236.236 1.708.708a2.33 2.33 0 0 1 .708 1.709v12.458h-1.875V11.042L20 20.25Zm0-2 13.667-8.875H6.333L20 18.25Zm11.75 18.958-1.292-1.333 3.334-3.375h-9v-1.875h9l-3.375-3.417 1.333-1.291 5.667 5.625-5.667 5.666ZM6.042 11.042v20.791-9.458.25-13.25 1.667Z\" fill=\"#fff\"\/><\/svg><\/div>\n<div class=\"flex-fill text-center text-lg-left\">\n<div class=\"h6 small text-orange-700 lh-base mb-1\">Newsletter<\/div>\n<div class=\"text-body h4 m-0\">Infomorning<\/div>\n<div class=\"text-body small lh-base mt-2\">Receba no seu e-mail logo pela manh&atilde; as not&iacute;cias que v&atilde;o mexer com os mercados, com os seus investimentos e o seu bolso durante o dia<\/div>\n<\/div>\n<\/div>\n<\/div>\n<\/div>\n<\/div>\n<p>The post <a rel=\"nofollow noopener\" href=\"https:\/\/www.infomoney.com.br\/politica\/eduardo-braga-ja-tem-informacoes-do-impacto-das-excecoes-na-reforma-tributaria-diz-pacheco\/\" target=\"_blank\">Eduardo Braga j\u00e1 tem informa\u00e7\u00f5es do impacto das exce\u00e7\u00f5es na reforma tribut\u00e1ria, diz Pacheco<\/a> appeared first on <a rel=\"nofollow noopener\" href=\"https:\/\/www.infomoney.com.br\/\" target=\"_blank\">InfoMoney<\/a>.<\/p>\n","protected":false},"excerpt":{"rendered":"<p><img loading=\"lazy\" decoding=\"async\" width=\"300\" height=\"200\" src=\"https:\/\/www.infomoney.com.br\/wp-content\/uploads\/2023\/07\/53039231854_7d11c8b8de_c.jpg?fit=300%2C200&amp;quality=70&amp;strip=all\" class=\"attachment-medium size-medium wp-post-image\" alt=\"\" data-attachment-id=\"2189309\" data-permalink=\"https:\/\/www.infomoney.com.br\/politica\/senado-tem-clima-favoravel-a-reforma-tributaria-mas-analistas-esperam-mudancas-no-texto-veja-as-principais-apostas\/attachment\/53039231854_7d11c8b8de_c\/\" data-orig-file=\"https:\/\/www.infomoney.com.br\/wp-content\/uploads\/2023\/07\/53039231854_7d11c8b8de_c.jpg?fit=799%2C533&amp;quality=70&amp;strip=all\" data-orig-size=\"799,533\" data-comments-opened=\"0\" data-image-meta='{\"aperture\":\"0\",\"credit\":\"Jefferson Rudy\\\/Ag\\u00eancia Senado\",\"camera\":\"\",\"caption\":\"\",\"created_timestamp\":\"0\",\"copyright\":\"Senado Federal do Brasil\",\"focal_length\":\"0\",\"iso\":\"0\",\"shutter_speed\":\"0\",\"title\":\"\",\"orientation\":\"0\"}' data-image-title=\"Eduardo Braga\" data-image-description=\"\" data-image-caption=\"&lt;p&gt;O senador Eduardo Braga (MDB-AM), l\u00edder do MDB no Senado Federal, concede entrevista coletiva (Foto: Jefferson Rudy\/Ag\u00eancia Senado)&lt;\/p&gt;\n\" data-medium-file=\"https:\/\/www.infomoney.com.br\/wp-content\/uploads\/2023\/07\/53039231854_7d11c8b8de_c.jpg?fit=300%2C200&amp;quality=70&amp;strip=all\" data-large-file=\"https:\/\/www.infomoney.com.br\/wp-content\/uploads\/2023\/07\/53039231854_7d11c8b8de_c.jpg?fit=799%2C533&amp;quality=70&amp;strip=all\">Presidente do Senado reiterou que o Congresso vai buscar o equil\u00edbrio entre os entes federados porque o Brasil \u00e9 um s\u00f3<\/p>\n<p>The post <a rel=\"nofollow\" href=\"https:\/\/www.infomoney.com.br\/politica\/eduardo-braga-ja-tem-informacoes-do-impacto-das-excecoes-na-reforma-tributaria-diz-pacheco\/\">Eduardo Braga j\u00e1 tem informa\u00e7\u00f5es do impacto das exce\u00e7\u00f5es na reforma tribut\u00e1ria, diz Pacheco<\/a> appeared first on <a rel=\"nofollow\" href=\"https:\/\/www.infomoney.com.br\/\">InfoMoney<\/a>.<\/p>\n","protected":false},"author":43,"featured_media":0,"comment_status":"closed","ping_status":"closed","sticky":false,"template":"","format":"standard","meta":{"advgb_blocks_editor_width":"","advgb_blocks_columns_visual_guide":"","footnotes":""},"categories":[275,276,6168,34,47,191,589,403],"tags":[35],"class_list":["post-30655","post","type-post","status-publish","format-standard","hentry","category-arthur-lira","category-camara-dos-deputados","category-eduardo-braga","category-g1","category-politica","category-reforma-tributaria","category-rodrigo-pacheco","category-senado","tag-g1"],"author_meta":{"display_name":"Estad\u00e3o Conte\u00fado","author_link":"https:\/\/sindaopcpb.org.br\/author\/estadao-conteudo\/"},"featured_img":null,"coauthors":[],"tax_additional":{"categories":{"linked":["<a href=\"https:\/\/sindaopcpb.org.br\/arthur-lira\/\" class=\"advgb-post-tax-term\">Arthur Lira<\/a>","<a href=\"https:\/\/sindaopcpb.org.br\/camara-dos-deputados\/\" class=\"advgb-post-tax-term\">C\u00e2mara dos Deputados<\/a>","<a href=\"https:\/\/sindaopcpb.org.br\/eduardo-braga\/\" class=\"advgb-post-tax-term\">Eduardo Braga<\/a>","<a href=\"https:\/\/sindaopcpb.org.br\/g1\/\" class=\"advgb-post-tax-term\">G1<\/a>","<a href=\"https:\/\/sindaopcpb.org.br\/politica\/\" class=\"advgb-post-tax-term\">POLITICA<\/a>","<a href=\"https:\/\/sindaopcpb.org.br\/reforma-tributaria\/\" class=\"advgb-post-tax-term\">reforma tribut\u00e1ria<\/a>","<a href=\"https:\/\/sindaopcpb.org.br\/rodrigo-pacheco\/\" class=\"advgb-post-tax-term\">Rodrigo Pacheco<\/a>","<a href=\"https:\/\/sindaopcpb.org.br\/senado\/\" class=\"advgb-post-tax-term\">Senado<\/a>"],"unlinked":["<span class=\"advgb-post-tax-term\">Arthur Lira<\/span>","<span class=\"advgb-post-tax-term\">C\u00e2mara dos Deputados<\/span>","<span class=\"advgb-post-tax-term\">Eduardo Braga<\/span>","<span class=\"advgb-post-tax-term\">G1<\/span>","<span class=\"advgb-post-tax-term\">POLITICA<\/span>","<span class=\"advgb-post-tax-term\">reforma tribut\u00e1ria<\/span>","<span class=\"advgb-post-tax-term\">Rodrigo Pacheco<\/span>","<span class=\"advgb-post-tax-term\">Senado<\/span>"]},"tags":{"linked":["<a href=\"https:\/\/sindaopcpb.org.br\/senado\/\" class=\"advgb-post-tax-term\">g1<\/a>"],"unlinked":["<span class=\"advgb-post-tax-term\">g1<\/span>"]}},"comment_count":"0","relative_dates":{"created":"Publicado 3 anos atr\u00e1s","modified":"Atualizado 3 anos atr\u00e1s"},"absolute_dates":{"created":"Publicado em 21 de agosto de 2023","modified":"Atualizado em 21 de agosto de 2023"},"absolute_dates_time":{"created":"Publicado em 21 de agosto de 2023 18:24","modified":"Atualizado em 21 de agosto de 2023 18:24"},"featured_img_caption":"","series_order":"","_links":{"self":[{"href":"https:\/\/sindaopcpb.org.br\/index.php\/wp-json\/wp\/v2\/posts\/30655","targetHints":{"allow":["GET"]}}],"collection":[{"href":"https:\/\/sindaopcpb.org.br\/index.php\/wp-json\/wp\/v2\/posts"}],"about":[{"href":"https:\/\/sindaopcpb.org.br\/index.php\/wp-json\/wp\/v2\/types\/post"}],"author":[{"embeddable":true,"href":"https:\/\/sindaopcpb.org.br\/index.php\/wp-json\/wp\/v2\/users\/43"}],"replies":[{"embeddable":true,"href":"https:\/\/sindaopcpb.org.br\/index.php\/wp-json\/wp\/v2\/comments?post=30655"}],"version-history":[{"count":1,"href":"https:\/\/sindaopcpb.org.br\/index.php\/wp-json\/wp\/v2\/posts\/30655\/revisions"}],"predecessor-version":[{"id":30656,"href":"https:\/\/sindaopcpb.org.br\/index.php\/wp-json\/wp\/v2\/posts\/30655\/revisions\/30656"}],"wp:attachment":[{"href":"https:\/\/sindaopcpb.org.br\/index.php\/wp-json\/wp\/v2\/media?parent=30655"}],"wp:term":[{"taxonomy":"category","embeddable":true,"href":"https:\/\/sindaopcpb.org.br\/index.php\/wp-json\/wp\/v2\/categories?post=30655"},{"taxonomy":"post_tag","embeddable":true,"href":"https:\/\/sindaopcpb.org.br\/index.php\/wp-json\/wp\/v2\/tags?post=30655"}],"curies":[{"name":"wp","href":"https:\/\/api.w.org\/{rel}","templated":true}]}}