{"id":30637,"date":"2023-08-21T17:31:30","date_gmt":"2023-08-21T20:31:30","guid":{"rendered":"https:\/\/wpa.wscom.com.br\/?p=919072"},"modified":"2023-08-21T17:31:30","modified_gmt":"2023-08-21T20:31:30","slug":"jovem-senador-estudante-de-pombal-representa-a-paraiba-no-senado-federal","status":"publish","type":"post","link":"https:\/\/sindaopcpb.org.br\/index.php\/2023\/08\/21\/jovem-senador-estudante-de-pombal-representa-a-paraiba-no-senado-federal\/","title":{"rendered":"Jovem Senador: Estudante de Pombal representa a Para\u00edba no Senado Federal"},"content":{"rendered":"<p>Em cerim\u00f4nia realizada pelo Senado Federal, nesta segunda-feira (21), 27 estudantes de todo Brasil tomaram posse como participantes da edi\u00e7\u00e3o de 2023 do programa Jovem Senador. O estado da Para\u00edba ganhou destaque com a representa\u00e7\u00e3o de Gabriel Ferreira de Matos, aluno da ECIT Monsenhor Vicente Freitas, localizada na cidade de Pombal.<\/p>\n<p>Criado pelo Senado Federal, o programa Jovem Senador tem como objetivo proporcionar aos estudantes do ensino m\u00e9dio das escolas p\u00fablicas uma experi\u00eancia pr\u00e1tica do processo legislativo brasileiro. O ingresso ao programa se d\u00e1 por meio de um concurso de reda\u00e7\u00e3o. Neste ano, o tema escolhido foi &#8220;Sa\u00fade mental nas escolas p\u00fablicas&#8221;, uma tem\u00e1tica que tem se destacado no atual cen\u00e1rio educacional e social do pa\u00eds. A reda\u00e7\u00e3o vencedora da Para\u00edba foi orientada pela professora Lucineide N\u00f3brega Almeida Fernandes.<\/p>\n<p>O estudante Gabriel, que ser\u00e1 o correspondente da Para\u00edba de 21 a 25 de agosto, destacou a import\u00e2ncia da oportunidade n\u00e3o apenas para sua trajet\u00f3ria pessoal, mas como um momento de representa\u00e7\u00e3o para toda a sua comunidade escolar, cidade e, mais amplamente, o estado da Para\u00edba. \u201cO programa \u00e9 uma oportunidade que Deus me permitiu para que eu pudesse vivenciar n\u00e3o apenas por mim mesmo, mas representando toda a minha escola, minha cidade, minha Ger\u00eancia Regional e, sobretudo, meu estado. Se eu pudesse resumir essa miss\u00e3o em uma palavra, seria gratid\u00e3o, tanto pelo apoio dos meus familiares e professores quanto pelo reconhecimento da minha habilidade de escrita\u201d, diz Gabriel.<\/p>\n<p>&nbsp;<\/p>\n<p><img decoding=\"async\" src=\"https:\/\/paraiba.pb.gov.br\/noticias\/jovem-senador-estudante-de-pombal-representa-a-paraiba-no-senado-federal\/whatsapp-image-2023-08-21-at-16-58-27.jpeg\/@@images\/dd15521e-257d-48b8-a401-fcdcbb51c767.jpeg\" alt=\"WhatsApp Image 2023-08-21 at 16.58.27.jpeg\" title=\"\"><\/p>\n<p>&nbsp;<\/p>\n<p>A semana de atividades em Bras\u00edlia permite que os jovens senadores vivenciem de perto o dia a dia do Senado. Eles ser\u00e3o incentivados a apresentar e debater propostas legislativas, que, uma vez aprovadas pelo grupo, ser\u00e3o encaminhadas para an\u00e1lise pela Comiss\u00e3o de Direitos Humanos e Legisla\u00e7\u00e3o Participativa (CDH). Caso sejam aceitas, essas propostas t\u00eam potencial para seguir oficialmente a tramita\u00e7\u00e3o no Senado Federal.<\/p>\n<p>\u201cA inclus\u00e3o de jovens, como Gabriel, em iniciativas que dialogam diretamente com o poder legislativo nacional \u00e9 fundamental. Ela n\u00e3o apenas oferece a eles uma perspectiva pr\u00e1tica sobre o funcionamento do sistema pol\u00edtico brasileiro, mas tamb\u00e9m fortalece a ideia de que a juventude pode e deve ser ouvida nas decis\u00f5es que moldam o futuro do pa\u00eds\u201d, explica Jorge Miguel Lima Oliveira, gerente da 13\u00aa Ger\u00eancia Regional de Ensino.<\/p>\n<p>Durante a posse nesta segunda-feira, os estudantes escolheram sua pr\u00f3pria Mesa Diretora para organizar seus trabalhos, em cerim\u00f4nia conduzida pelo senador Paulo Paim (PT-RS), que contou com os senadores Izalci Lucas (PSDB-DF), Nelsinho Trad (PSD-MS) e Jorge Seif (PL-SC). Os integrantes da mesa de &#8220;jovens senadores&#8221; ser\u00e3o respons\u00e1veis por coordenar as atividades, organizar debates e vota\u00e7\u00f5es, al\u00e9m de representar os demais estudantes perante as autoridades do Senado.<\/p>\n<p>Programa &#8211; Anualmente, o programa Jovem Senador seleciona estudantes de escolas p\u00fablicas estaduais e do Distrito Federal, com at\u00e9 19 anos, que est\u00e3o no ensino m\u00e9dio. Todas as despesas, como deslocamento, seguro viagem, hospedagem e alimenta\u00e7\u00e3o, s\u00e3o cobertas pelo Senado. A iniciativa busca incentivar os jovens a refletir sobre temas como pol\u00edtica e democracia, familiarizar-se com o funcionamento do Poder Legislativo e fortalecer sua conex\u00e3o com o Senado.<\/p>\n<p>O post <a rel=\"nofollow noopener\" href=\"https:\/\/wscom.com.br\/jovem-senador-estudante-de-pombal-representa-a-paraiba-no-senado-federal\/\" target=\"_blank\">Jovem Senador: Estudante de Pombal representa a Para\u00edba no Senado Federal<\/a> apareceu primeiro em <a rel=\"nofollow noopener\" href=\"https:\/\/wscom.com.br\/\" target=\"_blank\">WSCOM<\/a>.<\/p>\n","protected":false},"excerpt":{"rendered":"<p>Em cerim\u00f4nia realizada pelo Senado Federal, nesta segunda-feira (21), 27 estudantes de todo Brasil tomaram posse como participantes da edi\u00e7\u00e3o de 2023 do programa Jovem Senador. O estado da Para\u00edba ganhou destaque com a representa\u00e7\u00e3o de Gabriel Ferreira de Matos, aluno da ECIT Monsenhor Vicente Freitas, localizada na cidade de Pombal. Criado pelo Senado Federal, [\u2026]<\/p>\n<p>O post <a rel=\"nofollow\" href=\"https:\/\/wscom.com.br\/jovem-senador-estudante-de-pombal-representa-a-paraiba-no-senado-federal\/\">Jovem Senador: Estudante de Pombal representa a Para\u00edba no Senado Federal<\/a> apareceu primeiro em <a rel=\"nofollow\" href=\"https:\/\/wscom.com.br\/\">WSCOM<\/a>.<\/p>\n","protected":false},"author":49,"featured_media":0,"comment_status":"closed","ping_status":"closed","sticky":false,"template":"","format":"standard","meta":{"advgb_blocks_editor_width":"","advgb_blocks_columns_visual_guide":"","footnotes":""},"categories":[7988,7989,34,7990,7991,47],"tags":[35],"class_list":["post-30637","post","type-post","status-publish","format-standard","hentry","category-aluno-da-ecit-monsenhor-vicente-freitas","category-estudante-de-pombal","category-g1","category-gabriel-ferreira-de-matos","category-jovem-senador","category-politica","tag-g1"],"author_meta":{"display_name":"Cristiane Cavalcante","author_link":"https:\/\/sindaopcpb.org.br\/author\/cristiane-cavalcante\/"},"featured_img":null,"coauthors":[],"tax_additional":{"categories":{"linked":["<a href=\"https:\/\/sindaopcpb.org.br\/aluno-da-ecit-monsenhor-vicente-freitas\/\" class=\"advgb-post-tax-term\">aluno da ECIT Monsenhor Vicente Freitas<\/a>","<a href=\"https:\/\/sindaopcpb.org.br\/estudante-de-pombal\/\" class=\"advgb-post-tax-term\">Estudante de Pombal<\/a>","<a href=\"https:\/\/sindaopcpb.org.br\/g1\/\" class=\"advgb-post-tax-term\">G1<\/a>","<a href=\"https:\/\/sindaopcpb.org.br\/gabriel-ferreira-de-matos\/\" class=\"advgb-post-tax-term\">Gabriel Ferreira de Matos<\/a>","<a href=\"https:\/\/sindaopcpb.org.br\/jovem-senador\/\" class=\"advgb-post-tax-term\">Jovem Senador<\/a>","<a href=\"https:\/\/sindaopcpb.org.br\/politica\/\" class=\"advgb-post-tax-term\">POLITICA<\/a>"],"unlinked":["<span class=\"advgb-post-tax-term\">aluno da ECIT Monsenhor Vicente Freitas<\/span>","<span class=\"advgb-post-tax-term\">Estudante de Pombal<\/span>","<span class=\"advgb-post-tax-term\">G1<\/span>","<span class=\"advgb-post-tax-term\">Gabriel Ferreira de Matos<\/span>","<span class=\"advgb-post-tax-term\">Jovem Senador<\/span>","<span class=\"advgb-post-tax-term\">POLITICA<\/span>"]},"tags":{"linked":["<a href=\"https:\/\/sindaopcpb.org.br\/politica\/\" class=\"advgb-post-tax-term\">g1<\/a>"],"unlinked":["<span class=\"advgb-post-tax-term\">g1<\/span>"]}},"comment_count":"0","relative_dates":{"created":"Publicado 3 anos atr\u00e1s","modified":"Atualizado 3 anos atr\u00e1s"},"absolute_dates":{"created":"Publicado em 21 de agosto de 2023","modified":"Atualizado em 21 de agosto de 2023"},"absolute_dates_time":{"created":"Publicado em 21 de agosto de 2023 17:31","modified":"Atualizado em 21 de agosto de 2023 17:31"},"featured_img_caption":"","series_order":"","_links":{"self":[{"href":"https:\/\/sindaopcpb.org.br\/index.php\/wp-json\/wp\/v2\/posts\/30637","targetHints":{"allow":["GET"]}}],"collection":[{"href":"https:\/\/sindaopcpb.org.br\/index.php\/wp-json\/wp\/v2\/posts"}],"about":[{"href":"https:\/\/sindaopcpb.org.br\/index.php\/wp-json\/wp\/v2\/types\/post"}],"author":[{"embeddable":true,"href":"https:\/\/sindaopcpb.org.br\/index.php\/wp-json\/wp\/v2\/users\/49"}],"replies":[{"embeddable":true,"href":"https:\/\/sindaopcpb.org.br\/index.php\/wp-json\/wp\/v2\/comments?post=30637"}],"version-history":[{"count":1,"href":"https:\/\/sindaopcpb.org.br\/index.php\/wp-json\/wp\/v2\/posts\/30637\/revisions"}],"predecessor-version":[{"id":30638,"href":"https:\/\/sindaopcpb.org.br\/index.php\/wp-json\/wp\/v2\/posts\/30637\/revisions\/30638"}],"wp:attachment":[{"href":"https:\/\/sindaopcpb.org.br\/index.php\/wp-json\/wp\/v2\/media?parent=30637"}],"wp:term":[{"taxonomy":"category","embeddable":true,"href":"https:\/\/sindaopcpb.org.br\/index.php\/wp-json\/wp\/v2\/categories?post=30637"},{"taxonomy":"post_tag","embeddable":true,"href":"https:\/\/sindaopcpb.org.br\/index.php\/wp-json\/wp\/v2\/tags?post=30637"}],"curies":[{"name":"wp","href":"https:\/\/api.w.org\/{rel}","templated":true}]}}