{"id":30606,"date":"2023-08-21T15:04:29","date_gmt":"2023-08-21T18:04:29","guid":{"rendered":"https:\/\/wpa.wscom.com.br\/?p=919062"},"modified":"2023-08-21T15:04:29","modified_gmt":"2023-08-21T18:04:29","slug":"aguinaldo-ribeiro-reforma-tributaria-nao-quer-olhar-nem-para-direita-nem-para-esquerda-mas-para-frente","status":"publish","type":"post","link":"https:\/\/sindaopcpb.org.br\/index.php\/2023\/08\/21\/aguinaldo-ribeiro-reforma-tributaria-nao-quer-olhar-nem-para-direita-nem-para-esquerda-mas-para-frente\/","title":{"rendered":"Aguinaldo Ribeiro: \u201cReforma tribut\u00e1ria n\u00e3o quer olhar nem para direita, nem para esquerda, mas para frente\u201d"},"content":{"rendered":"<p>O deputado federal Aguinaldo Ribeiro, relator da reforma tribut\u00e1ria aprovada na C\u00e2mara dos Deputados, participou nesta segunda-feira, (21), de um debate promovido pela Funda\u00e7\u00e3o Get\u00falio Vargas (FGV), no Rio de Janeiro, sobre a moderniza\u00e7\u00e3o do sistema de impostos do pa\u00eds, e defendeu que a proposta em tramita\u00e7\u00e3o no Congresso Nacional representa os interesses do Estado Brasileiro.<\/p>\n<p>\u201cTrabalhamos para o texto aprovado representar os interesses do pa\u00eds. Essa \u00e9 uma reforma do parlamento brasileiro. Uma reforma estrutural, que n\u00e3o quer olhar nem para direita, nem para esquerda, mas para frente. Para um pa\u00eds que precisa ser mais justo, competitivo, gerador de riquezas, nos moldes de outros pa\u00edses mais avan\u00e7ados. Fazendo com que o imposto n\u00e3o seja, por exemplo, um instrumento que interfere na concorr\u00eancia das empresas\u201d, comentou Aguinaldo.<\/p>\n<p>O deputado refor\u00e7ou tamb\u00e9m sua disposi\u00e7\u00e3o em continuar contribuindo com a reforma tribut\u00e1ria, atualmente em discuss\u00e3o no Senado Federal.<\/p>\n<p>\u201cEstou confiante no trabalho do Senado, que vai mediar e aperfei\u00e7oar sobretudo a quest\u00e3o federativa. E estou \u00e0 disposi\u00e7\u00e3o para cooperar e debater tamb\u00e9m nessa fase com os parlamentares, governadores, e a sociedade em geral, para que possamos entregar um sistema mais simples, seguro e justo, ao cidad\u00e3o brasileiro\u201d, disse.<\/p>\n<p>Entre os participantes do evento estavam o Presidente do Senado Federal e do Congresso Nacional, Rodrigo Pacheco, o Governador do Estado do Rio de Janeiro, Cl\u00e1udio Castro, o Governador do Estado de Goi\u00e1s, Ronaldo Caiado, o Senador Eduardo Braga , Relator da Reforma Tribut\u00e1ria no Senado Federal.<\/p>\n<p>O post <a rel=\"nofollow noopener\" href=\"https:\/\/wscom.com.br\/aguinaldo-ribeiro-reforma-tributaria-nao-quer-olhar-nem-para-direita-nem-para-esquerda-mas-para-frente\/\" target=\"_blank\">Aguinaldo Ribeiro: \u201cReforma tribut\u00e1ria n\u00e3o quer olhar nem para direita, nem para esquerda, mas para frente\u201d<\/a> apareceu primeiro em <a rel=\"nofollow noopener\" href=\"https:\/\/wscom.com.br\/\" target=\"_blank\">WSCOM<\/a>.<\/p>\n","protected":false},"excerpt":{"rendered":"<p>O deputado federal Aguinaldo Ribeiro, relator da reforma tribut\u00e1ria aprovada na C\u00e2mara dos Deputados, participou nesta segunda-feira, (21), de um debate promovido pela Funda\u00e7\u00e3o Get\u00falio Vargas (FGV), no Rio de Janeiro, sobre a moderniza\u00e7\u00e3o do sistema de impostos do pa\u00eds, e defendeu que a proposta em tramita\u00e7\u00e3o no Congresso Nacional representa os interesses do Estado [\u2026]<\/p>\n<p>O post <a rel=\"nofollow\" href=\"https:\/\/wscom.com.br\/aguinaldo-ribeiro-reforma-tributaria-nao-quer-olhar-nem-para-direita-nem-para-esquerda-mas-para-frente\/\">Aguinaldo Ribeiro: \u201cReforma tribut\u00e1ria n\u00e3o quer olhar nem para direita, nem para esquerda, mas para frente\u201d<\/a> apareceu primeiro em <a rel=\"nofollow\" href=\"https:\/\/wscom.com.br\/\">WSCOM<\/a>.<\/p>\n","protected":false},"author":49,"featured_media":0,"comment_status":"closed","ping_status":"closed","sticky":false,"template":"","format":"standard","meta":{"advgb_blocks_editor_width":"","advgb_blocks_columns_visual_guide":"","footnotes":""},"categories":[69,7978,34,47,191],"tags":[35],"class_list":["post-30606","post","type-post","status-publish","format-standard","hentry","category-economia","category-fgv","category-g1","category-politica","category-reforma-tributaria","tag-g1"],"author_meta":{"display_name":"Cristiane Cavalcante","author_link":"https:\/\/sindaopcpb.org.br\/author\/cristiane-cavalcante\/"},"featured_img":null,"coauthors":[],"tax_additional":{"categories":{"linked":["<a href=\"https:\/\/sindaopcpb.org.br\/economia\/\" class=\"advgb-post-tax-term\">Economia<\/a>","<a href=\"https:\/\/sindaopcpb.org.br\/fgv\/\" class=\"advgb-post-tax-term\">FGV<\/a>","<a href=\"https:\/\/sindaopcpb.org.br\/g1\/\" class=\"advgb-post-tax-term\">G1<\/a>","<a href=\"https:\/\/sindaopcpb.org.br\/politica\/\" class=\"advgb-post-tax-term\">POLITICA<\/a>","<a href=\"https:\/\/sindaopcpb.org.br\/reforma-tributaria\/\" class=\"advgb-post-tax-term\">reforma tribut\u00e1ria<\/a>"],"unlinked":["<span class=\"advgb-post-tax-term\">Economia<\/span>","<span class=\"advgb-post-tax-term\">FGV<\/span>","<span class=\"advgb-post-tax-term\">G1<\/span>","<span class=\"advgb-post-tax-term\">POLITICA<\/span>","<span class=\"advgb-post-tax-term\">reforma tribut\u00e1ria<\/span>"]},"tags":{"linked":["<a href=\"https:\/\/sindaopcpb.org.br\/reforma-tributaria\/\" class=\"advgb-post-tax-term\">g1<\/a>"],"unlinked":["<span class=\"advgb-post-tax-term\">g1<\/span>"]}},"comment_count":"0","relative_dates":{"created":"Publicado 3 anos atr\u00e1s","modified":"Atualizado 3 anos atr\u00e1s"},"absolute_dates":{"created":"Publicado em 21 de agosto de 2023","modified":"Atualizado em 21 de agosto de 2023"},"absolute_dates_time":{"created":"Publicado em 21 de agosto de 2023 15:04","modified":"Atualizado em 21 de agosto de 2023 15:04"},"featured_img_caption":"","series_order":"","_links":{"self":[{"href":"https:\/\/sindaopcpb.org.br\/index.php\/wp-json\/wp\/v2\/posts\/30606","targetHints":{"allow":["GET"]}}],"collection":[{"href":"https:\/\/sindaopcpb.org.br\/index.php\/wp-json\/wp\/v2\/posts"}],"about":[{"href":"https:\/\/sindaopcpb.org.br\/index.php\/wp-json\/wp\/v2\/types\/post"}],"author":[{"embeddable":true,"href":"https:\/\/sindaopcpb.org.br\/index.php\/wp-json\/wp\/v2\/users\/49"}],"replies":[{"embeddable":true,"href":"https:\/\/sindaopcpb.org.br\/index.php\/wp-json\/wp\/v2\/comments?post=30606"}],"version-history":[{"count":1,"href":"https:\/\/sindaopcpb.org.br\/index.php\/wp-json\/wp\/v2\/posts\/30606\/revisions"}],"predecessor-version":[{"id":30607,"href":"https:\/\/sindaopcpb.org.br\/index.php\/wp-json\/wp\/v2\/posts\/30606\/revisions\/30607"}],"wp:attachment":[{"href":"https:\/\/sindaopcpb.org.br\/index.php\/wp-json\/wp\/v2\/media?parent=30606"}],"wp:term":[{"taxonomy":"category","embeddable":true,"href":"https:\/\/sindaopcpb.org.br\/index.php\/wp-json\/wp\/v2\/categories?post=30606"},{"taxonomy":"post_tag","embeddable":true,"href":"https:\/\/sindaopcpb.org.br\/index.php\/wp-json\/wp\/v2\/tags?post=30606"}],"curies":[{"name":"wp","href":"https:\/\/api.w.org\/{rel}","templated":true}]}}