{"id":30563,"date":"2023-08-21T11:47:27","date_gmt":"2023-08-21T14:47:27","guid":{"rendered":"https:\/\/wpa.wscom.com.br\/?p=919019"},"modified":"2023-08-21T11:47:27","modified_gmt":"2023-08-21T14:47:27","slug":"com-participacao-de-prefeitos-assembleia-debate-queda-de-repasses-no-fpm-em-sessao-especial","status":"publish","type":"post","link":"https:\/\/sindaopcpb.org.br\/index.php\/2023\/08\/21\/com-participacao-de-prefeitos-assembleia-debate-queda-de-repasses-no-fpm-em-sessao-especial\/","title":{"rendered":"Com participa\u00e7\u00e3o de prefeitos, Assembleia debate queda de repasses no FPM em sess\u00e3o especial"},"content":{"rendered":"<p>A Assembleia Legislativa da Para\u00edba (ALPB) realizar\u00e1, na pr\u00f3xima quarta-feira (23), \u00e0s 9h30, uma sess\u00e3o especial para debater a queda de repasse de recursos do Fundo de Participa\u00e7\u00e3o dos Munic\u00edpios (FPM). Proposta pelo presidente da Casa de Epit\u00e1cio Pessoa, Adriano Galdino, a sess\u00e3o acontecer\u00e1 na sede do Poder Legislativo, em Jo\u00e3o Pessoa.<\/p>\n<p>O objetivo \u00e9 discutir com a Federa\u00e7\u00e3o das Associa\u00e7\u00f5es de Munic\u00edpios da Para\u00edba (FAMUP) e prefeitos municipais a preocupante queda de recursos relativos ao FPM, considerando a import\u00e2ncia do Fundo para o financiamento das atividades dos munic\u00edpios paraibanos, bem como seu impacto direto nos servi\u00e7os essenciais prestados aos cidad\u00e3os do nosso ente federativo.<\/p>\n<p>O presidente Adriano Galdino estendeu o convite a todos os gestores municipais para sejam apresentadas demandas e debatidas solu\u00e7\u00f5es que possam contribuir com a melhoria da qualidade de vida dos paraibanos nos munic\u00edpios onde vivem. \u201cConto com a presen\u00e7a de todos os prefeitos e prefeitas, para que a gente possa cada vez mais, juntos com voc\u00eas, com o povo da Para\u00edba, construir uma Para\u00edba cada vez melhor e mais justa para todos\u201d, afirmou.<\/p>\n<p>O post <a rel=\"nofollow noopener\" href=\"https:\/\/wscom.com.br\/com-participacao-de-prefeitos-assembleia-debate-queda\/\" target=\"_blank\">Com participa\u00e7\u00e3o de prefeitos, Assembleia debate queda de repasses no FPM em sess\u00e3o especial<\/a> apareceu primeiro em <a rel=\"nofollow noopener\" href=\"https:\/\/wscom.com.br\/\" target=\"_blank\">WSCOM<\/a>.<\/p>\n","protected":false},"excerpt":{"rendered":"<p>A Assembleia Legislativa da Para\u00edba (ALPB) realizar\u00e1, na pr\u00f3xima quarta-feira (23), \u00e0s 9h30, uma sess\u00e3o especial para debater a queda de repasse de recursos do Fundo de Participa\u00e7\u00e3o dos Munic\u00edpios (FPM). Proposta pelo presidente da Casa de Epit\u00e1cio Pessoa, Adriano Galdino, a sess\u00e3o acontecer\u00e1 na sede do Poder Legislativo, em Jo\u00e3o Pessoa. O objetivo \u00e9 [\u2026]<\/p>\n<p>O post <a rel=\"nofollow\" href=\"https:\/\/wscom.com.br\/com-participacao-de-prefeitos-assembleia-debate-queda\/\">Com participa\u00e7\u00e3o de prefeitos, Assembleia debate queda de repasses no FPM em sess\u00e3o especial<\/a> apareceu primeiro em <a rel=\"nofollow\" href=\"https:\/\/wscom.com.br\/\">WSCOM<\/a>.<\/p>\n","protected":false},"author":50,"featured_media":0,"comment_status":"closed","ping_status":"closed","sticky":false,"template":"","format":"standard","meta":{"advgb_blocks_editor_width":"","advgb_blocks_columns_visual_guide":"","footnotes":""},"categories":[546,1743,34,47],"tags":[35],"class_list":["post-30563","post","type-post","status-publish","format-standard","hentry","category-alpb","category-fpm","category-g1","category-politica","tag-g1"],"author_meta":{"display_name":"Wallyson","author_link":"https:\/\/sindaopcpb.org.br\/author\/wallyson\/"},"featured_img":null,"coauthors":[],"tax_additional":{"categories":{"linked":["<a href=\"https:\/\/sindaopcpb.org.br\/alpb\/\" class=\"advgb-post-tax-term\">ALPB<\/a>","<a href=\"https:\/\/sindaopcpb.org.br\/fpm\/\" class=\"advgb-post-tax-term\">fpm<\/a>","<a href=\"https:\/\/sindaopcpb.org.br\/g1\/\" class=\"advgb-post-tax-term\">G1<\/a>","<a href=\"https:\/\/sindaopcpb.org.br\/politica\/\" class=\"advgb-post-tax-term\">POLITICA<\/a>"],"unlinked":["<span class=\"advgb-post-tax-term\">ALPB<\/span>","<span class=\"advgb-post-tax-term\">fpm<\/span>","<span class=\"advgb-post-tax-term\">G1<\/span>","<span class=\"advgb-post-tax-term\">POLITICA<\/span>"]},"tags":{"linked":["<a href=\"https:\/\/sindaopcpb.org.br\/politica\/\" class=\"advgb-post-tax-term\">g1<\/a>"],"unlinked":["<span class=\"advgb-post-tax-term\">g1<\/span>"]}},"comment_count":"0","relative_dates":{"created":"Publicado 3 anos atr\u00e1s","modified":"Atualizado 3 anos atr\u00e1s"},"absolute_dates":{"created":"Publicado em 21 de agosto de 2023","modified":"Atualizado em 21 de agosto de 2023"},"absolute_dates_time":{"created":"Publicado em 21 de agosto de 2023 11:47","modified":"Atualizado em 21 de agosto de 2023 11:47"},"featured_img_caption":"","series_order":"","_links":{"self":[{"href":"https:\/\/sindaopcpb.org.br\/index.php\/wp-json\/wp\/v2\/posts\/30563","targetHints":{"allow":["GET"]}}],"collection":[{"href":"https:\/\/sindaopcpb.org.br\/index.php\/wp-json\/wp\/v2\/posts"}],"about":[{"href":"https:\/\/sindaopcpb.org.br\/index.php\/wp-json\/wp\/v2\/types\/post"}],"author":[{"embeddable":true,"href":"https:\/\/sindaopcpb.org.br\/index.php\/wp-json\/wp\/v2\/users\/50"}],"replies":[{"embeddable":true,"href":"https:\/\/sindaopcpb.org.br\/index.php\/wp-json\/wp\/v2\/comments?post=30563"}],"version-history":[{"count":1,"href":"https:\/\/sindaopcpb.org.br\/index.php\/wp-json\/wp\/v2\/posts\/30563\/revisions"}],"predecessor-version":[{"id":30564,"href":"https:\/\/sindaopcpb.org.br\/index.php\/wp-json\/wp\/v2\/posts\/30563\/revisions\/30564"}],"wp:attachment":[{"href":"https:\/\/sindaopcpb.org.br\/index.php\/wp-json\/wp\/v2\/media?parent=30563"}],"wp:term":[{"taxonomy":"category","embeddable":true,"href":"https:\/\/sindaopcpb.org.br\/index.php\/wp-json\/wp\/v2\/categories?post=30563"},{"taxonomy":"post_tag","embeddable":true,"href":"https:\/\/sindaopcpb.org.br\/index.php\/wp-json\/wp\/v2\/tags?post=30563"}],"curies":[{"name":"wp","href":"https:\/\/api.w.org\/{rel}","templated":true}]}}