{"id":30491,"date":"2023-08-21T07:12:09","date_gmt":"2023-08-21T10:12:09","guid":{"rendered":"https:\/\/g1.globo.com\/pb\/paraiba\/noticia\/2023\/08\/21\/rota-cultural-caminhos-do-frio-2023-chega-em-bananeiras-pb-nesta-segunda-21.ghtml"},"modified":"2023-08-21T07:12:09","modified_gmt":"2023-08-21T10:12:09","slug":"rota-cultural-caminhos-do-frio-2023-chega-em-bananeiras-pb-nesta-segunda-21","status":"publish","type":"post","link":"https:\/\/sindaopcpb.org.br\/index.php\/2023\/08\/21\/rota-cultural-caminhos-do-frio-2023-chega-em-bananeiras-pb-nesta-segunda-21\/","title":{"rendered":"Rota Cultural Caminhos do Frio 2023 chega em Bananeiras, PB, nesta segunda (21)"},"content":{"rendered":"   <img src=\"https:\/\/s2.glbimg.com\/3F9K9cbaWALLVj186UJknfDPTzU=\/i.s3.glbimg.com\/v1\/AUTH_59edd422c0c84a879bd37670ae4f538a\/internal_photos\/bs\/2022\/5\/v\/bv4yLqQ8uyYhFaALRdGQ\/bananeiras-divulgacao.jpg\" \/><br \/>     Evento deve passar por 10 munic\u00edpios da regi\u00e3o do Brejo da Para\u00edba at\u00e9 o m\u00eas de setembro. Bananeiras, PB, recebe o Caminhos do Frio a partir desta segunda-feira (21)\nDivulga\u00e7\u00e3o\nA cidade de Bananeiras, no Brejo paraibano, recebe a partir desta segunda-feira (21) a Rota Cultural Caminhos do Frio 2023. O evento deve passar por 10 munic\u00edpios da regi\u00e3o do Brejo da Para\u00edba at\u00e9 o m\u00eas de setembro.\nVeja a programa\u00e7\u00e3o com todas as atividades\nConfira o Guia Qual \u00e9 a Boa\nCom temperaturas amenas, os munic\u00edpios do Brejo paraibano esperam receber muitos turistas ao longo do Caminhos do Frio. De acordo com a organiza\u00e7\u00e3o da rota cultural, as cidades que fazem parte da iniciativa v\u00e3o ofertar programa\u00e7\u00e3o musical, de  artes c\u00eanicas, gastronomia, trilhas e experi\u00eancias nos engenhos. \nA rota cultural j\u00e1 passou por Areia, Pil\u00f5es, Matinhas, Sol\u00e2nea, Serraria, Borborema e  Rem\u00edgio, e tamb\u00e9m tem programa\u00e7\u00e3o em Bananeiras, Alagoa Grande e Alagoa Nova. Entre as atra\u00e7\u00f5es confirmadas, est\u00e3o o cantor Oswaldo Montenegro e o escritor Br\u00e1ulio Bessa.\nEm Bananeiras, oitava cidade da receber o Caminhos do Frio 2023, a programa\u00e7\u00e3o conta com apresenta\u00e7\u00e3o de cord\u00e9is, dan\u00e7a popular, palestras e v\u00e1rias atra\u00e7\u00f5es musicais, como Kevin Ndjana e Juz\u00e9 (confira a programa\u00e7\u00e3o abaixo).\nKevin Ndjana \u00e9 uma das atra\u00e7\u00f5es do Caminhos do Frio em Bananeiras, PB\nDiogo Almeida\/G1\nPrograma\u00e7\u00e3o de shows do Caminhos do Frio em Bananeiras\n21 de agosto (segunda-feira):\n19h - Pavilh\u00e3o Central \nApresenta\u00e7\u00e3o Tambores da Serra\nQuinteto Uirapuru\nCia Municipal de Dan\u00e7a de Jo\u00e3o Pessoa\nCordel com Lima Filho\nApresenta\u00e7\u00e3o Banda de M\u00fasica Dona Gis\u00e9lia\nApresenta\u00e7\u00e3o de Cordel Grupo Explos\u00e3o Bans\nJuz\u00e9 e Banda\n22 de agosto (ter\u00e7a-feira): \n16h - Pavilh\u00e3o Central \nEspet\u00e1culo Fascinart (Centro Cultural - 14h \u00e0s 16h)\nOficina de Cordel Personalizado \n23 de agosto (quarta-feira):\n17h - Pavilh\u00e3o Central \nPalestras Matrizes Agr\u00e1rias no Pensamento Social Brasileiro Prof. Cauby Dantas (Centro Cultural - 9h)\nBanda de M\u00fasica de Areia\nBanda de M\u00fasica Dona Gis\u00e9lia de Bananeiras\nBanda de M\u00fasica de Sol\u00e2nea\nGrupo Ideologia\nCaf\u00e9 Agroecol\u00f3gico - Prof. Alexandre Eduardo\n24 de agosto (quinta-feira):\n17h - Pavilh\u00e3o Central \nGrupo Camuc\u00e1 (Escola Em\u00edlia de Oliveira Neves - 14h)\nGrupo Musical Quadrilha\nTeatro de Babau\nApresenta\u00e7\u00e3o Oliveira de Panelas\n25 de agosto (sexta-feira):\n10h - Espa\u00e7o Cultural\nPalestra A Import\u00e2ncia do Sol nas Nossas Vidas\n20h - Pavilh\u00e3o Central \nKevin Ndjana\nVintage Glove\nTinho e Banda\n26 de agosto (s\u00e1bado):\n17h - Igreja Matriz\nCoral do Unip\u00ea\n20h - Pavilh\u00e3o Central\nPagode do Braz\nVictor Brizeno\nKelson Kiss\nV\u00eddeos mais assistidos do g1 Para\u00edba  ","protected":false},"excerpt":{"rendered":"<p>        Evento deve passar por 10 munic\u00edpios da regi\u00e3o do Brejo da Para\u00edba at\u00e9 o m\u00eas de setembro. Bananeiras, PB, recebe o Caminhos do Frio a partir desta segunda-feira (21)<br \/>\nDivulga\u00e7\u00e3o<br \/>\nA cidade de Bananeiras, no Brejo paraibano, recebe a partir desta s&#8230;<\/p>\n","protected":false},"author":2,"featured_media":0,"comment_status":"closed","ping_status":"closed","sticky":false,"template":"","format":"standard","meta":{"advgb_blocks_editor_width":"","advgb_blocks_columns_visual_guide":"","footnotes":""},"categories":[34],"tags":[35],"class_list":["post-30491","post","type-post","status-publish","format-standard","hentry","category-g1","tag-g1"],"author_meta":{"display_name":"g1 &gt; Para\u00edba","author_link":"https:\/\/sindaopcpb.org.br\/author\/g1-paraiba\/"},"featured_img":null,"coauthors":[],"tax_additional":{"categories":{"linked":["<a href=\"https:\/\/sindaopcpb.org.br\/g1\/\" class=\"advgb-post-tax-term\">G1<\/a>"],"unlinked":["<span class=\"advgb-post-tax-term\">G1<\/span>"]},"tags":{"linked":["<a href=\"https:\/\/sindaopcpb.org.br\/g1\/\" class=\"advgb-post-tax-term\">g1<\/a>"],"unlinked":["<span class=\"advgb-post-tax-term\">g1<\/span>"]}},"comment_count":"0","relative_dates":{"created":"Publicado 3 anos atr\u00e1s","modified":"Atualizado 3 anos atr\u00e1s"},"absolute_dates":{"created":"Publicado em 21 de agosto de 2023","modified":"Atualizado em 21 de agosto de 2023"},"absolute_dates_time":{"created":"Publicado em 21 de agosto de 2023 07:12","modified":"Atualizado em 21 de agosto de 2023 07:12"},"featured_img_caption":"","series_order":"","_links":{"self":[{"href":"https:\/\/sindaopcpb.org.br\/index.php\/wp-json\/wp\/v2\/posts\/30491","targetHints":{"allow":["GET"]}}],"collection":[{"href":"https:\/\/sindaopcpb.org.br\/index.php\/wp-json\/wp\/v2\/posts"}],"about":[{"href":"https:\/\/sindaopcpb.org.br\/index.php\/wp-json\/wp\/v2\/types\/post"}],"author":[{"embeddable":true,"href":"https:\/\/sindaopcpb.org.br\/index.php\/wp-json\/wp\/v2\/users\/2"}],"replies":[{"embeddable":true,"href":"https:\/\/sindaopcpb.org.br\/index.php\/wp-json\/wp\/v2\/comments?post=30491"}],"version-history":[{"count":1,"href":"https:\/\/sindaopcpb.org.br\/index.php\/wp-json\/wp\/v2\/posts\/30491\/revisions"}],"predecessor-version":[{"id":30492,"href":"https:\/\/sindaopcpb.org.br\/index.php\/wp-json\/wp\/v2\/posts\/30491\/revisions\/30492"}],"wp:attachment":[{"href":"https:\/\/sindaopcpb.org.br\/index.php\/wp-json\/wp\/v2\/media?parent=30491"}],"wp:term":[{"taxonomy":"category","embeddable":true,"href":"https:\/\/sindaopcpb.org.br\/index.php\/wp-json\/wp\/v2\/categories?post=30491"},{"taxonomy":"post_tag","embeddable":true,"href":"https:\/\/sindaopcpb.org.br\/index.php\/wp-json\/wp\/v2\/tags?post=30491"}],"curies":[{"name":"wp","href":"https:\/\/api.w.org\/{rel}","templated":true}]}}