{"id":30481,"date":"2023-08-20T16:44:42","date_gmt":"2023-08-20T19:44:42","guid":{"rendered":"https:\/\/wpa.wscom.com.br\/?p=918872"},"modified":"2023-08-20T16:44:42","modified_gmt":"2023-08-20T19:44:42","slug":"video-veiculo-capota-cai-em-barranco-e-deixa-uma-mulher-morta-e-duas-pessoas-feridas-na-grande-joao-pessoa","status":"publish","type":"post","link":"https:\/\/sindaopcpb.org.br\/index.php\/2023\/08\/20\/video-veiculo-capota-cai-em-barranco-e-deixa-uma-mulher-morta-e-duas-pessoas-feridas-na-grande-joao-pessoa\/","title":{"rendered":"[V\u00cdDEO] Ve\u00edculo capota, cai em barranco e deixa uma mulher morta e duas pessoas feridas na Grande Jo\u00e3o Pessoa"},"content":{"rendered":"<div class=\"flex-1 overflow-hidden\">\n<div class=\"react-scroll-to-bottom--css-yicws-79elbk h-full dark:bg-gray-800\">\n<div class=\"react-scroll-to-bottom--css-yicws-1n7m0yu\">\n<div class=\"flex flex-col text-sm dark:bg-gray-800\">\n<div class=\"group w-full text-token-text-primary border-b border-black\/10 dark:border-gray-900\/50 bg-gray-50 dark:bg-[#444654]\">\n<div class=\"flex p-4 gap-4 text-base md:gap-6 md:max-w-2xl lg:max-w-[38rem] xl:max-w-3xl md:py-6 lg:px-0 m-auto\">\n<div class=\"relative flex w-[calc(100%-50px)] flex-col gap-1 md:gap-3 lg:w-[calc(100%-115px)]\">\n<div class=\"flex flex-grow flex-col gap-3\">\n<div class=\"min-h-[20px] flex flex-col items-start gap-3 overflow-x-auto whitespace-pre-wrap break-words\">\n<div class=\"markdown prose w-full break-words dark:prose-invert light\">\n<p>Uma mulher morreu e outras duas pessoas ficaram feridas, sendo uma delas uma crian\u00e7a, em decorr\u00eancia do capotamento do ve\u00edculo em que estavam no viaduto de V\u00e1rzea Nova. O acidente ocorreu na tarde deste domingo (20), no km 35,8 da BR-230, na regi\u00e3o de Santa Rita, pr\u00f3ximo ao Hospital Metropolitano, na Grande Jo\u00e3o Pessoa.<\/p>\n<p>Segundo informa\u00e7\u00f5es da Pol\u00edcia Rodovi\u00e1ria Federal (PRF), os ocupantes do ve\u00edculo do tipo caminhonete foram resgatados por pessoas que estavam passando pelo local, sendo que uma delas ficou presa nas ferragens. A v\u00edtima era uma mulher, que n\u00e3o resistiu aos ferimentos e faleceu no local.<\/p>\n<p>J\u00e1 a passageira que sobreviveu foi levada ao Hospital de Trauma de Jo\u00e3o Pessoa em estado de sa\u00fade grave e precisou ser intubada.\u00a0A crian\u00e7a que tamb\u00e9m estava no autom\u00f3vel n\u00e3o se feriu, pois viajava usando cadeirinha.<\/p>\n<p>O acidente n\u00e3o envolveu outros ve\u00edculos. O carro em que as v\u00edtimas estavam quebrou a mureta do viaduto e caiu, ficando de cabe\u00e7a para baixo no acostamento da via.<\/p>\n<p>Equipes da Pol\u00edcia Rodovi\u00e1ria Federal (PRF), Servi\u00e7o de Atendimento M\u00f3vel de Urg\u00eancia (Samu) e Corpo de Bombeiros foram enviadas para o local.<\/p>\n<p>&nbsp;<\/p>\n<div style=\"width: 600px;\" class=\"wp-video\"><!--[if lt IE 9]><script>document.createElement('video');<\/script><![endif]--><br \/>\n<video class=\"wp-video-shortcode\" id=\"video-918872-1\" width=\"600\" height=\"340\" preload=\"metadata\" controls=\"controls\"><source type=\"video\/mp4\" src=\"https:\/\/wpa.wscom.com.br\/wp-content\/uploads\/2023\/08\/WhatsApp-Video-2023-08-20-at-16.17.28.mp4?_=1\" \/><a href=\"https:\/\/wpa.wscom.com.br\/wp-content\/uploads\/2023\/08\/WhatsApp-Video-2023-08-20-at-16.17.28.mp4\" rel=\"nofollow noopener\" target=\"_blank\">https:\/\/wpa.wscom.com.br\/wp-content\/uploads\/2023\/08\/WhatsApp-Video-2023-08-20-at-16.17.28.mp4<\/a><\/video><\/div>\n<\/div>\n<\/div>\n<\/div>\n<\/div>\n<\/div>\n<\/div>\n<\/div>\n<\/div>\n<\/div>\n<\/div>\n<p>O post <a rel=\"nofollow noopener\" href=\"https:\/\/wscom.com.br\/video-veiculo-capota-cai-em-barranco-e-deixa-uma-mulher-morta-e-duas-pessoas-feridas-na-grande-joao-pessoa\/\" target=\"_blank\">[V\u00cdDEO] Ve\u00edculo capota, cai em barranco e deixa uma mulher morta e duas pessoas feridas na Grande Jo\u00e3o Pessoa<\/a> apareceu primeiro em <a rel=\"nofollow noopener\" href=\"https:\/\/wscom.com.br\/\" target=\"_blank\">WSCOM<\/a>.<\/p>\n","protected":false},"excerpt":{"rendered":"<p>Uma mulher morreu e outras duas pessoas ficaram feridas, sendo uma delas uma crian\u00e7a, em decorr\u00eancia do capotamento do ve\u00edculo em que estavam no viaduto de V\u00e1rzea Nova. O acidente ocorreu na tarde deste domingo (20), no km 35,8 da BR-230, na regi\u00e3o de Santa Rita, pr\u00f3ximo ao Hospital Metropolitano, na Grande Jo\u00e3o Pessoa. Segundo [\u2026]<\/p>\n<p>O post <a rel=\"nofollow\" href=\"https:\/\/wscom.com.br\/video-veiculo-capota-cai-em-barranco-e-deixa-uma-mulher-morta-e-duas-pessoas-feridas-na-grande-joao-pessoa\/\">[V\u00cdDEO] Ve\u00edculo capota, cai em barranco e deixa uma mulher morta e duas pessoas feridas na Grande Jo\u00e3o Pessoa<\/a> apareceu primeiro em <a rel=\"nofollow\" href=\"https:\/\/wscom.com.br\/\">WSCOM<\/a>.<\/p>\n","protected":false},"author":49,"featured_media":0,"comment_status":"closed","ping_status":"closed","sticky":false,"template":"","format":"standard","meta":{"advgb_blocks_editor_width":"","advgb_blocks_columns_visual_guide":"","footnotes":""},"categories":[7960,34,767,7961,66,384],"tags":[35],"class_list":["post-30481","post","type-post","status-publish","format-standard","hentry","category-capotamento","category-g1","category-grande-joao-pessoa","category-mulher-morta","category-policial","category-santa-rita","tag-g1"],"author_meta":{"display_name":"Cristiane Cavalcante","author_link":"https:\/\/sindaopcpb.org.br\/author\/cristiane-cavalcante\/"},"featured_img":null,"coauthors":[],"tax_additional":{"categories":{"linked":["<a href=\"https:\/\/sindaopcpb.org.br\/capotamento\/\" class=\"advgb-post-tax-term\">Capotamento<\/a>","<a href=\"https:\/\/sindaopcpb.org.br\/g1\/\" class=\"advgb-post-tax-term\">G1<\/a>","<a href=\"https:\/\/sindaopcpb.org.br\/grande-joao-pessoa\/\" class=\"advgb-post-tax-term\">grande joao pessoa<\/a>","<a href=\"https:\/\/sindaopcpb.org.br\/mulher-morta\/\" class=\"advgb-post-tax-term\">mulher morta<\/a>","<a href=\"https:\/\/sindaopcpb.org.br\/policial\/\" class=\"advgb-post-tax-term\">Policial<\/a>","<a href=\"https:\/\/sindaopcpb.org.br\/santa-rita\/\" class=\"advgb-post-tax-term\">santa rita<\/a>"],"unlinked":["<span class=\"advgb-post-tax-term\">Capotamento<\/span>","<span class=\"advgb-post-tax-term\">G1<\/span>","<span class=\"advgb-post-tax-term\">grande joao pessoa<\/span>","<span class=\"advgb-post-tax-term\">mulher morta<\/span>","<span class=\"advgb-post-tax-term\">Policial<\/span>","<span class=\"advgb-post-tax-term\">santa rita<\/span>"]},"tags":{"linked":["<a href=\"https:\/\/sindaopcpb.org.br\/santa-rita\/\" class=\"advgb-post-tax-term\">g1<\/a>"],"unlinked":["<span class=\"advgb-post-tax-term\">g1<\/span>"]}},"comment_count":"0","relative_dates":{"created":"Publicado 3 anos atr\u00e1s","modified":"Atualizado 3 anos atr\u00e1s"},"absolute_dates":{"created":"Publicado em 20 de agosto de 2023","modified":"Atualizado em 20 de agosto de 2023"},"absolute_dates_time":{"created":"Publicado em 20 de agosto de 2023 16:44","modified":"Atualizado em 20 de agosto de 2023 16:44"},"featured_img_caption":"","series_order":"","_links":{"self":[{"href":"https:\/\/sindaopcpb.org.br\/index.php\/wp-json\/wp\/v2\/posts\/30481","targetHints":{"allow":["GET"]}}],"collection":[{"href":"https:\/\/sindaopcpb.org.br\/index.php\/wp-json\/wp\/v2\/posts"}],"about":[{"href":"https:\/\/sindaopcpb.org.br\/index.php\/wp-json\/wp\/v2\/types\/post"}],"author":[{"embeddable":true,"href":"https:\/\/sindaopcpb.org.br\/index.php\/wp-json\/wp\/v2\/users\/49"}],"replies":[{"embeddable":true,"href":"https:\/\/sindaopcpb.org.br\/index.php\/wp-json\/wp\/v2\/comments?post=30481"}],"version-history":[{"count":1,"href":"https:\/\/sindaopcpb.org.br\/index.php\/wp-json\/wp\/v2\/posts\/30481\/revisions"}],"predecessor-version":[{"id":30482,"href":"https:\/\/sindaopcpb.org.br\/index.php\/wp-json\/wp\/v2\/posts\/30481\/revisions\/30482"}],"wp:attachment":[{"href":"https:\/\/sindaopcpb.org.br\/index.php\/wp-json\/wp\/v2\/media?parent=30481"}],"wp:term":[{"taxonomy":"category","embeddable":true,"href":"https:\/\/sindaopcpb.org.br\/index.php\/wp-json\/wp\/v2\/categories?post=30481"},{"taxonomy":"post_tag","embeddable":true,"href":"https:\/\/sindaopcpb.org.br\/index.php\/wp-json\/wp\/v2\/tags?post=30481"}],"curies":[{"name":"wp","href":"https:\/\/api.w.org\/{rel}","templated":true}]}}